{"id":46540,"date":"2024-09-27T20:10:00","date_gmt":"2024-09-27T23:10:00","guid":{"rendered":"https:\/\/radiorevelacionfm.cl\/?p=46540"},"modified":"2024-09-27T20:10:00","modified_gmt":"2024-09-27T23:10:00","slug":"en-puerto-aysen-avanza-el-reciclaje-industrial-efectuando-un-nuevo-envio-de-materiales-por-sobre-las-60-toneladas","status":"publish","type":"post","link":"https:\/\/radiorevelacionfm.cl\/?p=46540","title":{"rendered":"En Puerto Ays\u00e9n avanza el reciclaje industrial efectuando un nuevo env\u00edo de materiales por sobre las 60 toneladas"},"content":{"rendered":"<div class=\"flex_column av_one_full  flex_column_div av-zero-column-padding first  avia-builder-el-0  el_before_av_one_full  avia-builder-el-first  \" style='border-radius:0px; '><div  class='avia-image-container  av-styling-    avia-builder-el-1  avia-builder-el-no-sibling  avia-align-center '  itemprop=\"image\" itemscope=\"itemscope\" itemtype=\"https:\/\/schema.org\/ImageObject\"  ><div class='avia-image-container-inner'><div class='avia-image-overlay-wrap'><img decoding=\"async\" class='wp-image-46541 avia-img-lazy-loading-not-46541 avia_image' src=\"https:\/\/radiorevelacionfm.cl\/wp-content\/uploads\/2024\/09\/img-despacho-plastico1-1_optimized.jpeg\" alt='' title='img-despacho-plastico1-(1)_optimized' height=\"600\" width=\"800\"  itemprop=\"thumbnailUrl\" srcset=\"https:\/\/radiorevelacionfm.cl\/wp-content\/uploads\/2024\/09\/img-despacho-plastico1-1_optimized.jpeg 800w, https:\/\/radiorevelacionfm.cl\/wp-content\/uploads\/2024\/09\/img-despacho-plastico1-1_optimized-300x225.jpeg 300w, https:\/\/radiorevelacionfm.cl\/wp-content\/uploads\/2024\/09\/img-despacho-plastico1-1_optimized-768x576.jpeg 768w, https:\/\/radiorevelacionfm.cl\/wp-content\/uploads\/2024\/09\/img-despacho-plastico1-1_optimized-705x529.jpeg 705w, https:\/\/radiorevelacionfm.cl\/wp-content\/uploads\/2024\/09\/img-despacho-plastico1-1_optimized-450x338.jpeg 450w, https:\/\/radiorevelacionfm.cl\/wp-content\/uploads\/2024\/09\/img-despacho-plastico1-1_optimized-600x450.jpeg 600w\" sizes=\"(max-width: 800px) 100vw, 800px\" \/><\/div><\/div><\/div><\/div><div class=\"flex_column av_one_full  flex_column_div av-zero-column-padding first  avia-builder-el-2  el_after_av_one_full  el_before_av_one_full  column-top-margin\" style='border-radius:0px; '><section class=\"av_textblock_section \"  itemscope=\"itemscope\" itemtype=\"https:\/\/schema.org\/BlogPosting\" itemprop=\"blogPost\" ><div class='avia_textblock  '   itemprop=\"text\" ><p style=\"text-align: center;\"><strong><span style=\"font-size: 18pt;\">En Puerto Ays\u00e9n avanza el reciclaje industrial efectuando un nuevo env\u00edo de materiales por sobre las 60 toneladas <\/span><\/strong><\/p>\n<div id=\"gtx-trans\" style=\"position: absolute; left: -50px; top: 4.31534px;\">\n<div class=\"gtx-trans-icon\"><\/div>\n<\/div>\n<\/div><\/section><\/div><div class=\"flex_column av_one_full  flex_column_div av-zero-column-padding first  avia-builder-el-4  el_after_av_one_full  el_before_av_hr  column-top-margin\" style='border-radius:0px; '><section class=\"av_textblock_section \"  itemscope=\"itemscope\" itemtype=\"https:\/\/schema.org\/BlogPosting\" itemprop=\"blogPost\" ><div class='avia_textblock  '   itemprop=\"text\" ><p style=\"text-align: justify;\"><em>Esta acci\u00f3n consolida un a\u00f1o de cambios en favor del ambiente en la ciudad porte\u00f1a.<\/em><\/p>\n<p style=\"text-align: justify;\">Tras una ardua labor de sus trabajadores Empresas Bahamonde, comprometida con la sostenibilidad y el cuidado del medio ambiente en la regi\u00f3n de Ays\u00e9n, ha realizado un nuevo env\u00edo de materiales para el reciclaje, superando en esta oportunidad las 60 toneladas. Esta acci\u00f3n se enmarca en la estrategia de la empresa para contribuir a la construcci\u00f3n de un \u00abAys\u00e9n de futuro\u00bb m\u00e1s limpio y sustentable. Cabe se\u00f1alar que los residuos despachados principalmente provienen del mundo acu\u00edcola.<\/p>\n<p style=\"text-align: justify;\">Al respecto, Diego D\u00edaz C\u00e1rcamo, jefe de proyectos de Empresas Bahamonde, destac\u00f3 el compromiso de la instituci\u00f3n con el medio ambiente y la preservaci\u00f3n de las costas de la regi\u00f3n, \u00abpensando en otras actividades productivas como el turismo\u00bb.<\/p>\n<p style=\"text-align: justify;\">\u00abLlevamos m\u00e1s de un a\u00f1o generando cambios sustanciales en el manejo de los residuos industriales y domiciliarios a trav\u00e9s de nuestra planta de reciclaje\u00bb, explic\u00f3 D\u00edaz. \u00abEstamos muy contentos de anunciar que durante este mes hemos enviado m\u00e1s de 60 toneladas de material a distintos valorizadores\u00bb.<\/p>\n<p style=\"text-align: justify;\">Adem\u00e1s, Empresas Bahamonde agradeci\u00f3 a quienes han confiado en su trabajo y reafirm\u00f3 su compromiso con la preservaci\u00f3n del patrimonio natural de la regi\u00f3n valorizado principalmente en las costas m\u00e1s lindas de Chile.<\/p>\n<p style=\"text-align: justify;\"><strong>Sobre el trabajo que se realiza en la Patagonia <\/strong><\/p>\n<p style=\"text-align: justify;\"><strong>\u00a0<\/strong>El foco de la compa\u00f1\u00eda local est\u00e1 en el pl\u00e1stico proveniente de la industria salmonera (boyas, plumavit, tuber\u00edas HDPE, otros.), transform\u00e1ndolo en nueva materia prima. La planta ubicada en 4 km del camino que une Puerto Ays\u00e9n con Puerto Chacabuco permite reducir la huella de carbono para el procesamiento del material. Adem\u00e1s, otorga trabajo a personas de la zona.<\/p>\n<p style=\"text-align: justify;\">Empresas Bahamonde tambi\u00e9n lidera un plan pionero de reciclaje a gran escala en el \u00e1mbito domiciliario. En la actualidad, ocho escuelas, tres juntas de vecinos y las municipalidades de Ays\u00e9n, Lago Verde y Cisnes forman parte de esta iniciativa, colaborando en la recolecci\u00f3n diferenciada de materiales como PET, cart\u00f3n, latas y vidrio.<\/p>\n<p style=\"text-align: justify;\">Con este nuevo env\u00edo de materiales para reciclaje, Empresas Bahamonde consolida su posici\u00f3n como un actor clave en la regi\u00f3n y se alista a un nuevo cap\u00edtulo fortalecido por la econom\u00eda circular y la sostenibilidad.<\/p>\n<\/div><\/section><\/div><div  style='height:50px' class='hr hr-invisible   avia-builder-el-6  el_after_av_one_full  el_before_av_social_share '><span class='hr-inner ' ><span class='hr-inner-style'><\/span><\/span><\/div><\/p>\n<div  class='av-social-sharing-box  avia-builder-el-7  el_after_av_hr  el_before_av_hr  '><div class='av-share-box'><h5 class='av-share-link-description av-no-toc '>Compartir esta noticia<\/h5><ul class='av-share-box-list noLightbox'><li class='av-share-link av-social-link-facebook' ><a target=\"_blank\" aria-label=\"Compartir en Facebook\" href='https:\/\/www.facebook.com\/sharer.php?u=https:\/\/radiorevelacionfm.cl\/?p=46540&#038;t=En%20Puerto%20Ays%C3%A9n%20avanza%20el%20reciclaje%20industrial%20efectuando%20un%20nuevo%20env%C3%ADo%20de%20materiales%20por%20sobre%20las%2060%20toneladas' aria-hidden='false' data-av_icon='\ue8f3' data-av_iconfont='entypo-fontello' title='' data-avia-related-tooltip='Compartir en Facebook' rel=\"noopener\"><span class='avia_hidden_link_text'>Compartir en Facebook<\/span><\/a><\/li><li class='av-share-link av-social-link-twitter' ><a target=\"_blank\" aria-label=\"Compartir en Twitter\" href='https:\/\/twitter.com\/share?text=En%20Puerto%20Ays%C3%A9n%20avanza%20el%20reciclaje%20industrial%20efectuando%20un%20nuevo%20env%C3%ADo%20de%20materiales%20por%20sobre%20las%2060%20toneladas&#038;url=https:\/\/radiorevelacionfm.cl\/?p=46540' aria-hidden='false' data-av_icon='\ue8f1' data-av_iconfont='entypo-fontello' title='' data-avia-related-tooltip='Compartir en Twitter' rel=\"noopener\"><span class='avia_hidden_link_text'>Compartir en Twitter<\/span><\/a><\/li><li class='av-share-link av-social-link-whatsapp' ><a target=\"_blank\" aria-label=\"Compartir en Whatsapp\" href='https:\/\/api.whatsapp.com\/send?text=https:\/\/radiorevelacionfm.cl\/?p=46540' aria-hidden='false' data-av_icon='\uf232' data-av_iconfont='entypo-fontello' title='' data-avia-related-tooltip='Compartir en Whatsapp' rel=\"noopener\"><span class='avia_hidden_link_text'>Compartir en Whatsapp<\/span><\/a><\/li><li class='av-share-link av-social-link-linkedin' ><a target=\"_blank\" aria-label=\"Compartir en LinkedIn\" href='https:\/\/linkedin.com\/shareArticle?mini=true&#038;title=En%20Puerto%20Ays%C3%A9n%20avanza%20el%20reciclaje%20industrial%20efectuando%20un%20nuevo%20env%C3%ADo%20de%20materiales%20por%20sobre%20las%2060%20toneladas&#038;url=https:\/\/radiorevelacionfm.cl\/?p=46540' aria-hidden='false' data-av_icon='\ue8fc' data-av_iconfont='entypo-fontello' title='' data-avia-related-tooltip='Compartir en LinkedIn' rel=\"noopener\"><span class='avia_hidden_link_text'>Compartir en LinkedIn<\/span><\/a><\/li><li class='av-share-link av-social-link-mail' ><a  aria-label=\"Compartir por correo\" href='mailto:?subject=En%20Puerto%20Ays%C3%A9n%20avanza%20el%20reciclaje%20industrial%20efectuando%20un%20nuevo%20env%C3%ADo%20de%20materiales%20por%20sobre%20las%2060%20toneladas&#038;body=https:\/\/radiorevelacionfm.cl\/?p=46540' aria-hidden='false' data-av_icon='\ue805' data-av_iconfont='entypo-fontello' title='' data-avia-related-tooltip='Compartir por correo'><span class='avia_hidden_link_text'>Compartir por correo<\/span><\/a><\/li><\/ul><\/div><\/div>\n<div  style='height:50px' class='hr hr-invisible   avia-builder-el-8  el_after_av_social_share  el_before_av_comments_list '><span class='hr-inner ' ><span class='hr-inner-style'><\/span><\/span><\/div>\n<div  class='av-buildercomment  av-blog-meta-html-info-disabled av-blog-meta-tag-disabled  '><\/div>\n","protected":false},"excerpt":{"rendered":"","protected":false},"author":1,"featured_media":46541,"comment_status":"open","ping_status":"open","sticky":false,"template":"","format":"standard","meta":{"footnotes":""},"categories":[38],"tags":[],"class_list":["post-46540","post","type-post","status-publish","format-standard","has-post-thumbnail","hentry","category-regional"],"jetpack_featured_media_url":"https:\/\/radiorevelacionfm.cl\/wp-content\/uploads\/2024\/09\/img-despacho-plastico1-1_optimized.jpeg","_links":{"self":[{"href":"https:\/\/radiorevelacionfm.cl\/index.php?rest_route=\/wp\/v2\/posts\/46540","targetHints":{"allow":["GET"]}}],"collection":[{"href":"https:\/\/radiorevelacionfm.cl\/index.php?rest_route=\/wp\/v2\/posts"}],"about":[{"href":"https:\/\/radiorevelacionfm.cl\/index.php?rest_route=\/wp\/v2\/types\/post"}],"author":[{"embeddable":true,"href":"https:\/\/radiorevelacionfm.cl\/index.php?rest_route=\/wp\/v2\/users\/1"}],"replies":[{"embeddable":true,"href":"https:\/\/radiorevelacionfm.cl\/index.php?rest_route=%2Fwp%2Fv2%2Fcomments&post=46540"}],"version-history":[{"count":1,"href":"https:\/\/radiorevelacionfm.cl\/index.php?rest_route=\/wp\/v2\/posts\/46540\/revisions"}],"predecessor-version":[{"id":46542,"href":"https:\/\/radiorevelacionfm.cl\/index.php?rest_route=\/wp\/v2\/posts\/46540\/revisions\/46542"}],"wp:featuredmedia":[{"embeddable":true,"href":"https:\/\/radiorevelacionfm.cl\/index.php?rest_route=\/wp\/v2\/media\/46541"}],"wp:attachment":[{"href":"https:\/\/radiorevelacionfm.cl\/index.php?rest_route=%2Fwp%2Fv2%2Fmedia&parent=46540"}],"wp:term":[{"taxonomy":"category","embeddable":true,"href":"https:\/\/radiorevelacionfm.cl\/index.php?rest_route=%2Fwp%2Fv2%2Fcategories&post=46540"},{"taxonomy":"post_tag","embeddable":true,"href":"https:\/\/radiorevelacionfm.cl\/index.php?rest_route=%2Fwp%2Fv2%2Ftags&post=46540"}],"curies":[{"name":"wp","href":"https:\/\/api.w.org\/{rel}","templated":true}]}}