{"id":46530,"date":"2024-09-27T18:04:06","date_gmt":"2024-09-27T21:04:06","guid":{"rendered":"https:\/\/radiorevelacionfm.cl\/?p=46530"},"modified":"2024-09-27T18:04:06","modified_gmt":"2024-09-27T21:04:06","slug":"cumpliendo-normativa-electoral-andrea-macias-deja-el-cargo-de-gobernadora-tras-presidir-ultima-sesion-del-consejo-regional","status":"publish","type":"post","link":"https:\/\/radiorevelacionfm.cl\/?p=46530","title":{"rendered":"Cumpliendo normativa electoral: Andrea Mac\u00edas deja el cargo de Gobernadora tras presidir \u00faltima sesi\u00f3n del Consejo Regional"},"content":{"rendered":"<div class=\"flex_column av_one_full  flex_column_div av-zero-column-padding first  avia-builder-el-0  el_before_av_one_full  avia-builder-el-first  \" style='border-radius:0px; '><div  class='avia-image-container  av-styling-    avia-builder-el-1  avia-builder-el-no-sibling  avia-align-center '  itemprop=\"image\" itemscope=\"itemscope\" itemtype=\"https:\/\/schema.org\/ImageObject\"  ><div class='avia-image-container-inner'><div class='avia-image-overlay-wrap'><img decoding=\"async\" class='wp-image-46531 avia-img-lazy-loading-not-46531 avia_image' src=\"https:\/\/radiorevelacionfm.cl\/wp-content\/uploads\/2024\/09\/WhatsApp-Image-2024-09-26-at-10.36.17-AM-1-1-1.jpeg\" alt='' title='WhatsApp Image 2024-09-26 at 10.36.17 AM (1) (1) (1)' height=\"600\" width=\"1218\"  itemprop=\"thumbnailUrl\" srcset=\"https:\/\/radiorevelacionfm.cl\/wp-content\/uploads\/2024\/09\/WhatsApp-Image-2024-09-26-at-10.36.17-AM-1-1-1.jpeg 1218w, https:\/\/radiorevelacionfm.cl\/wp-content\/uploads\/2024\/09\/WhatsApp-Image-2024-09-26-at-10.36.17-AM-1-1-1-300x148.jpeg 300w, https:\/\/radiorevelacionfm.cl\/wp-content\/uploads\/2024\/09\/WhatsApp-Image-2024-09-26-at-10.36.17-AM-1-1-1-1030x507.jpeg 1030w, https:\/\/radiorevelacionfm.cl\/wp-content\/uploads\/2024\/09\/WhatsApp-Image-2024-09-26-at-10.36.17-AM-1-1-1-768x378.jpeg 768w, https:\/\/radiorevelacionfm.cl\/wp-content\/uploads\/2024\/09\/WhatsApp-Image-2024-09-26-at-10.36.17-AM-1-1-1-705x347.jpeg 705w, https:\/\/radiorevelacionfm.cl\/wp-content\/uploads\/2024\/09\/WhatsApp-Image-2024-09-26-at-10.36.17-AM-1-1-1-450x222.jpeg 450w, https:\/\/radiorevelacionfm.cl\/wp-content\/uploads\/2024\/09\/WhatsApp-Image-2024-09-26-at-10.36.17-AM-1-1-1-600x296.jpeg 600w\" sizes=\"(max-width: 1218px) 100vw, 1218px\" \/><\/div><\/div><\/div><\/div><div class=\"flex_column av_one_full  flex_column_div av-zero-column-padding first  avia-builder-el-2  el_after_av_one_full  el_before_av_one_full  column-top-margin\" style='border-radius:0px; '><section class=\"av_textblock_section \"  itemscope=\"itemscope\" itemtype=\"https:\/\/schema.org\/BlogPosting\" itemprop=\"blogPost\" ><div class='avia_textblock  '   itemprop=\"text\" ><p style=\"text-align: center;\"><strong><span style=\"font-size: 18pt;\">Cumpliendo normativa electoral: Andrea Mac\u00edas deja el cargo de Gobernadora tras presidir \u00faltima sesi\u00f3n del Consejo Regional\u00a0<\/span><\/strong><\/p>\n<div id=\"gtx-trans\" style=\"position: absolute; left: -50px; top: 4.31534px;\">\n<div class=\"gtx-trans-icon\"><\/div>\n<\/div>\n<\/div><\/section><\/div><div class=\"flex_column av_one_full  flex_column_div av-zero-column-padding first  avia-builder-el-4  el_after_av_one_full  el_before_av_hr  column-top-margin\" style='border-radius:0px; '><section class=\"av_textblock_section \"  itemscope=\"itemscope\" itemtype=\"https:\/\/schema.org\/BlogPosting\" itemprop=\"blogPost\" ><div class='avia_textblock  '   itemprop=\"text\" ><p dir=\"ltr\" style=\"text-align: justify;\">Este jueves, la Gobernadora Regional de Ays\u00e9n, Andrea Mac\u00edas Palma, presidi\u00f3 su \u00faltima sesi\u00f3n al frente del Consejo Regional, en cumplimiento de la normativa electoral que exige su salida un mes antes de las elecciones de fines de octubre.<\/p>\n<p dir=\"ltr\" style=\"text-align: justify;\">Mac\u00edas detall\u00f3 c\u00f3mo funcionar\u00e1 el Gobierno Regional en su ausencia, donde se le debe reemplazar tanto en su rol de gobernadora, como jefa del Ejecutivo del Gore Ays\u00e9n, as\u00ed tambi\u00e9n en cuanto a su papel como presidenta del Consejo Regional:<\/p>\n<p dir=\"ltr\" style=\"text-align: justify;\">\u00abEl Gobernador Regional subrogante va a ser don Erik Adio Maldonado, quien es nuestro administrador regional actual. Dado que yo cumplo dos funciones como ejecutivo del gobierno regional, pero tambi\u00e9n como presidenta del cuerpo colegiado, en el caso del cuerpo colegiado, que es el consejo regional, asume la presidencia el consejero que no se encuentra hoy d\u00eda adem\u00e1s en campa\u00f1a, que es el consejero Ra\u00fal Rudolphi. Todos los dem\u00e1s consejeros y consejeras regionales est\u00e1n postulando tambi\u00e9n a la reelecci\u00f3n, por lo tanto corresponde a \u00e9l poder presidir este espacio\u00bb, detall\u00f3.<\/p>\n<p dir=\"ltr\" style=\"text-align: justify;\">Durante esta sesi\u00f3n, se aprobaron importantes iniciativas, entre ellas el estudio diagn\u00f3stico del Plan de Gesti\u00f3n de Residuos en Transici\u00f3n hacia la Econom\u00eda Circular, el que busca promover un manejo m\u00e1s responsable de los residuos en la regi\u00f3n mediante la implementaci\u00f3n de pr\u00e1cticas de reducci\u00f3n, reutilizaci\u00f3n y reciclaje.<\/p>\n<p dir=\"ltr\" style=\"text-align: justify;\">Esta medida es clave para avanzar hacia una econom\u00eda m\u00e1s verde y sustentable en Ays\u00e9n, coordinando y poniendo en sinton\u00eda todo el trabajo previo, como las adquisiciones de camiones recolectores, y otras acciones en materia de Gesti\u00f3n de Residuos.<\/p>\n<p dir=\"ltr\" style=\"text-align: justify;\">\u00abEste estudio va a permitir planificar esta inversi\u00f3n a nivel regional, pero adem\u00e1s tener un modelo de gesti\u00f3n de residuos que est\u00e9 bajo normativa. Hoy d\u00eda la regi\u00f3n de Ays\u00e9n no estamos en condiciones de dar respuesta a todo lo que se requiere en materia sanitaria en cuanto a gesti\u00f3n de residuos, as\u00ed que va a ser un tremendo impacto. Esto conversa tambi\u00e9n con el plan de acci\u00f3n regional de cambio clim\u00e1tico que estamos llevando adelante y con todos los desaf\u00edos que tenemos como regi\u00f3n en esta materia\u00bb.<\/p>\n<p dir=\"ltr\" style=\"text-align: justify;\">En el \u00e1mbito cultural, el pleno del Consejo dio luz verde a una serie de asignaciones directas de recursos destinados a agrupaciones locales. Entre las organizaciones beneficiadas est\u00e1n el C\u00edrculo de Hijos y Amigos de Chilo\u00e9, el Taller Folcl\u00f3rico, Social y Cultural Caiquenes del Lago y el Centro General de Padres y Apoderados de la Escuela Aonikenk.<\/p>\n<p dir=\"ltr\" style=\"text-align: justify;\">El financiamiento permitir\u00e1 a estas agrupaciones realizar giras culturales en el caso de Caiquenes del Lago que presentar\u00e1n danzas tradicionales en Tocopilla, la comunidad educativa de la Escuela Aonikenk realizar\u00e1 un concierto homenaje en Isla de Los Muertos, en Caleta Tortel; mientras el C\u00edrculo Hijos y Amigos de Chilo\u00e9\u00a0 realizar\u00e1 la celebraci\u00f3n del D\u00eda del Inmigrante Chilote.<\/p>\n<p dir=\"ltr\" style=\"text-align: justify;\">Sobre estas iniciativas, la consejera por la Provincia de Coyhaique, Paula Acu\u00f1a, agreg\u00f3:<\/p>\n<p dir=\"ltr\" style=\"text-align: justify;\">\u00abEn el Gobierno Regional siempre se pueden presentar asignaciones directas de distintas organizaciones. En particular hoy d\u00eda en el consejo se aprobaron distintas asignaciones para tambi\u00e9n la localidad de Ays\u00e9n, Chile Chico e Iba\u00f1ez. Creo que es importante tambi\u00e9n que todos puedan acceder a estos recursos que son p\u00fablicos para desarrollar actividades muy diversas. Y recordar que el 1 de octubre ya es el plazo final para las asignaciones directas, el consejo regional ha trabajado con muchas organizaciones en el transcurso de este a\u00f1o presupuestario, pero tambi\u00e9n para que todos quienes est\u00e9n viendo esto sepan que ya no se pueden seguir pidiendo asignaciones\u00bb.<\/p>\n<p dir=\"ltr\" style=\"text-align: justify;\">La sesi\u00f3n del CORE tambi\u00e9n aprob\u00f3 proyectos como la asignaci\u00f3n directa para Educaci\u00f3n y gesti\u00f3n ambiental de R\u00edo Ib\u00e1\u00f1ez, la distribuci\u00f3n porcentual del 34\u00ba llamado del programa de pavimentaci\u00f3n del MINVU\u00a0 y el proyecto de sistema de identificaci\u00f3n biom\u00e9trica para el ministerio del Interior y la Polic\u00eda de Investigaciones.<\/p>\n<\/div><\/section><\/div><div  style='height:50px' class='hr hr-invisible   avia-builder-el-6  el_after_av_one_full  el_before_av_social_share '><span class='hr-inner ' ><span class='hr-inner-style'><\/span><\/span><\/div><\/p>\n<div  class='av-social-sharing-box  avia-builder-el-7  el_after_av_hr  el_before_av_hr  '><div class='av-share-box'><h5 class='av-share-link-description av-no-toc '>Compartir esta noticia<\/h5><ul class='av-share-box-list noLightbox'><li class='av-share-link av-social-link-facebook' ><a target=\"_blank\" aria-label=\"Compartir en Facebook\" href='https:\/\/www.facebook.com\/sharer.php?u=https:\/\/radiorevelacionfm.cl\/?p=46530&#038;t=Cumpliendo%20normativa%20electoral%3A%20Andrea%20Mac%C3%ADas%20deja%20el%20cargo%20de%20Gobernadora%20tras%20presidir%20%C3%BAltima%20sesi%C3%B3n%20del%20Consejo%20Regional' aria-hidden='false' data-av_icon='\ue8f3' data-av_iconfont='entypo-fontello' title='' data-avia-related-tooltip='Compartir en Facebook' rel=\"noopener\"><span class='avia_hidden_link_text'>Compartir en Facebook<\/span><\/a><\/li><li class='av-share-link av-social-link-twitter' ><a target=\"_blank\" aria-label=\"Compartir en Twitter\" href='https:\/\/twitter.com\/share?text=Cumpliendo%20normativa%20electoral%3A%20Andrea%20Mac%C3%ADas%20deja%20el%20cargo%20de%20Gobernadora%20tras%20presidir%20%C3%BAltima%20sesi%C3%B3n%20del%20Consejo%20Regional&#038;url=https:\/\/radiorevelacionfm.cl\/?p=46530' aria-hidden='false' data-av_icon='\ue8f1' data-av_iconfont='entypo-fontello' title='' data-avia-related-tooltip='Compartir en Twitter' rel=\"noopener\"><span class='avia_hidden_link_text'>Compartir en Twitter<\/span><\/a><\/li><li class='av-share-link av-social-link-whatsapp' ><a target=\"_blank\" aria-label=\"Compartir en Whatsapp\" href='https:\/\/api.whatsapp.com\/send?text=https:\/\/radiorevelacionfm.cl\/?p=46530' aria-hidden='false' data-av_icon='\uf232' data-av_iconfont='entypo-fontello' title='' data-avia-related-tooltip='Compartir en Whatsapp' rel=\"noopener\"><span class='avia_hidden_link_text'>Compartir en Whatsapp<\/span><\/a><\/li><li class='av-share-link av-social-link-linkedin' ><a target=\"_blank\" aria-label=\"Compartir en LinkedIn\" href='https:\/\/linkedin.com\/shareArticle?mini=true&#038;title=Cumpliendo%20normativa%20electoral%3A%20Andrea%20Mac%C3%ADas%20deja%20el%20cargo%20de%20Gobernadora%20tras%20presidir%20%C3%BAltima%20sesi%C3%B3n%20del%20Consejo%20Regional&#038;url=https:\/\/radiorevelacionfm.cl\/?p=46530' aria-hidden='false' data-av_icon='\ue8fc' data-av_iconfont='entypo-fontello' title='' data-avia-related-tooltip='Compartir en LinkedIn' rel=\"noopener\"><span class='avia_hidden_link_text'>Compartir en LinkedIn<\/span><\/a><\/li><li class='av-share-link av-social-link-mail' ><a  aria-label=\"Compartir por correo\" href='mailto:?subject=Cumpliendo%20normativa%20electoral%3A%20Andrea%20Mac%C3%ADas%20deja%20el%20cargo%20de%20Gobernadora%20tras%20presidir%20%C3%BAltima%20sesi%C3%B3n%20del%20Consejo%20Regional&#038;body=https:\/\/radiorevelacionfm.cl\/?p=46530' aria-hidden='false' data-av_icon='\ue805' data-av_iconfont='entypo-fontello' title='' data-avia-related-tooltip='Compartir por correo'><span class='avia_hidden_link_text'>Compartir por correo<\/span><\/a><\/li><\/ul><\/div><\/div>\n<div  style='height:50px' class='hr hr-invisible   avia-builder-el-8  el_after_av_social_share  el_before_av_comments_list '><span class='hr-inner ' ><span class='hr-inner-style'><\/span><\/span><\/div>\n<div  class='av-buildercomment  av-blog-meta-html-info-disabled av-blog-meta-tag-disabled  '><\/div>\n","protected":false},"excerpt":{"rendered":"","protected":false},"author":1,"featured_media":46531,"comment_status":"open","ping_status":"open","sticky":false,"template":"","format":"standard","meta":{"footnotes":""},"categories":[38],"tags":[],"class_list":["post-46530","post","type-post","status-publish","format-standard","has-post-thumbnail","hentry","category-regional"],"jetpack_featured_media_url":"https:\/\/radiorevelacionfm.cl\/wp-content\/uploads\/2024\/09\/WhatsApp-Image-2024-09-26-at-10.36.17-AM-1-1-1.jpeg","_links":{"self":[{"href":"https:\/\/radiorevelacionfm.cl\/index.php?rest_route=\/wp\/v2\/posts\/46530","targetHints":{"allow":["GET"]}}],"collection":[{"href":"https:\/\/radiorevelacionfm.cl\/index.php?rest_route=\/wp\/v2\/posts"}],"about":[{"href":"https:\/\/radiorevelacionfm.cl\/index.php?rest_route=\/wp\/v2\/types\/post"}],"author":[{"embeddable":true,"href":"https:\/\/radiorevelacionfm.cl\/index.php?rest_route=\/wp\/v2\/users\/1"}],"replies":[{"embeddable":true,"href":"https:\/\/radiorevelacionfm.cl\/index.php?rest_route=%2Fwp%2Fv2%2Fcomments&post=46530"}],"version-history":[{"count":1,"href":"https:\/\/radiorevelacionfm.cl\/index.php?rest_route=\/wp\/v2\/posts\/46530\/revisions"}],"predecessor-version":[{"id":46532,"href":"https:\/\/radiorevelacionfm.cl\/index.php?rest_route=\/wp\/v2\/posts\/46530\/revisions\/46532"}],"wp:featuredmedia":[{"embeddable":true,"href":"https:\/\/radiorevelacionfm.cl\/index.php?rest_route=\/wp\/v2\/media\/46531"}],"wp:attachment":[{"href":"https:\/\/radiorevelacionfm.cl\/index.php?rest_route=%2Fwp%2Fv2%2Fmedia&parent=46530"}],"wp:term":[{"taxonomy":"category","embeddable":true,"href":"https:\/\/radiorevelacionfm.cl\/index.php?rest_route=%2Fwp%2Fv2%2Fcategories&post=46530"},{"taxonomy":"post_tag","embeddable":true,"href":"https:\/\/radiorevelacionfm.cl\/index.php?rest_route=%2Fwp%2Fv2%2Ftags&post=46530"}],"curies":[{"name":"wp","href":"https:\/\/api.w.org\/{rel}","templated":true}]}}