{"id":46527,"date":"2024-09-27T16:19:50","date_gmt":"2024-09-27T19:19:50","guid":{"rendered":"https:\/\/radiorevelacionfm.cl\/?p=46527"},"modified":"2024-09-27T16:19:50","modified_gmt":"2024-09-27T19:19:50","slug":"el-bosque-es-vida-2024-concurso-de-dibujo-escolar-regional-vuelve-con-el-llamado-entre-todas-y-todos-cuidamos-al-huemul","status":"publish","type":"post","link":"https:\/\/radiorevelacionfm.cl\/?p=46527","title":{"rendered":"El bosque es vida 2024: Concurso de dibujo escolar regional vuelve con el llamado \u00abEntre todas y todos cuidamos al huemul\u00bb"},"content":{"rendered":"<div class=\"flex_column av_one_full  flex_column_div av-zero-column-padding first  avia-builder-el-0  el_before_av_one_full  avia-builder-el-first  \" style='border-radius:0px; '><div  class='avia-image-container  av-styling-    avia-builder-el-1  avia-builder-el-no-sibling  avia-align-center '  itemprop=\"image\" itemscope=\"itemscope\" itemtype=\"https:\/\/schema.org\/ImageObject\"  ><div class='avia-image-container-inner'><div class='avia-image-overlay-wrap'><img decoding=\"async\" class='wp-image-46528 avia-img-lazy-loading-not-46528 avia_image' src=\"https:\/\/radiorevelacionfm.cl\/wp-content\/uploads\/2024\/09\/concurso-2024-1_optimized-1.jpg\" alt='' title='concurso-2024-(1)_optimized (1)' height=\"600\" width=\"1067\"  itemprop=\"thumbnailUrl\" srcset=\"https:\/\/radiorevelacionfm.cl\/wp-content\/uploads\/2024\/09\/concurso-2024-1_optimized-1.jpg 1067w, https:\/\/radiorevelacionfm.cl\/wp-content\/uploads\/2024\/09\/concurso-2024-1_optimized-1-300x169.jpg 300w, https:\/\/radiorevelacionfm.cl\/wp-content\/uploads\/2024\/09\/concurso-2024-1_optimized-1-1030x579.jpg 1030w, https:\/\/radiorevelacionfm.cl\/wp-content\/uploads\/2024\/09\/concurso-2024-1_optimized-1-768x432.jpg 768w, https:\/\/radiorevelacionfm.cl\/wp-content\/uploads\/2024\/09\/concurso-2024-1_optimized-1-705x396.jpg 705w, https:\/\/radiorevelacionfm.cl\/wp-content\/uploads\/2024\/09\/concurso-2024-1_optimized-1-450x253.jpg 450w, https:\/\/radiorevelacionfm.cl\/wp-content\/uploads\/2024\/09\/concurso-2024-1_optimized-1-600x337.jpg 600w\" sizes=\"(max-width: 1067px) 100vw, 1067px\" \/><\/div><\/div><\/div><\/div><div class=\"flex_column av_one_full  flex_column_div av-zero-column-padding first  avia-builder-el-2  el_after_av_one_full  el_before_av_one_full  column-top-margin\" style='border-radius:0px; '><section class=\"av_textblock_section \"  itemscope=\"itemscope\" itemtype=\"https:\/\/schema.org\/BlogPosting\" itemprop=\"blogPost\" ><div class='avia_textblock  '   itemprop=\"text\" ><p style=\"text-align: center;\"><span style=\"font-size: 18pt;\"><b>El bosque es vida 2024: Concurso de dibujo escolar regional vuelve con el llamado \u00abEntre todas y todos cuidamos al huemul\u00bb<\/b><\/span><\/p>\n<div id=\"gtx-trans\" style=\"position: absolute; left: -50px; top: 4.31534px;\">\n<div class=\"gtx-trans-icon\"><\/div>\n<\/div>\n<\/div><\/section><\/div><div class=\"flex_column av_one_full  flex_column_div av-zero-column-padding first  avia-builder-el-4  el_after_av_one_full  el_before_av_hr  column-top-margin\" style='border-radius:0px; '><section class=\"av_textblock_section \"  itemscope=\"itemscope\" itemtype=\"https:\/\/schema.org\/BlogPosting\" itemprop=\"blogPost\" ><div class='avia_textblock  '   itemprop=\"text\" ><p style=\"text-align: justify;\">En el marco de los compromisos adquiridos en la Comisi\u00f3n Intersectorial para la Conservaci\u00f3n del Huemul, la cual sesion\u00f3 en agosto pasado, este 2024 vuelve el concurso de dibujo escolar regional \u00abEl bosque es vida\u00bb, que comenz\u00f3 a realizarse en la regi\u00f3n en 1997. Este a\u00f1o, la iniciativa a cargo de la seremi de Agricultura de Ays\u00e9n y Conaf Ays\u00e9n, presenta el llamado \u00abentre todas y todos cuidamos al huemul\u00bb, con especial motivo de invitar a ni\u00f1as, ni\u00f1os y adolescentes a expresar su visi\u00f3n sobre la importancia de conservar nuestro entorno natural, la especie huemul y su h\u00e1bitat.<\/p>\n<p style=\"text-align: justify;\">\u00abEn el a\u00f1o 2014 el concurso tuvo un gran \u00e9xito, logrando recepcionar alrededor de 3.000 trabajos pertenecientes al 95% de las escuelas de toda la regi\u00f3n de Ays\u00e9n. Las y los estudiantes son agentes de cambio en nuestra sociedad, su forma de ver la realidad nos ense\u00f1a mucho a los adultos y estos espacios son clave para concientizar sobre c\u00f3mo entre todas y todos podemos avanzar en el respeto a nuestra flora y fauna nativa\u00bb, se\u00f1al\u00f3 el seremi de Agricultura, Eugenio Ruiz Espinoza.<\/p>\n<p style=\"text-align: justify;\">El concurso se desarrollar\u00e1 entre los meses de septiembre a octubre donde pueden participar estudiantes de primero b\u00e1sico a cuarto medio, mediante las categor\u00edas de 1\u00ba a 5\u00ba b\u00e1sico, 6\u00ba a 8\u00ba b\u00e1sico y 1\u00ba a 4\u00ba medio.<\/p>\n<p style=\"text-align: justify;\">El huemul y su h\u00e1bitat, \u00bfD\u00f3nde viven los huemules en la actualidad?, \u00bfC\u00f3mo yo protejo al huemul? y \u00bfQu\u00e9 es para m\u00ed la protecci\u00f3n a la naturaleza y a la especie huemul?, son las opciones tem\u00e1ticas para plasmar en un dibujo, eligiendo solo una de estas, y que en su reverso debe ir acompa\u00f1ada de su respectiva justificaci\u00f3n y datos obligatorios.<\/p>\n<p style=\"text-align: justify;\">Con el especial apoyo de la Armada de Chile, se premiar\u00e1 el primer lugar de cada categor\u00eda con un viaje por mar en embarcaci\u00f3n hacia Islas Huichas, en el litoral de la regi\u00f3n, donde se conocer\u00e1 y recorrer\u00e1 el Parque Urbano Natural La Poza, ubicado en Puerto Aguirre. La o el estudiante ganador, deber\u00e1 ir acompa\u00f1ado de su apoderado y docente titular, quienes podr\u00e1n disfrutar de un almuerzo en Puerto Aguirre.<\/p>\n<p style=\"text-align: justify;\">\u00abLa iniciativa se condice con la misi\u00f3n de Conaf, realizando un importante trabajo de educaci\u00f3n para la conservaci\u00f3n de forma permanente. Esperamos e invitamos a estudiantes y toda la comunidad estudiantil de la regi\u00f3n a participar de este concurso para seguir fortaleciendo el llamado a cuidar y proteger a la especie huemul, en peligro de extinci\u00f3n, y su h\u00e1bitat\u00bb, finaliz\u00f3 la autoridad.<\/p>\n<p style=\"text-align: justify;\">Por otro lado, el plazo para la recepci\u00f3n de trabajos culmina el 10 de octubre, los que deber\u00e1n ser entregados en las oficinas provinciales o \u00e1rea de CONAF m\u00e1s cercana al establecimiento educacional, ya sea en la de Coyhaique, Puerto Ays\u00e9n, Chile Chico, Cochrane, La Junta o R\u00edo Tranquilo.<\/p>\n<p style=\"text-align: justify;\">Los resultados ser\u00e1n informados en la web de Conaf, con previo aviso a los establecimientos educacionales premiados, durante la jornada del 18 de octubre como fecha\u00a0conmemorativa al D\u00eda Internacional de Protecci\u00f3n de la Naturaleza<\/p>\n<p style=\"text-align: justify;\">Para mayores antecedentes, se puede revisar las bases del concurso en\u00a0<a href=\"http:\/\/www.conaf.cl\/\">www.conaf.cl<\/a>\u00a0o haciendo\u00a0click\u00a0<a href=\"https:\/\/www.conaf.cl\/wp-content\/uploads\/2024\/09\/Concurso-de-dibujo-huemul-2024-CONAF.pdf\">aqu\u00ed<\/a>.<\/p>\n<\/div><\/section><\/div><div  style='height:50px' class='hr hr-invisible   avia-builder-el-6  el_after_av_one_full  el_before_av_social_share '><span class='hr-inner ' ><span class='hr-inner-style'><\/span><\/span><\/div><\/p>\n<div  class='av-social-sharing-box  avia-builder-el-7  el_after_av_hr  el_before_av_hr  '><div class='av-share-box'><h5 class='av-share-link-description av-no-toc '>Compartir esta noticia<\/h5><ul class='av-share-box-list noLightbox'><li class='av-share-link av-social-link-facebook' ><a target=\"_blank\" aria-label=\"Compartir en Facebook\" href='https:\/\/www.facebook.com\/sharer.php?u=https:\/\/radiorevelacionfm.cl\/?p=46527&#038;t=El%20bosque%20es%20vida%202024%3A%20Concurso%20de%20dibujo%20escolar%20regional%20vuelve%20con%20el%20llamado%20%C2%ABEntre%20todas%20y%20todos%20cuidamos%20al%20huemul%C2%BB' aria-hidden='false' data-av_icon='\ue8f3' data-av_iconfont='entypo-fontello' title='' data-avia-related-tooltip='Compartir en Facebook' rel=\"noopener\"><span class='avia_hidden_link_text'>Compartir en Facebook<\/span><\/a><\/li><li class='av-share-link av-social-link-twitter' ><a target=\"_blank\" aria-label=\"Compartir en Twitter\" href='https:\/\/twitter.com\/share?text=El%20bosque%20es%20vida%202024%3A%20Concurso%20de%20dibujo%20escolar%20regional%20vuelve%20con%20el%20llamado%20%C2%ABEntre%20todas%20y%20todos%20cuidamos%20al%20huemul%C2%BB&#038;url=https:\/\/radiorevelacionfm.cl\/?p=46527' aria-hidden='false' data-av_icon='\ue8f1' data-av_iconfont='entypo-fontello' title='' data-avia-related-tooltip='Compartir en Twitter' rel=\"noopener\"><span class='avia_hidden_link_text'>Compartir en Twitter<\/span><\/a><\/li><li class='av-share-link av-social-link-whatsapp' ><a target=\"_blank\" aria-label=\"Compartir en Whatsapp\" href='https:\/\/api.whatsapp.com\/send?text=https:\/\/radiorevelacionfm.cl\/?p=46527' aria-hidden='false' data-av_icon='\uf232' data-av_iconfont='entypo-fontello' title='' data-avia-related-tooltip='Compartir en Whatsapp' rel=\"noopener\"><span class='avia_hidden_link_text'>Compartir en Whatsapp<\/span><\/a><\/li><li class='av-share-link av-social-link-linkedin' ><a target=\"_blank\" aria-label=\"Compartir en LinkedIn\" href='https:\/\/linkedin.com\/shareArticle?mini=true&#038;title=El%20bosque%20es%20vida%202024%3A%20Concurso%20de%20dibujo%20escolar%20regional%20vuelve%20con%20el%20llamado%20%C2%ABEntre%20todas%20y%20todos%20cuidamos%20al%20huemul%C2%BB&#038;url=https:\/\/radiorevelacionfm.cl\/?p=46527' aria-hidden='false' data-av_icon='\ue8fc' data-av_iconfont='entypo-fontello' title='' data-avia-related-tooltip='Compartir en LinkedIn' rel=\"noopener\"><span class='avia_hidden_link_text'>Compartir en LinkedIn<\/span><\/a><\/li><li class='av-share-link av-social-link-mail' ><a  aria-label=\"Compartir por correo\" href='mailto:?subject=El%20bosque%20es%20vida%202024%3A%20Concurso%20de%20dibujo%20escolar%20regional%20vuelve%20con%20el%20llamado%20%C2%ABEntre%20todas%20y%20todos%20cuidamos%20al%20huemul%C2%BB&#038;body=https:\/\/radiorevelacionfm.cl\/?p=46527' aria-hidden='false' data-av_icon='\ue805' data-av_iconfont='entypo-fontello' title='' data-avia-related-tooltip='Compartir por correo'><span class='avia_hidden_link_text'>Compartir por correo<\/span><\/a><\/li><\/ul><\/div><\/div>\n<div  style='height:50px' class='hr hr-invisible   avia-builder-el-8  el_after_av_social_share  el_before_av_comments_list '><span class='hr-inner ' ><span class='hr-inner-style'><\/span><\/span><\/div>\n<div  class='av-buildercomment  av-blog-meta-html-info-disabled av-blog-meta-tag-disabled  '><\/div>\n","protected":false},"excerpt":{"rendered":"","protected":false},"author":1,"featured_media":46528,"comment_status":"open","ping_status":"open","sticky":false,"template":"","format":"standard","meta":{"footnotes":""},"categories":[38],"tags":[],"class_list":["post-46527","post","type-post","status-publish","format-standard","has-post-thumbnail","hentry","category-regional"],"jetpack_featured_media_url":"https:\/\/radiorevelacionfm.cl\/wp-content\/uploads\/2024\/09\/concurso-2024-1_optimized-1.jpg","_links":{"self":[{"href":"https:\/\/radiorevelacionfm.cl\/index.php?rest_route=\/wp\/v2\/posts\/46527","targetHints":{"allow":["GET"]}}],"collection":[{"href":"https:\/\/radiorevelacionfm.cl\/index.php?rest_route=\/wp\/v2\/posts"}],"about":[{"href":"https:\/\/radiorevelacionfm.cl\/index.php?rest_route=\/wp\/v2\/types\/post"}],"author":[{"embeddable":true,"href":"https:\/\/radiorevelacionfm.cl\/index.php?rest_route=\/wp\/v2\/users\/1"}],"replies":[{"embeddable":true,"href":"https:\/\/radiorevelacionfm.cl\/index.php?rest_route=%2Fwp%2Fv2%2Fcomments&post=46527"}],"version-history":[{"count":1,"href":"https:\/\/radiorevelacionfm.cl\/index.php?rest_route=\/wp\/v2\/posts\/46527\/revisions"}],"predecessor-version":[{"id":46529,"href":"https:\/\/radiorevelacionfm.cl\/index.php?rest_route=\/wp\/v2\/posts\/46527\/revisions\/46529"}],"wp:featuredmedia":[{"embeddable":true,"href":"https:\/\/radiorevelacionfm.cl\/index.php?rest_route=\/wp\/v2\/media\/46528"}],"wp:attachment":[{"href":"https:\/\/radiorevelacionfm.cl\/index.php?rest_route=%2Fwp%2Fv2%2Fmedia&parent=46527"}],"wp:term":[{"taxonomy":"category","embeddable":true,"href":"https:\/\/radiorevelacionfm.cl\/index.php?rest_route=%2Fwp%2Fv2%2Fcategories&post=46527"},{"taxonomy":"post_tag","embeddable":true,"href":"https:\/\/radiorevelacionfm.cl\/index.php?rest_route=%2Fwp%2Fv2%2Ftags&post=46527"}],"curies":[{"name":"wp","href":"https:\/\/api.w.org\/{rel}","templated":true}]}}