{"id":46524,"date":"2024-09-28T13:05:38","date_gmt":"2024-09-28T16:05:38","guid":{"rendered":"https:\/\/radiorevelacionfm.cl\/?p=46524"},"modified":"2024-09-28T13:05:38","modified_gmt":"2024-09-28T16:05:38","slug":"delegado-rodrigo-araya-destaco-despacho-a-ley-del-proyecto-de-cumplimiento-de-obligaciones-tributarias","status":"publish","type":"post","link":"https:\/\/radiorevelacionfm.cl\/?p=46524","title":{"rendered":"Delegado Rodrigo Araya destac\u00f3 despacho a ley del proyecto de Cumplimiento de Obligaciones Tributarias"},"content":{"rendered":"<div class=\"flex_column av_one_full  flex_column_div av-zero-column-padding first  avia-builder-el-0  el_before_av_one_full  avia-builder-el-first  \" style='border-radius:0px; '><div  class='avia-image-container  av-styling-    avia-builder-el-1  avia-builder-el-no-sibling  avia-align-center '  itemprop=\"image\" itemscope=\"itemscope\" itemtype=\"https:\/\/schema.org\/ImageObject\"  ><div class='avia-image-container-inner'><div class='avia-image-overlay-wrap'><img decoding=\"async\" class='wp-image-46525 avia-img-lazy-loading-not-46525 avia_image' src=\"https:\/\/radiorevelacionfm.cl\/wp-content\/uploads\/2024\/09\/rodrigo-araya-1-1_optimized-1.jpg\" alt='' title='rodrigo-araya-(1)-(1)_optimized (1)' height=\"600\" width=\"980\"  itemprop=\"thumbnailUrl\" srcset=\"https:\/\/radiorevelacionfm.cl\/wp-content\/uploads\/2024\/09\/rodrigo-araya-1-1_optimized-1.jpg 980w, https:\/\/radiorevelacionfm.cl\/wp-content\/uploads\/2024\/09\/rodrigo-araya-1-1_optimized-1-300x184.jpg 300w, https:\/\/radiorevelacionfm.cl\/wp-content\/uploads\/2024\/09\/rodrigo-araya-1-1_optimized-1-768x470.jpg 768w, https:\/\/radiorevelacionfm.cl\/wp-content\/uploads\/2024\/09\/rodrigo-araya-1-1_optimized-1-705x432.jpg 705w, https:\/\/radiorevelacionfm.cl\/wp-content\/uploads\/2024\/09\/rodrigo-araya-1-1_optimized-1-450x276.jpg 450w, https:\/\/radiorevelacionfm.cl\/wp-content\/uploads\/2024\/09\/rodrigo-araya-1-1_optimized-1-600x367.jpg 600w\" sizes=\"(max-width: 980px) 100vw, 980px\" \/><\/div><\/div><\/div><\/div><div class=\"flex_column av_one_full  flex_column_div av-zero-column-padding first  avia-builder-el-2  el_after_av_one_full  el_before_av_one_full  column-top-margin\" style='border-radius:0px; '><section class=\"av_textblock_section \"  itemscope=\"itemscope\" itemtype=\"https:\/\/schema.org\/BlogPosting\" itemprop=\"blogPost\" ><div class='avia_textblock  '   itemprop=\"text\" ><p style=\"text-align: center;\"><strong><span style=\"font-size: 18pt;\">Delegado Rodrigo Araya destac\u00f3 despacho a ley del proyecto de Cumplimiento de Obligaciones Tributarias <\/span><\/strong><\/p>\n<div id=\"gtx-trans\" style=\"position: absolute; left: -50px; top: 4.31534px;\">\n<div class=\"gtx-trans-icon\"><\/div>\n<\/div>\n<\/div><\/section><\/div><div class=\"flex_column av_one_full  flex_column_div av-zero-column-padding first  avia-builder-el-4  el_after_av_one_full  el_before_av_hr  column-top-margin\" style='border-radius:0px; '><section class=\"av_textblock_section \"  itemscope=\"itemscope\" itemtype=\"https:\/\/schema.org\/BlogPosting\" itemprop=\"blogPost\" ><div class='avia_textblock  '   itemprop=\"text\" ><p style=\"font-weight: 400; text-align: justify;\">La modernizaci\u00f3n de instituciones como el Servicio de Impuestos Internos (SII), Tesorer\u00eda, Aduanas y los tribunales tributarios, destac\u00f3 el Delegado Presidencial Regional de Ays\u00e9n, tras la aprobaci\u00f3n y despacho a ley del proyecto de Cumplimiento de Obligaciones Tributarias.<\/p>\n<p style=\"font-weight: 400; text-align: justify;\">Esta iniciativa es un pilar fundamental del Pacto por el Crecimiento Econ\u00f3mico y constituye un avance sustancial del fast track econ\u00f3mico. Entre otras cosas, contiene una serie de medidas para las empresas de menor tama\u00f1o, apoya la formalizaci\u00f3n de la econom\u00eda y combate firmemente la evasi\u00f3n y elusi\u00f3n de impuestos.<\/p>\n<p style=\"font-weight: 400; text-align: justify;\">\u201cEsta Ley permitir\u00e1 tener recursos el a\u00f1o 2025 para mejorar la gesti\u00f3n del Estado. Adem\u00e1s, otorga nuevas atribuciones y mejora mecanismos de control del Servicio de Impuestos Internos, Tesorer\u00eda y Aduanas. Con ello, vamos a combatir de manera m\u00e1s eficaz la evasi\u00f3n y elusi\u00f3n de impuestos en nuestro pa\u00eds. Eso significa que estos recursos se van a obtener s\u00f3lo mejorando el control de las instituciones que tienen que ver con el pago justo de impuestos en nuestro territorio\u201d, enfatiz\u00f3 Rodrigo Araya.<\/p>\n<p style=\"font-weight: 400; text-align: justify;\">En este mismo sentido, el ministro de Hacienda, Mario Marcel, argument\u00f3 que \u201cla evasi\u00f3n y la elusi\u00f3n son fuentes de profundas injusticias en la econom\u00eda y en la sociedad. Son trabas para el crecimiento inclusivo, y son una fuente de fraude con recursos fiscales que exceden largamente cualquier otro ejemplo de fraude del lado del gasto p\u00fablico\u201d.<\/p>\n<p style=\"font-weight: 400; text-align: justify;\">El Cumplimiento de Obligaciones Tributarias representa el mayor avance en esta materia en, al menos, los \u00faltimos 24 a\u00f1os, y compromete la disponibilidad de recursos para el a\u00f1o 2025, por un total estimado de 1.200 millones de d\u00f3lares, cifra que, en r\u00e9gimen, se incrementa a 4.500 millones de d\u00f3lares anuales.<\/p>\n<p style=\"font-weight: 400; text-align: justify;\">El Gobierno va a incorporar estos recursos al proyecto de ley de Presupuesto -que se ingresar\u00e1 el pr\u00f3ximo lunes-, adem\u00e1s de considerar reformas de especial relevancia, como la reforma previsional y reformas relacionadas con seguridad ciudadana.<\/p>\n<\/div><\/section><\/div><div  style='height:50px' class='hr hr-invisible   avia-builder-el-6  el_after_av_one_full  el_before_av_social_share '><span class='hr-inner ' ><span class='hr-inner-style'><\/span><\/span><\/div><\/p>\n<div  class='av-social-sharing-box  avia-builder-el-7  el_after_av_hr  el_before_av_hr  '><div class='av-share-box'><h5 class='av-share-link-description av-no-toc '>Compartir esta noticia<\/h5><ul class='av-share-box-list noLightbox'><li class='av-share-link av-social-link-facebook' ><a target=\"_blank\" aria-label=\"Compartir en Facebook\" href='https:\/\/www.facebook.com\/sharer.php?u=https:\/\/radiorevelacionfm.cl\/?p=46524&#038;t=Delegado%20Rodrigo%20Araya%20destac%C3%B3%20despacho%20a%20ley%20del%20proyecto%20de%20Cumplimiento%20de%20Obligaciones%20Tributarias' aria-hidden='false' data-av_icon='\ue8f3' data-av_iconfont='entypo-fontello' title='' data-avia-related-tooltip='Compartir en Facebook' rel=\"noopener\"><span class='avia_hidden_link_text'>Compartir en Facebook<\/span><\/a><\/li><li class='av-share-link av-social-link-twitter' ><a target=\"_blank\" aria-label=\"Compartir en Twitter\" href='https:\/\/twitter.com\/share?text=Delegado%20Rodrigo%20Araya%20destac%C3%B3%20despacho%20a%20ley%20del%20proyecto%20de%20Cumplimiento%20de%20Obligaciones%20Tributarias&#038;url=https:\/\/radiorevelacionfm.cl\/?p=46524' aria-hidden='false' data-av_icon='\ue8f1' data-av_iconfont='entypo-fontello' title='' data-avia-related-tooltip='Compartir en Twitter' rel=\"noopener\"><span class='avia_hidden_link_text'>Compartir en Twitter<\/span><\/a><\/li><li class='av-share-link av-social-link-whatsapp' ><a target=\"_blank\" aria-label=\"Compartir en Whatsapp\" href='https:\/\/api.whatsapp.com\/send?text=https:\/\/radiorevelacionfm.cl\/?p=46524' aria-hidden='false' data-av_icon='\uf232' data-av_iconfont='entypo-fontello' title='' data-avia-related-tooltip='Compartir en Whatsapp' rel=\"noopener\"><span class='avia_hidden_link_text'>Compartir en Whatsapp<\/span><\/a><\/li><li class='av-share-link av-social-link-linkedin' ><a target=\"_blank\" aria-label=\"Compartir en LinkedIn\" href='https:\/\/linkedin.com\/shareArticle?mini=true&#038;title=Delegado%20Rodrigo%20Araya%20destac%C3%B3%20despacho%20a%20ley%20del%20proyecto%20de%20Cumplimiento%20de%20Obligaciones%20Tributarias&#038;url=https:\/\/radiorevelacionfm.cl\/?p=46524' aria-hidden='false' data-av_icon='\ue8fc' data-av_iconfont='entypo-fontello' title='' data-avia-related-tooltip='Compartir en LinkedIn' rel=\"noopener\"><span class='avia_hidden_link_text'>Compartir en LinkedIn<\/span><\/a><\/li><li class='av-share-link av-social-link-mail' ><a  aria-label=\"Compartir por correo\" href='mailto:?subject=Delegado%20Rodrigo%20Araya%20destac%C3%B3%20despacho%20a%20ley%20del%20proyecto%20de%20Cumplimiento%20de%20Obligaciones%20Tributarias&#038;body=https:\/\/radiorevelacionfm.cl\/?p=46524' aria-hidden='false' data-av_icon='\ue805' data-av_iconfont='entypo-fontello' title='' data-avia-related-tooltip='Compartir por correo'><span class='avia_hidden_link_text'>Compartir por correo<\/span><\/a><\/li><\/ul><\/div><\/div>\n<div  style='height:50px' class='hr hr-invisible   avia-builder-el-8  el_after_av_social_share  el_before_av_comments_list '><span class='hr-inner ' ><span class='hr-inner-style'><\/span><\/span><\/div>\n<div  class='av-buildercomment  av-blog-meta-html-info-disabled av-blog-meta-tag-disabled  '><\/div>\n","protected":false},"excerpt":{"rendered":"","protected":false},"author":1,"featured_media":46525,"comment_status":"open","ping_status":"open","sticky":false,"template":"","format":"standard","meta":{"footnotes":""},"categories":[38],"tags":[],"class_list":["post-46524","post","type-post","status-publish","format-standard","has-post-thumbnail","hentry","category-regional"],"jetpack_featured_media_url":"https:\/\/radiorevelacionfm.cl\/wp-content\/uploads\/2024\/09\/rodrigo-araya-1-1_optimized-1.jpg","_links":{"self":[{"href":"https:\/\/radiorevelacionfm.cl\/index.php?rest_route=\/wp\/v2\/posts\/46524","targetHints":{"allow":["GET"]}}],"collection":[{"href":"https:\/\/radiorevelacionfm.cl\/index.php?rest_route=\/wp\/v2\/posts"}],"about":[{"href":"https:\/\/radiorevelacionfm.cl\/index.php?rest_route=\/wp\/v2\/types\/post"}],"author":[{"embeddable":true,"href":"https:\/\/radiorevelacionfm.cl\/index.php?rest_route=\/wp\/v2\/users\/1"}],"replies":[{"embeddable":true,"href":"https:\/\/radiorevelacionfm.cl\/index.php?rest_route=%2Fwp%2Fv2%2Fcomments&post=46524"}],"version-history":[{"count":1,"href":"https:\/\/radiorevelacionfm.cl\/index.php?rest_route=\/wp\/v2\/posts\/46524\/revisions"}],"predecessor-version":[{"id":46526,"href":"https:\/\/radiorevelacionfm.cl\/index.php?rest_route=\/wp\/v2\/posts\/46524\/revisions\/46526"}],"wp:featuredmedia":[{"embeddable":true,"href":"https:\/\/radiorevelacionfm.cl\/index.php?rest_route=\/wp\/v2\/media\/46525"}],"wp:attachment":[{"href":"https:\/\/radiorevelacionfm.cl\/index.php?rest_route=%2Fwp%2Fv2%2Fmedia&parent=46524"}],"wp:term":[{"taxonomy":"category","embeddable":true,"href":"https:\/\/radiorevelacionfm.cl\/index.php?rest_route=%2Fwp%2Fv2%2Fcategories&post=46524"},{"taxonomy":"post_tag","embeddable":true,"href":"https:\/\/radiorevelacionfm.cl\/index.php?rest_route=%2Fwp%2Fv2%2Ftags&post=46524"}],"curies":[{"name":"wp","href":"https:\/\/api.w.org\/{rel}","templated":true}]}}