{"id":4652,"date":"2021-05-28T21:47:36","date_gmt":"2021-05-29T00:47:36","guid":{"rendered":"https:\/\/radiorevelacionfm.cl\/?p=4652"},"modified":"2021-05-28T21:47:36","modified_gmt":"2021-05-29T00:47:36","slug":"labocar-realiza-peritajes-e-indaga-deceso-tras-incendio-de-hostal-en-isla-de-melimoyu","status":"publish","type":"post","link":"https:\/\/radiorevelacionfm.cl\/?p=4652","title":{"rendered":"Labocar realiza peritajes e indaga deceso tras incendio de hostal en isla de Melimoyu"},"content":{"rendered":"<div class=\"flex_column av_one_full  flex_column_div av-zero-column-padding first  avia-builder-el-0  el_before_av_one_full  avia-builder-el-first  \" style='border-radius:0px; '><div  class='avia-image-container  av-styling-    avia-builder-el-1  avia-builder-el-no-sibling  avia-align-center '  itemprop=\"image\" itemscope=\"itemscope\" itemtype=\"https:\/\/schema.org\/ImageObject\"  ><div class='avia-image-container-inner'><div class='avia-image-overlay-wrap'><img decoding=\"async\" class='wp-image-4653 avia-img-lazy-loading-not-4653 avia_image' src=\"https:\/\/radiorevelacionfm.cl\/wp-content\/uploads\/2021\/05\/Labocar_Melimoyu-1.jpg\" alt='' title='Labocar_Melimoyu (1)' height=\"600\" width=\"800\"  itemprop=\"thumbnailUrl\" srcset=\"https:\/\/radiorevelacionfm.cl\/wp-content\/uploads\/2021\/05\/Labocar_Melimoyu-1.jpg 800w, https:\/\/radiorevelacionfm.cl\/wp-content\/uploads\/2021\/05\/Labocar_Melimoyu-1-300x225.jpg 300w, https:\/\/radiorevelacionfm.cl\/wp-content\/uploads\/2021\/05\/Labocar_Melimoyu-1-768x576.jpg 768w, https:\/\/radiorevelacionfm.cl\/wp-content\/uploads\/2021\/05\/Labocar_Melimoyu-1-705x529.jpg 705w, https:\/\/radiorevelacionfm.cl\/wp-content\/uploads\/2021\/05\/Labocar_Melimoyu-1-600x450.jpg 600w\" sizes=\"(max-width: 800px) 100vw, 800px\" \/><\/div><\/div><\/div><\/div><div class=\"flex_column av_one_full  flex_column_div av-zero-column-padding first  avia-builder-el-2  el_after_av_one_full  el_before_av_one_full  column-top-margin\" style='border-radius:0px; '><section class=\"av_textblock_section \"  itemscope=\"itemscope\" itemtype=\"https:\/\/schema.org\/BlogPosting\" itemprop=\"blogPost\" ><div class='avia_textblock  '   itemprop=\"text\" ><p style=\"text-align: center;\"><strong><span style=\"font-size: 18pt;\">Labocar realiza peritajes e indaga deceso tras incendio de hostal en isla de Melimoyu<\/span><\/strong><\/p>\n<div id=\"gtx-trans\" style=\"position: absolute; left: -50px; top: 4.31534px;\">\n<div class=\"gtx-trans-icon\"><\/div>\n<\/div>\n<\/div><\/section><\/div><div class=\"flex_column av_one_full  flex_column_div av-zero-column-padding first  avia-builder-el-4  el_after_av_one_full  el_before_av_hr  column-top-margin\" style='border-radius:0px; '><section class=\"av_textblock_section \"  itemscope=\"itemscope\" itemtype=\"https:\/\/schema.org\/BlogPosting\" itemprop=\"blogPost\" ><div class='avia_textblock  '   itemprop=\"text\" ><p class=\"v1MsoNormal\" style=\"text-align: justify;\">Peritos del Laboratorio de Criminal\u00edstica de Carabineros (Labocar) a requerimiento de la Fiscal\u00eda, se trasladaron hasta la isla de Melimoyu, donde desarrollaron diversas diligencias orientadas a esclarecer el lamentable fallecimiento de una persona de sexo masculino luego del incendio que a mediados de esta semana afect\u00f3 a una hostal, donde se encontraban alojados trabajadores de la empresa Aqua Chile, en el litoral de Ays\u00e9n.<\/p>\n<p class=\"v1MsoNormal\" style=\"text-align: justify;\">Tras la distancia, lo aislado del lugar y las complejas condiciones clim\u00e1ticas, el personal especializado arrib\u00f3 al apartado lugar a bordo de una embarcaci\u00f3n particular, procediendo a efectuar la fijaci\u00f3n fotogr\u00e1fica y planim\u00e9trica del sitio del suceso, sumado al levantamiento de muestras de material carbonizados, las cuales ser\u00e1n sometidos a pruebas de an\u00e1lisis qu\u00edmico con la finalidad de establecer la causa y origen de la emergencia.<\/p>\n<p class=\"v1MsoNormal\" style=\"text-align: justify;\">Asimismo, peritos de Labocar realizaron indagatorias orientadas a determinar la identidad de la persona fallecida y establecer una hip\u00f3tesis sobre la causa de muerte, cuyos restos \u2013por instrucci\u00f3n de la Fiscal\u00eda- fueron levantados y trasladados a Puerto Cisnes, con la finalidad de ser derivados al Servicio M\u00e9dico Legal para la autopsia respectiva y establecer de manera cient\u00edfica su identidad y la causa basal de su deceso.<\/p>\n<p style=\"text-align: justify;\">Paralelamente y -dadas las bajas temperaturas propias de esta \u00e9poca del a\u00f1o- Carabineros de Labocar inst\u00f3 a la comunidad a efectuar una peri\u00f3dica mantenci\u00f3n de estufas a combusti\u00f3n y limpieza de ductos de humo, junto con revisar y no sobrecargar las instalaciones el\u00e9ctricas, as\u00ed como verificar el buen funcionamientos de estos artefactos, los cuales deben igualmente contar con la respectiva certificaci\u00f3n, permitiendo de esta forma prevenir la ocurrencia de tragedias producto de incendios en el hogar.<\/p>\n<\/div><\/section><\/div><div  style='height:50px' class='hr hr-invisible   avia-builder-el-6  el_after_av_one_full  el_before_av_social_share '><span class='hr-inner ' ><span class='hr-inner-style'><\/span><\/span><\/div><\/p>\n<div  class='av-social-sharing-box  avia-builder-el-7  el_after_av_hr  el_before_av_hr  '><div class='av-share-box'><h5 class='av-share-link-description av-no-toc '>Compartir esta noticia<\/h5><ul class='av-share-box-list noLightbox'><li class='av-share-link av-social-link-facebook' ><a target=\"_blank\" aria-label=\"Compartir en Facebook\" href='https:\/\/www.facebook.com\/sharer.php?u=https:\/\/radiorevelacionfm.cl\/?p=4652&#038;t=Labocar%20realiza%20peritajes%20e%20indaga%20deceso%20tras%20incendio%20de%20hostal%20en%20isla%20de%20Melimoyu' aria-hidden='false' data-av_icon='\ue8f3' data-av_iconfont='entypo-fontello' title='' data-avia-related-tooltip='Compartir en Facebook' rel=\"noopener\"><span class='avia_hidden_link_text'>Compartir en Facebook<\/span><\/a><\/li><li class='av-share-link av-social-link-twitter' ><a target=\"_blank\" aria-label=\"Compartir en Twitter\" href='https:\/\/twitter.com\/share?text=Labocar%20realiza%20peritajes%20e%20indaga%20deceso%20tras%20incendio%20de%20hostal%20en%20isla%20de%20Melimoyu&#038;url=https:\/\/radiorevelacionfm.cl\/?p=4652' aria-hidden='false' data-av_icon='\ue8f1' data-av_iconfont='entypo-fontello' title='' data-avia-related-tooltip='Compartir en Twitter' rel=\"noopener\"><span class='avia_hidden_link_text'>Compartir en Twitter<\/span><\/a><\/li><li class='av-share-link av-social-link-whatsapp' ><a target=\"_blank\" aria-label=\"Compartir en Whatsapp\" href='https:\/\/api.whatsapp.com\/send?text=https:\/\/radiorevelacionfm.cl\/?p=4652' aria-hidden='false' data-av_icon='\uf232' data-av_iconfont='entypo-fontello' title='' data-avia-related-tooltip='Compartir en Whatsapp' rel=\"noopener\"><span class='avia_hidden_link_text'>Compartir en Whatsapp<\/span><\/a><\/li><li class='av-share-link av-social-link-linkedin' ><a target=\"_blank\" aria-label=\"Compartir en LinkedIn\" href='https:\/\/linkedin.com\/shareArticle?mini=true&#038;title=Labocar%20realiza%20peritajes%20e%20indaga%20deceso%20tras%20incendio%20de%20hostal%20en%20isla%20de%20Melimoyu&#038;url=https:\/\/radiorevelacionfm.cl\/?p=4652' aria-hidden='false' data-av_icon='\ue8fc' data-av_iconfont='entypo-fontello' title='' data-avia-related-tooltip='Compartir en LinkedIn' rel=\"noopener\"><span class='avia_hidden_link_text'>Compartir en LinkedIn<\/span><\/a><\/li><li class='av-share-link av-social-link-mail' ><a  aria-label=\"Compartir por correo\" href='mailto:?subject=Labocar%20realiza%20peritajes%20e%20indaga%20deceso%20tras%20incendio%20de%20hostal%20en%20isla%20de%20Melimoyu&#038;body=https:\/\/radiorevelacionfm.cl\/?p=4652' aria-hidden='false' data-av_icon='\ue805' data-av_iconfont='entypo-fontello' title='' data-avia-related-tooltip='Compartir por correo'><span class='avia_hidden_link_text'>Compartir por correo<\/span><\/a><\/li><\/ul><\/div><\/div>\n<div  style='height:50px' class='hr hr-invisible   avia-builder-el-8  el_after_av_social_share  el_before_av_comments_list '><span class='hr-inner ' ><span class='hr-inner-style'><\/span><\/span><\/div>\n<div  class='av-buildercomment  av-blog-meta-html-info-disabled av-blog-meta-tag-disabled  '><\/div>\n","protected":false},"excerpt":{"rendered":"","protected":false},"author":1,"featured_media":4653,"comment_status":"open","ping_status":"open","sticky":false,"template":"","format":"standard","meta":{"footnotes":""},"categories":[36],"tags":[],"class_list":["post-4652","post","type-post","status-publish","format-standard","has-post-thumbnail","hentry","category-policial"],"jetpack_featured_media_url":"https:\/\/radiorevelacionfm.cl\/wp-content\/uploads\/2021\/05\/Labocar_Melimoyu-1.jpg","_links":{"self":[{"href":"https:\/\/radiorevelacionfm.cl\/index.php?rest_route=\/wp\/v2\/posts\/4652","targetHints":{"allow":["GET"]}}],"collection":[{"href":"https:\/\/radiorevelacionfm.cl\/index.php?rest_route=\/wp\/v2\/posts"}],"about":[{"href":"https:\/\/radiorevelacionfm.cl\/index.php?rest_route=\/wp\/v2\/types\/post"}],"author":[{"embeddable":true,"href":"https:\/\/radiorevelacionfm.cl\/index.php?rest_route=\/wp\/v2\/users\/1"}],"replies":[{"embeddable":true,"href":"https:\/\/radiorevelacionfm.cl\/index.php?rest_route=%2Fwp%2Fv2%2Fcomments&post=4652"}],"version-history":[{"count":1,"href":"https:\/\/radiorevelacionfm.cl\/index.php?rest_route=\/wp\/v2\/posts\/4652\/revisions"}],"predecessor-version":[{"id":4654,"href":"https:\/\/radiorevelacionfm.cl\/index.php?rest_route=\/wp\/v2\/posts\/4652\/revisions\/4654"}],"wp:featuredmedia":[{"embeddable":true,"href":"https:\/\/radiorevelacionfm.cl\/index.php?rest_route=\/wp\/v2\/media\/4653"}],"wp:attachment":[{"href":"https:\/\/radiorevelacionfm.cl\/index.php?rest_route=%2Fwp%2Fv2%2Fmedia&parent=4652"}],"wp:term":[{"taxonomy":"category","embeddable":true,"href":"https:\/\/radiorevelacionfm.cl\/index.php?rest_route=%2Fwp%2Fv2%2Fcategories&post=4652"},{"taxonomy":"post_tag","embeddable":true,"href":"https:\/\/radiorevelacionfm.cl\/index.php?rest_route=%2Fwp%2Fv2%2Ftags&post=4652"}],"curies":[{"name":"wp","href":"https:\/\/api.w.org\/{rel}","templated":true}]}}