{"id":46514,"date":"2024-09-27T15:04:07","date_gmt":"2024-09-27T18:04:07","guid":{"rendered":"https:\/\/radiorevelacionfm.cl\/?p=46514"},"modified":"2024-09-27T15:04:07","modified_gmt":"2024-09-27T18:04:07","slug":"la-academia-de-mujeres-con-energia-inicio-su-7-version-con-emprendedoras-de-la-region","status":"publish","type":"post","link":"https:\/\/radiorevelacionfm.cl\/?p=46514","title":{"rendered":"La academia de \u201cMujeres con Energ\u00eda\u201d inici\u00f3 su 7\u00b0 versi\u00f3n con emprendedoras de la regi\u00f3n"},"content":{"rendered":"<div class=\"flex_column av_one_full  flex_column_div av-zero-column-padding first  avia-builder-el-0  el_before_av_one_full  avia-builder-el-first  \" style='border-radius:0px; '><div  class='avia-image-container  av-styling-    avia-builder-el-1  avia-builder-el-no-sibling  avia-align-center '  itemprop=\"image\" itemscope=\"itemscope\" itemtype=\"https:\/\/schema.org\/ImageObject\"  ><div class='avia-image-container-inner'><div class='avia-image-overlay-wrap'><img decoding=\"async\" class='wp-image-46515 avia-img-lazy-loading-not-46515 avia_image' src=\"https:\/\/radiorevelacionfm.cl\/wp-content\/uploads\/2024\/09\/MCE-SEP1-1-1.jpeg\" alt='' title='MCE SEP1 (1) (1)' height=\"600\" width=\"800\"  itemprop=\"thumbnailUrl\" srcset=\"https:\/\/radiorevelacionfm.cl\/wp-content\/uploads\/2024\/09\/MCE-SEP1-1-1.jpeg 800w, https:\/\/radiorevelacionfm.cl\/wp-content\/uploads\/2024\/09\/MCE-SEP1-1-1-300x225.jpeg 300w, https:\/\/radiorevelacionfm.cl\/wp-content\/uploads\/2024\/09\/MCE-SEP1-1-1-768x576.jpeg 768w, https:\/\/radiorevelacionfm.cl\/wp-content\/uploads\/2024\/09\/MCE-SEP1-1-1-705x529.jpeg 705w, https:\/\/radiorevelacionfm.cl\/wp-content\/uploads\/2024\/09\/MCE-SEP1-1-1-450x338.jpeg 450w, https:\/\/radiorevelacionfm.cl\/wp-content\/uploads\/2024\/09\/MCE-SEP1-1-1-600x450.jpeg 600w\" sizes=\"(max-width: 800px) 100vw, 800px\" \/><\/div><\/div><\/div><\/div><div class=\"flex_column av_one_full  flex_column_div av-zero-column-padding first  avia-builder-el-2  el_after_av_one_full  el_before_av_one_full  column-top-margin\" style='border-radius:0px; '><section class=\"av_textblock_section \"  itemscope=\"itemscope\" itemtype=\"https:\/\/schema.org\/BlogPosting\" itemprop=\"blogPost\" ><div class='avia_textblock  '   itemprop=\"text\" ><p style=\"text-align: center;\"><strong><span style=\"font-size: 18pt;\">La academia de \u201cMujeres con Energ\u00eda\u201d inici\u00f3 su 7\u00b0 versi\u00f3n con emprendedoras de la regi\u00f3n<\/span><\/strong><\/p>\n<div id=\"gtx-trans\" style=\"position: absolute; left: -50px; top: 4.31534px;\">\n<div class=\"gtx-trans-icon\"><\/div>\n<\/div>\n<\/div><\/section><\/div><div class=\"flex_column av_one_full  flex_column_div av-zero-column-padding first  avia-builder-el-4  el_after_av_one_full  el_before_av_hr  column-top-margin\" style='border-radius:0px; '><section class=\"av_textblock_section \"  itemscope=\"itemscope\" itemtype=\"https:\/\/schema.org\/BlogPosting\" itemprop=\"blogPost\" ><div class='avia_textblock  '   itemprop=\"text\" ><p style=\"text-align: justify;\"><em>La el\u00e9ctrica dio inicio a una nueva edici\u00f3n de su programa de capacitaci\u00f3n, con la participaci\u00f3n de 12 emprendedoras de las diferentes comunas y localidades de la regi\u00f3n de Ays\u00e9n.<\/em><\/p>\n<p style=\"text-align: justify;\">La s\u00e9ptima edici\u00f3n de la Academia Mujeres con Energ\u00eda de Edelaysen junto a Grupo Saesa, ha reunido a 12 emprendedoras de la regi\u00f3n de Ays\u00e9n, quienes est\u00e1n participando de un proceso de formaci\u00f3n enfocado en fortalecer sus habilidades empresariales. El programa, que concluir\u00e1 el 5 de noviembre incluye dos categor\u00edas: Empresa (aquellas formalizadas ante el Servicio de Impuestos Internos en primera y segunda categor\u00eda) y persona natural (para emprendedoras que a\u00fan no han iniciado actividades, pero con proyecci\u00f3n a formalizar).<\/p>\n<p style=\"text-align: justify;\">Yasna Vera, ejecutiva de Edelaysen coment\u00f3 que: \u201cEste programa refleja nuestro compromiso con el desarrollo de las mujeres emprendedoras de Ays\u00e9n, quienes con su esfuerzo y dedicaci\u00f3n est\u00e1n generando un impacto positivo en sus comunidades. Estamos muy orgullosos de acompa\u00f1arlas en este proceso y ver como se fortalecen sus emprendimientos\u201d.<\/p>\n<p style=\"text-align: justify;\">De acuerdo con ello, las clases abarcan temas fundamentales como el liderazgo, innovaci\u00f3n y sostenibilidad, brindando herramientas pr\u00e1cticas para que las participantes impulsen sus negocios. En tal sentido, a partir de la semana del 18 de noviembre, se dar\u00e1n a conocer los resultados, destacando a las emprendedoras m\u00e1s sobresalientes, quienes recibir\u00e1n reconocimiento que podr\u00e1n utilizar para el crecimiento de sus proyectos.<\/p>\n<p style=\"text-align: justify;\">Yoana Castillo, una de las ganadoras de la 6\u00b0 versi\u00f3n de la academia, con su emprendimiento de flores de cultivo al corte llamado \u201cPensamiento Patag\u00f3n Coyhaique\u201d, coment\u00f3 su experiencia como part\u00edcipe de este programa agregando qu\u00e9: \u201cLa academia nos sirvi\u00f3 much\u00edsimo con el tema de hacer marketing, los videos, sobre todo uno que tiene un poquito de susto con esto de las c\u00e1maras y tambi\u00e9n ser m\u00e1s ordenados ya que uno como emprendedor no tiene ese enganche de ser ordenado con las cuentas ya que todo lo que llega uno lo destina o a la casa o a otro tipo de gastos por tanto esta academia me sirvi\u00f3 bastante\u201d.<\/p>\n<p style=\"text-align: justify;\">Con este programa, Edelaysen reafirma su compromiso con el desarrollo de las comunidades locales, apostando por la igualdad de oportunidades y el empoderamiento femenino en la regi\u00f3n de Ays\u00e9n.\u00a0<strong>\u00a0<\/strong><\/p>\n<p style=\"text-align: justify;\"><strong>\u00a0<\/strong><\/p>\n<\/div><\/section><\/div><div  style='height:50px' class='hr hr-invisible   avia-builder-el-6  el_after_av_one_full  el_before_av_social_share '><span class='hr-inner ' ><span class='hr-inner-style'><\/span><\/span><\/div><\/p>\n<div  class='av-social-sharing-box  avia-builder-el-7  el_after_av_hr  el_before_av_hr  '><div class='av-share-box'><h5 class='av-share-link-description av-no-toc '>Compartir esta noticia<\/h5><ul class='av-share-box-list noLightbox'><li class='av-share-link av-social-link-facebook' ><a target=\"_blank\" aria-label=\"Compartir en Facebook\" href='https:\/\/www.facebook.com\/sharer.php?u=https:\/\/radiorevelacionfm.cl\/?p=46514&#038;t=La%20academia%20de%20%E2%80%9CMujeres%20con%20Energ%C3%ADa%E2%80%9D%20inici%C3%B3%20su%207%C2%B0%20versi%C3%B3n%20con%20emprendedoras%20de%20la%20regi%C3%B3n' aria-hidden='false' data-av_icon='\ue8f3' data-av_iconfont='entypo-fontello' title='' data-avia-related-tooltip='Compartir en Facebook' rel=\"noopener\"><span class='avia_hidden_link_text'>Compartir en Facebook<\/span><\/a><\/li><li class='av-share-link av-social-link-twitter' ><a target=\"_blank\" aria-label=\"Compartir en Twitter\" href='https:\/\/twitter.com\/share?text=La%20academia%20de%20%E2%80%9CMujeres%20con%20Energ%C3%ADa%E2%80%9D%20inici%C3%B3%20su%207%C2%B0%20versi%C3%B3n%20con%20emprendedoras%20de%20la%20regi%C3%B3n&#038;url=https:\/\/radiorevelacionfm.cl\/?p=46514' aria-hidden='false' data-av_icon='\ue8f1' data-av_iconfont='entypo-fontello' title='' data-avia-related-tooltip='Compartir en Twitter' rel=\"noopener\"><span class='avia_hidden_link_text'>Compartir en Twitter<\/span><\/a><\/li><li class='av-share-link av-social-link-whatsapp' ><a target=\"_blank\" aria-label=\"Compartir en Whatsapp\" href='https:\/\/api.whatsapp.com\/send?text=https:\/\/radiorevelacionfm.cl\/?p=46514' aria-hidden='false' data-av_icon='\uf232' data-av_iconfont='entypo-fontello' title='' data-avia-related-tooltip='Compartir en Whatsapp' rel=\"noopener\"><span class='avia_hidden_link_text'>Compartir en Whatsapp<\/span><\/a><\/li><li class='av-share-link av-social-link-linkedin' ><a target=\"_blank\" aria-label=\"Compartir en LinkedIn\" href='https:\/\/linkedin.com\/shareArticle?mini=true&#038;title=La%20academia%20de%20%E2%80%9CMujeres%20con%20Energ%C3%ADa%E2%80%9D%20inici%C3%B3%20su%207%C2%B0%20versi%C3%B3n%20con%20emprendedoras%20de%20la%20regi%C3%B3n&#038;url=https:\/\/radiorevelacionfm.cl\/?p=46514' aria-hidden='false' data-av_icon='\ue8fc' data-av_iconfont='entypo-fontello' title='' data-avia-related-tooltip='Compartir en LinkedIn' rel=\"noopener\"><span class='avia_hidden_link_text'>Compartir en LinkedIn<\/span><\/a><\/li><li class='av-share-link av-social-link-mail' ><a  aria-label=\"Compartir por correo\" href='mailto:?subject=La%20academia%20de%20%E2%80%9CMujeres%20con%20Energ%C3%ADa%E2%80%9D%20inici%C3%B3%20su%207%C2%B0%20versi%C3%B3n%20con%20emprendedoras%20de%20la%20regi%C3%B3n&#038;body=https:\/\/radiorevelacionfm.cl\/?p=46514' aria-hidden='false' data-av_icon='\ue805' data-av_iconfont='entypo-fontello' title='' data-avia-related-tooltip='Compartir por correo'><span class='avia_hidden_link_text'>Compartir por correo<\/span><\/a><\/li><\/ul><\/div><\/div>\n<div  style='height:50px' class='hr hr-invisible   avia-builder-el-8  el_after_av_social_share  el_before_av_comments_list '><span class='hr-inner ' ><span class='hr-inner-style'><\/span><\/span><\/div>\n<div  class='av-buildercomment  av-blog-meta-html-info-disabled av-blog-meta-tag-disabled  '><\/div>\n","protected":false},"excerpt":{"rendered":"","protected":false},"author":1,"featured_media":46515,"comment_status":"open","ping_status":"open","sticky":false,"template":"","format":"standard","meta":{"footnotes":""},"categories":[38],"tags":[],"class_list":["post-46514","post","type-post","status-publish","format-standard","has-post-thumbnail","hentry","category-regional"],"jetpack_featured_media_url":"https:\/\/radiorevelacionfm.cl\/wp-content\/uploads\/2024\/09\/MCE-SEP1-1-1.jpeg","_links":{"self":[{"href":"https:\/\/radiorevelacionfm.cl\/index.php?rest_route=\/wp\/v2\/posts\/46514","targetHints":{"allow":["GET"]}}],"collection":[{"href":"https:\/\/radiorevelacionfm.cl\/index.php?rest_route=\/wp\/v2\/posts"}],"about":[{"href":"https:\/\/radiorevelacionfm.cl\/index.php?rest_route=\/wp\/v2\/types\/post"}],"author":[{"embeddable":true,"href":"https:\/\/radiorevelacionfm.cl\/index.php?rest_route=\/wp\/v2\/users\/1"}],"replies":[{"embeddable":true,"href":"https:\/\/radiorevelacionfm.cl\/index.php?rest_route=%2Fwp%2Fv2%2Fcomments&post=46514"}],"version-history":[{"count":1,"href":"https:\/\/radiorevelacionfm.cl\/index.php?rest_route=\/wp\/v2\/posts\/46514\/revisions"}],"predecessor-version":[{"id":46516,"href":"https:\/\/radiorevelacionfm.cl\/index.php?rest_route=\/wp\/v2\/posts\/46514\/revisions\/46516"}],"wp:featuredmedia":[{"embeddable":true,"href":"https:\/\/radiorevelacionfm.cl\/index.php?rest_route=\/wp\/v2\/media\/46515"}],"wp:attachment":[{"href":"https:\/\/radiorevelacionfm.cl\/index.php?rest_route=%2Fwp%2Fv2%2Fmedia&parent=46514"}],"wp:term":[{"taxonomy":"category","embeddable":true,"href":"https:\/\/radiorevelacionfm.cl\/index.php?rest_route=%2Fwp%2Fv2%2Fcategories&post=46514"},{"taxonomy":"post_tag","embeddable":true,"href":"https:\/\/radiorevelacionfm.cl\/index.php?rest_route=%2Fwp%2Fv2%2Ftags&post=46514"}],"curies":[{"name":"wp","href":"https:\/\/api.w.org\/{rel}","templated":true}]}}