{"id":46511,"date":"2024-09-27T14:26:17","date_gmt":"2024-09-27T17:26:17","guid":{"rendered":"https:\/\/radiorevelacionfm.cl\/?p=46511"},"modified":"2024-09-27T14:26:17","modified_gmt":"2024-09-27T17:26:17","slug":"aysen-debuta-con-siete-medallas-en-los-juegos-deportivos-nacionales","status":"publish","type":"post","link":"https:\/\/radiorevelacionfm.cl\/?p=46511","title":{"rendered":"Ays\u00e9n debuta con siete medallas en los Juegos Deportivos Nacionales"},"content":{"rendered":"<div class=\"flex_column av_one_full  flex_column_div av-zero-column-padding first  avia-builder-el-0  el_before_av_one_full  avia-builder-el-first  \" style='border-radius:0px; '><div  class='avia-image-container  av-styling-    avia-builder-el-1  avia-builder-el-no-sibling  avia-align-center '  itemprop=\"image\" itemscope=\"itemscope\" itemtype=\"https:\/\/schema.org\/ImageObject\"  ><div class='avia-image-container-inner'><div class='avia-image-overlay-wrap'><img decoding=\"async\" class='wp-image-46512 avia-img-lazy-loading-not-46512 avia_image' src=\"https:\/\/radiorevelacionfm.cl\/wp-content\/uploads\/2024\/09\/ind-judo_-2-1_optimized.jpg\" alt='' title='ind-judo_-2-(1)_optimized' height=\"600\" width=\"1024\"  itemprop=\"thumbnailUrl\" srcset=\"https:\/\/radiorevelacionfm.cl\/wp-content\/uploads\/2024\/09\/ind-judo_-2-1_optimized.jpg 1024w, https:\/\/radiorevelacionfm.cl\/wp-content\/uploads\/2024\/09\/ind-judo_-2-1_optimized-300x176.jpg 300w, https:\/\/radiorevelacionfm.cl\/wp-content\/uploads\/2024\/09\/ind-judo_-2-1_optimized-768x450.jpg 768w, https:\/\/radiorevelacionfm.cl\/wp-content\/uploads\/2024\/09\/ind-judo_-2-1_optimized-705x413.jpg 705w, https:\/\/radiorevelacionfm.cl\/wp-content\/uploads\/2024\/09\/ind-judo_-2-1_optimized-450x264.jpg 450w, https:\/\/radiorevelacionfm.cl\/wp-content\/uploads\/2024\/09\/ind-judo_-2-1_optimized-600x352.jpg 600w\" sizes=\"(max-width: 1024px) 100vw, 1024px\" \/><\/div><\/div><\/div><\/div><div class=\"flex_column av_one_full  flex_column_div av-zero-column-padding first  avia-builder-el-2  el_after_av_one_full  el_before_av_one_full  column-top-margin\" style='border-radius:0px; '><section class=\"av_textblock_section \"  itemscope=\"itemscope\" itemtype=\"https:\/\/schema.org\/BlogPosting\" itemprop=\"blogPost\" ><div class='avia_textblock  '   itemprop=\"text\" ><p style=\"text-align: center;\"><strong><span style=\"font-size: 18pt;\">Ays\u00e9n debuta con siete medallas en los Juegos Deportivos Nacionales <\/span><\/strong><\/p>\n<div id=\"gtx-trans\" style=\"position: absolute; left: -50px; top: 4.31534px;\">\n<div class=\"gtx-trans-icon\"><\/div>\n<\/div>\n<\/div><\/section><\/div><div class=\"flex_column av_one_full  flex_column_div av-zero-column-padding first  avia-builder-el-4  el_after_av_one_full  el_before_av_hr  column-top-margin\" style='border-radius:0px; '><section class=\"av_textblock_section \"  itemscope=\"itemscope\" itemtype=\"https:\/\/schema.org\/BlogPosting\" itemprop=\"blogPost\" ><div class='avia_textblock  '   itemprop=\"text\" ><p class=\"v1MsoNormal\" style=\"text-align: justify;\"><i>Delegaci\u00f3n de Judo concluy\u00f3 su participaci\u00f3n en lo alto del podio en certamen deportivo que se desarrolla hasta al 5 de octubre en la regi\u00f3n de la Araucan\u00eda.<\/i><\/p>\n<p class=\"v1MsoNormal\" style=\"text-align: justify;\">Con buenos resultados para nuestra regi\u00f3n, arrancaron \u00a0los Juegos Deportivos Nacionales y Paranacionales, mega evento multideportivo e interregional, donde participan los mejores deportistas de cada disciplina en la categor\u00eda \u00abTodo Competidor del Mindep-IND.<\/p>\n<p class=\"v1MsoNormal\" style=\"text-align: justify;\">\u00a0El equipo de judoca dirigido por el sensei Reynaldo Figueroa, logr\u00f3 un total de 7 preseas:<\/p>\n<p class=\"v1MsoNormal\" style=\"text-align: justify;\">BRONCE: Lucas Rojas -60, Wladimir Soto -78, Kenneth Letcher +100<\/p>\n<p class=\"v1MsoNormal\" style=\"text-align: justify;\">PLATA:\u00a0Noel Mu\u00f1oz -9, Sebasti\u00e1n P\u00e9rez -73, Isabel C\u00e1ceres-52.<\/p>\n<p class=\"v1MsoNormal\" style=\"text-align: justify;\">ORO:\u00a0Camila Lagos -70<\/p>\n<p class=\"v1MsoNormal\" style=\"text-align: justify;\">As\u00ed lo inform\u00f3 la Seremi del Deporte, Mar\u00eda Eugenia Dur\u00e1n, quien viaj\u00f3 hasta la regi\u00f3n de la Araucan\u00eda: \u00abel judo es una de las disciplinas que siempre nos da muchas alegr\u00edas como regi\u00f3n y estos Juegos Nacionales y Paranacionales nuevamente brillaron;\u00a0 como Mindep-IND y junto a su director Javier Medina, estamos muy contentos por su desempe\u00f1o,\u00a0 lo que evidencia el trabajo y la dedicaci\u00f3n de estos deportistas y de su entrenador Reynaldo Figueroa; destacar tambi\u00e9n el apoyo permanente del IND, cabe destacar nuestros judocas entrenar en el Centro de Alto Rendimiento, tambi\u00e9n valorar el apoyo del Gobierno regional y su Concejo para con los deportistas. Esto confirma que el trabajo mancomunado puede lograr grandes cosas y como gobierno del Presidente Gabriel Boric estamos precisamente mandatados a continuar apoyando el deporte de alto rendimiento desde sus inicios y en todas sus etapas, se\u00f1alar adem\u00e1s que a\u00fan quedan varias disciplinas en competencia que van viajando a los Juegos y les deseamos el mayor de los \u00e9xitos\u00bb.<\/p>\n<p class=\"v1MsoNormal\" style=\"text-align: justify;\">Asimismo, Reynaldo Figueroa, entrenador de Judo de la regi\u00f3n de Ays\u00e9n se\u00f1al\u00f3: \u00abla selecci\u00f3n de Judo de la regi\u00f3n de Ays\u00e9n particip\u00f3 en los Juegos Nacionales 2024 en Puc\u00f3n; el desarrollo del torneo fue impecable juntando lo m\u00e1s granado de judo nacional adulto. Ays\u00e9n sigue siendo uno de los mejores equipos del pa\u00eds\u00a0 y queda demostrado por los resultados,\u00a0 para m\u00ed como entrenador la meta estaba un poco m\u00e1s arriba pero hay detalles que no se manejan como arbitraje y los errores t\u00e1cticos de los deportistas. Raya para la suma muy bien Ays\u00e9n con los resultados y se nos viene el pr\u00f3ximo desaf\u00edo que son los juegos de la Araucan\u00eda que ser\u00e1n en nuestra regi\u00f3n, as\u00ed que a seguir trabajando para nuestra juventud deportiva nos represente\u00bb.<\/p>\n<p class=\"v1MsoNormal\" style=\"text-align: justify;\">Sebasti\u00e1n P\u00e9rez Millacura, seleccionado regional y medalla de plata categor\u00eda -73 kilos en los Juegos Nacionales 2024, precis\u00f3: \u00abme sent\u00ed muy bien compitiendo aunque no es mi categor\u00eda habitual que es la de 66 Kg., esta es una categor\u00eda m\u00e1s arriba pero de me dios muy bien y logr\u00e9 disputar\u00a0 cuatro luchas en la cual gan\u00e9 tres por Ippon (expresi\u00f3n empleada en los combates para designar un punto) y perdiendo la final con el representante de Santiago por Waza-ari (segunda puntuaci\u00f3n m\u00e1s alta que un luchador puede lograr). Lo que viene ahora es el nacional zona norte que se va\u00a0 realizar en\u00a0 Iquique y posteriormente acompa\u00f1ar\u00e9 como entrenador a los deportistas de las categor\u00edas menores que viajar\u00e1n a los Juegos Deportivos Escolares en la ciudad de Santiago.<\/p>\n<\/div><\/section><\/div><div  style='height:50px' class='hr hr-invisible   avia-builder-el-6  el_after_av_one_full  el_before_av_social_share '><span class='hr-inner ' ><span class='hr-inner-style'><\/span><\/span><\/div><\/p>\n<div  class='av-social-sharing-box  avia-builder-el-7  el_after_av_hr  el_before_av_hr  '><div class='av-share-box'><h5 class='av-share-link-description av-no-toc '>Compartir esta noticia<\/h5><ul class='av-share-box-list noLightbox'><li class='av-share-link av-social-link-facebook' ><a target=\"_blank\" aria-label=\"Compartir en Facebook\" href='https:\/\/www.facebook.com\/sharer.php?u=https:\/\/radiorevelacionfm.cl\/?p=46511&#038;t=Ays%C3%A9n%20debuta%20con%20siete%20medallas%20en%20los%20Juegos%20Deportivos%20Nacionales' aria-hidden='false' data-av_icon='\ue8f3' data-av_iconfont='entypo-fontello' title='' data-avia-related-tooltip='Compartir en Facebook' rel=\"noopener\"><span class='avia_hidden_link_text'>Compartir en Facebook<\/span><\/a><\/li><li class='av-share-link av-social-link-twitter' ><a target=\"_blank\" aria-label=\"Compartir en Twitter\" href='https:\/\/twitter.com\/share?text=Ays%C3%A9n%20debuta%20con%20siete%20medallas%20en%20los%20Juegos%20Deportivos%20Nacionales&#038;url=https:\/\/radiorevelacionfm.cl\/?p=46511' aria-hidden='false' data-av_icon='\ue8f1' data-av_iconfont='entypo-fontello' title='' data-avia-related-tooltip='Compartir en Twitter' rel=\"noopener\"><span class='avia_hidden_link_text'>Compartir en Twitter<\/span><\/a><\/li><li class='av-share-link av-social-link-whatsapp' ><a target=\"_blank\" aria-label=\"Compartir en Whatsapp\" href='https:\/\/api.whatsapp.com\/send?text=https:\/\/radiorevelacionfm.cl\/?p=46511' aria-hidden='false' data-av_icon='\uf232' data-av_iconfont='entypo-fontello' title='' data-avia-related-tooltip='Compartir en Whatsapp' rel=\"noopener\"><span class='avia_hidden_link_text'>Compartir en Whatsapp<\/span><\/a><\/li><li class='av-share-link av-social-link-linkedin' ><a target=\"_blank\" aria-label=\"Compartir en LinkedIn\" href='https:\/\/linkedin.com\/shareArticle?mini=true&#038;title=Ays%C3%A9n%20debuta%20con%20siete%20medallas%20en%20los%20Juegos%20Deportivos%20Nacionales&#038;url=https:\/\/radiorevelacionfm.cl\/?p=46511' aria-hidden='false' data-av_icon='\ue8fc' data-av_iconfont='entypo-fontello' title='' data-avia-related-tooltip='Compartir en LinkedIn' rel=\"noopener\"><span class='avia_hidden_link_text'>Compartir en LinkedIn<\/span><\/a><\/li><li class='av-share-link av-social-link-mail' ><a  aria-label=\"Compartir por correo\" href='mailto:?subject=Ays%C3%A9n%20debuta%20con%20siete%20medallas%20en%20los%20Juegos%20Deportivos%20Nacionales&#038;body=https:\/\/radiorevelacionfm.cl\/?p=46511' aria-hidden='false' data-av_icon='\ue805' data-av_iconfont='entypo-fontello' title='' data-avia-related-tooltip='Compartir por correo'><span class='avia_hidden_link_text'>Compartir por correo<\/span><\/a><\/li><\/ul><\/div><\/div>\n<div  style='height:50px' class='hr hr-invisible   avia-builder-el-8  el_after_av_social_share  el_before_av_comments_list '><span class='hr-inner ' ><span class='hr-inner-style'><\/span><\/span><\/div>\n<div  class='av-buildercomment  av-blog-meta-html-info-disabled av-blog-meta-tag-disabled  '><\/div>\n","protected":false},"excerpt":{"rendered":"","protected":false},"author":1,"featured_media":46512,"comment_status":"open","ping_status":"open","sticky":false,"template":"","format":"standard","meta":{"footnotes":""},"categories":[40],"tags":[],"class_list":["post-46511","post","type-post","status-publish","format-standard","has-post-thumbnail","hentry","category-deportes"],"jetpack_featured_media_url":"https:\/\/radiorevelacionfm.cl\/wp-content\/uploads\/2024\/09\/ind-judo_-2-1_optimized.jpg","_links":{"self":[{"href":"https:\/\/radiorevelacionfm.cl\/index.php?rest_route=\/wp\/v2\/posts\/46511","targetHints":{"allow":["GET"]}}],"collection":[{"href":"https:\/\/radiorevelacionfm.cl\/index.php?rest_route=\/wp\/v2\/posts"}],"about":[{"href":"https:\/\/radiorevelacionfm.cl\/index.php?rest_route=\/wp\/v2\/types\/post"}],"author":[{"embeddable":true,"href":"https:\/\/radiorevelacionfm.cl\/index.php?rest_route=\/wp\/v2\/users\/1"}],"replies":[{"embeddable":true,"href":"https:\/\/radiorevelacionfm.cl\/index.php?rest_route=%2Fwp%2Fv2%2Fcomments&post=46511"}],"version-history":[{"count":1,"href":"https:\/\/radiorevelacionfm.cl\/index.php?rest_route=\/wp\/v2\/posts\/46511\/revisions"}],"predecessor-version":[{"id":46513,"href":"https:\/\/radiorevelacionfm.cl\/index.php?rest_route=\/wp\/v2\/posts\/46511\/revisions\/46513"}],"wp:featuredmedia":[{"embeddable":true,"href":"https:\/\/radiorevelacionfm.cl\/index.php?rest_route=\/wp\/v2\/media\/46512"}],"wp:attachment":[{"href":"https:\/\/radiorevelacionfm.cl\/index.php?rest_route=%2Fwp%2Fv2%2Fmedia&parent=46511"}],"wp:term":[{"taxonomy":"category","embeddable":true,"href":"https:\/\/radiorevelacionfm.cl\/index.php?rest_route=%2Fwp%2Fv2%2Fcategories&post=46511"},{"taxonomy":"post_tag","embeddable":true,"href":"https:\/\/radiorevelacionfm.cl\/index.php?rest_route=%2Fwp%2Fv2%2Ftags&post=46511"}],"curies":[{"name":"wp","href":"https:\/\/api.w.org\/{rel}","templated":true}]}}