{"id":46506,"date":"2024-09-27T10:11:53","date_gmt":"2024-09-27T13:11:53","guid":{"rendered":"https:\/\/radiorevelacionfm.cl\/?p=46506"},"modified":"2024-09-27T10:11:53","modified_gmt":"2024-09-27T13:11:53","slug":"gobierno-regional-de-aysen-aprobo-recursos-para-sistema-automatizado-de-identificacion-biometrica-de-la-pdi","status":"publish","type":"post","link":"https:\/\/radiorevelacionfm.cl\/?p=46506","title":{"rendered":"Gobierno Regional de Ays\u00e9n aprob\u00f3 recursos para Sistema Automatizado de Identificaci\u00f3n Biom\u00e9trica de la PDI"},"content":{"rendered":"<div class=\"flex_column av_one_full  flex_column_div av-zero-column-padding first  avia-builder-el-0  el_before_av_one_full  avia-builder-el-first  \" style='border-radius:0px; '><div  class='avia-image-container  av-styling-    avia-builder-el-1  avia-builder-el-no-sibling  avia-align-center '  itemprop=\"image\" itemscope=\"itemscope\" itemtype=\"https:\/\/schema.org\/ImageObject\"  ><div class='avia-image-container-inner'><div class='avia-image-overlay-wrap'><img decoding=\"async\" class='wp-image-46507 avia-img-lazy-loading-not-46507 avia_image' src=\"https:\/\/radiorevelacionfm.cl\/wp-content\/uploads\/2024\/09\/WhatsApp-Image-2024-09-26-at-1.04.16-PM-1-1.jpeg\" alt='' title='WhatsApp Image 2024-09-26 at 1.04.16 PM (1) (1)' height=\"600\" width=\"1045\"  itemprop=\"thumbnailUrl\" srcset=\"https:\/\/radiorevelacionfm.cl\/wp-content\/uploads\/2024\/09\/WhatsApp-Image-2024-09-26-at-1.04.16-PM-1-1.jpeg 1045w, https:\/\/radiorevelacionfm.cl\/wp-content\/uploads\/2024\/09\/WhatsApp-Image-2024-09-26-at-1.04.16-PM-1-1-300x172.jpeg 300w, https:\/\/radiorevelacionfm.cl\/wp-content\/uploads\/2024\/09\/WhatsApp-Image-2024-09-26-at-1.04.16-PM-1-1-1030x591.jpeg 1030w, https:\/\/radiorevelacionfm.cl\/wp-content\/uploads\/2024\/09\/WhatsApp-Image-2024-09-26-at-1.04.16-PM-1-1-768x441.jpeg 768w, https:\/\/radiorevelacionfm.cl\/wp-content\/uploads\/2024\/09\/WhatsApp-Image-2024-09-26-at-1.04.16-PM-1-1-705x405.jpeg 705w, https:\/\/radiorevelacionfm.cl\/wp-content\/uploads\/2024\/09\/WhatsApp-Image-2024-09-26-at-1.04.16-PM-1-1-450x258.jpeg 450w, https:\/\/radiorevelacionfm.cl\/wp-content\/uploads\/2024\/09\/WhatsApp-Image-2024-09-26-at-1.04.16-PM-1-1-600x344.jpeg 600w\" sizes=\"(max-width: 1045px) 100vw, 1045px\" \/><\/div><\/div><\/div><\/div><div class=\"flex_column av_one_full  flex_column_div av-zero-column-padding first  avia-builder-el-2  el_after_av_one_full  el_before_av_one_full  column-top-margin\" style='border-radius:0px; '><section class=\"av_textblock_section \"  itemscope=\"itemscope\" itemtype=\"https:\/\/schema.org\/BlogPosting\" itemprop=\"blogPost\" ><div class='avia_textblock  '   itemprop=\"text\" ><p style=\"text-align: center;\"><strong><span style=\"font-size: 18pt;\"><b>Gobierno Regional de Ays\u00e9n <\/b>aprob\u00f3 recursos para Sistema Automatizado de Identificaci\u00f3n Biom\u00e9trica de la PDI<\/span><\/strong><\/p>\n<div id=\"gtx-trans\" style=\"position: absolute; left: -50px; top: 4.31534px;\">\n<div class=\"gtx-trans-icon\"><\/div>\n<\/div>\n<\/div><\/section><\/div><div class=\"flex_column av_one_full  flex_column_div av-zero-column-padding first  avia-builder-el-4  el_after_av_one_full  el_before_av_hr  column-top-margin\" style='border-radius:0px; '><section class=\"av_textblock_section \"  itemscope=\"itemscope\" itemtype=\"https:\/\/schema.org\/BlogPosting\" itemprop=\"blogPost\" ><div class='avia_textblock  '   itemprop=\"text\" ><p style=\"font-weight: 400; text-align: justify;\">El Gobierno Regional de Ays\u00e9n aprob\u00f3 este jueves una inversi\u00f3n que supera los 1.200 millones de pesos para la implementaci\u00f3n del Sistema Automatizado de Identificaci\u00f3n Biom\u00e9trica (ABIS), tras una alianza entre el Gobierno, gobiernos regionales, consejeros regionales y la Polic\u00eda de Investigaciones (PDI).<\/p>\n<p style=\"font-weight: 400; text-align: justify;\">Con esta iniciativa, el Gobierno busca fortalecer la seguridad nacional a trav\u00e9s de la implementaci\u00f3n de un sistema de identificaci\u00f3n biom\u00e9trica a nivel nacional, que permita mejorar el control migratorio, facilitar la persecuci\u00f3n de organizaciones criminales y, en general, aumentar la seguridad de las y los chilenos.<\/p>\n<p style=\"font-weight: 400; text-align: justify;\">Esta alianza entre distintos actores -Gobernadores, Cores, PDI y el Gobierno- se presenta como un modelo de cooperaci\u00f3n y coordinaci\u00f3n interinstitucional para mejorar la seguridad, se\u00f1al\u00f3 la Gobernadora\u00a0Andrea Mac\u00edas.<\/p>\n<p style=\"font-weight: 400; text-align: justify;\">\u201cComo Gobierno Regional hemos dado muestras de nuestro compromiso con las materias de seguridad en nuestra regi\u00f3n, no solamente a trav\u00e9s del apoyo permanente a la PDI, sino tambi\u00e9n a trav\u00e9s de toda la red de instituciones que tienen alg\u00fan impacto en materia de seguridad o emergencia. A esto se suma el trabajo con Carabineros, con las Fuerzas Armadas, y con nuestra primera red local de respuesta a emergencias. La seguridad es fundamental y, adem\u00e1s, para la Polic\u00eda de Investigaciones se suma la adquisici\u00f3n de 16 veh\u00edculos que ya estamos prontos a recibir y una licitaci\u00f3n que tambi\u00e9n va a incorporar cerca de 500 millones de pesos para contar con mayor tecnolog\u00eda para la realizaci\u00f3n de pericias forenses\u201d, indic\u00f3.<\/p>\n<p style=\"font-weight: 400; text-align: justify;\">Esta tecnolog\u00eda de identificaci\u00f3n automatizada multibiom\u00e9trica permitir\u00e1 la identificaci\u00f3n de personas a partir de registros dactilares, faciales y de voz, entre otros. Entre sus ventajas est\u00e1n la diversidad de los datos obtenidos, que se integra con facilidad con otros sistemas, la seguridad y volumen de datos que soporta y la disponibilidad en l\u00ednea de la informaci\u00f3n. Esto permite cotejar la informaci\u00f3n con la base de datos de la PDI, Registro Civil e INTERPOL, explic\u00f3 el Delegado Presidencial Regional, Rodrigo Araya.<\/p>\n<p style=\"font-weight: 400; text-align: justify;\">\u201cEsto es un paso sustantivo en modernizaci\u00f3n de la pesquisa, no solamente del control migratorio, sino que tambi\u00e9n en el control de la investigaci\u00f3n del delito y en criminal\u00edstica. Con esto, se va a dotar a nuestra regi\u00f3n de equipos de \u00faltima generaci\u00f3n, para detectar formas de caras, huellas dactilares y datos de voz, considerando el registro general de las personas que cometen delitos en nuestro pa\u00eds. Por lo tanto, agradecemos al Consejo Regional por haber apoyado por unanimidad esta inversi\u00f3n del Gobierno Regional y por supuesto a la gobernadora Andrea Mac\u00edas por haber acogido esta iniciativa que se ha discutido el d\u00eda de hoy\u201d, expres\u00f3.<\/p>\n<p style=\"font-weight: 400; text-align: justify;\">El Jefe Nacional de Gesti\u00f3n Estrat\u00e9gica de la PDI, prefecto inspector Erick Menay, agradeci\u00f3 \u201ccomo vocero de la Polic\u00eda de Investigaciones Chile, esta votaci\u00f3n del pleno del Gobierno Regional, todos los consejeros y consejeras, que ha permitido dar un salto cuantitativo y sustantivo en materia de implementaci\u00f3n de nuevas tecnolog\u00edas, para fortalecer y maximizar las competencias investigativas y de control migratorio que tiene la Polic\u00eda de Investigaciones de Chile\u201d.<\/p>\n<p style=\"font-weight: 400; text-align: justify;\">A\u00f1adi\u00f3 que \u201ceste es un trabajo que se ha venido desarrollando conforme a las pol\u00edticas de seguridad implementadas por el Gobierno. La seguridad se construye entre todos y por eso estamos ac\u00e1. El subsidio de cada gobierno regional permite tener esta tecnolog\u00eda de punta, que nos va a permitir aumentar la capacidad de control, de registro y, principalmente, de identificaci\u00f3n de sujetos que son investigados por la Polic\u00eda de Investigaciones de Chile\u201d.<\/p>\n<p style=\"font-weight: 400; text-align: justify;\">El Sistema de Identificaci\u00f3n Biom\u00e9trica tendr\u00e1 una implementaci\u00f3n gradual en todo el territorio nacional, luego de un piloto exitoso en Arica, en beneficio del trabajo de las fuerzas policiales y de la poblaci\u00f3n en general.<\/p>\n<\/div><\/section><\/div><div  style='height:50px' class='hr hr-invisible   avia-builder-el-6  el_after_av_one_full  el_before_av_social_share '><span class='hr-inner ' ><span class='hr-inner-style'><\/span><\/span><\/div><\/p>\n<div  class='av-social-sharing-box  avia-builder-el-7  el_after_av_hr  el_before_av_hr  '><div class='av-share-box'><h5 class='av-share-link-description av-no-toc '>Compartir esta noticia<\/h5><ul class='av-share-box-list noLightbox'><li class='av-share-link av-social-link-facebook' ><a target=\"_blank\" aria-label=\"Compartir en Facebook\" href='https:\/\/www.facebook.com\/sharer.php?u=https:\/\/radiorevelacionfm.cl\/?p=46506&#038;t=Gobierno%20Regional%20de%20Ays%C3%A9n%20aprob%C3%B3%20recursos%20para%20Sistema%20Automatizado%20de%20Identificaci%C3%B3n%20Biom%C3%A9trica%20de%20la%20PDI' aria-hidden='false' data-av_icon='\ue8f3' data-av_iconfont='entypo-fontello' title='' data-avia-related-tooltip='Compartir en Facebook' rel=\"noopener\"><span class='avia_hidden_link_text'>Compartir en Facebook<\/span><\/a><\/li><li class='av-share-link av-social-link-twitter' ><a target=\"_blank\" aria-label=\"Compartir en Twitter\" href='https:\/\/twitter.com\/share?text=Gobierno%20Regional%20de%20Ays%C3%A9n%20aprob%C3%B3%20recursos%20para%20Sistema%20Automatizado%20de%20Identificaci%C3%B3n%20Biom%C3%A9trica%20de%20la%20PDI&#038;url=https:\/\/radiorevelacionfm.cl\/?p=46506' aria-hidden='false' data-av_icon='\ue8f1' data-av_iconfont='entypo-fontello' title='' data-avia-related-tooltip='Compartir en Twitter' rel=\"noopener\"><span class='avia_hidden_link_text'>Compartir en Twitter<\/span><\/a><\/li><li class='av-share-link av-social-link-whatsapp' ><a target=\"_blank\" aria-label=\"Compartir en Whatsapp\" href='https:\/\/api.whatsapp.com\/send?text=https:\/\/radiorevelacionfm.cl\/?p=46506' aria-hidden='false' data-av_icon='\uf232' data-av_iconfont='entypo-fontello' title='' data-avia-related-tooltip='Compartir en Whatsapp' rel=\"noopener\"><span class='avia_hidden_link_text'>Compartir en Whatsapp<\/span><\/a><\/li><li class='av-share-link av-social-link-linkedin' ><a target=\"_blank\" aria-label=\"Compartir en LinkedIn\" href='https:\/\/linkedin.com\/shareArticle?mini=true&#038;title=Gobierno%20Regional%20de%20Ays%C3%A9n%20aprob%C3%B3%20recursos%20para%20Sistema%20Automatizado%20de%20Identificaci%C3%B3n%20Biom%C3%A9trica%20de%20la%20PDI&#038;url=https:\/\/radiorevelacionfm.cl\/?p=46506' aria-hidden='false' data-av_icon='\ue8fc' data-av_iconfont='entypo-fontello' title='' data-avia-related-tooltip='Compartir en LinkedIn' rel=\"noopener\"><span class='avia_hidden_link_text'>Compartir en LinkedIn<\/span><\/a><\/li><li class='av-share-link av-social-link-mail' ><a  aria-label=\"Compartir por correo\" href='mailto:?subject=Gobierno%20Regional%20de%20Ays%C3%A9n%20aprob%C3%B3%20recursos%20para%20Sistema%20Automatizado%20de%20Identificaci%C3%B3n%20Biom%C3%A9trica%20de%20la%20PDI&#038;body=https:\/\/radiorevelacionfm.cl\/?p=46506' aria-hidden='false' data-av_icon='\ue805' data-av_iconfont='entypo-fontello' title='' data-avia-related-tooltip='Compartir por correo'><span class='avia_hidden_link_text'>Compartir por correo<\/span><\/a><\/li><\/ul><\/div><\/div>\n<div  style='height:50px' class='hr hr-invisible   avia-builder-el-8  el_after_av_social_share  el_before_av_comments_list '><span class='hr-inner ' ><span class='hr-inner-style'><\/span><\/span><\/div>\n<div  class='av-buildercomment  av-blog-meta-html-info-disabled av-blog-meta-tag-disabled  '><\/div>\n","protected":false},"excerpt":{"rendered":"","protected":false},"author":1,"featured_media":46507,"comment_status":"open","ping_status":"open","sticky":false,"template":"","format":"standard","meta":{"footnotes":""},"categories":[38],"tags":[],"class_list":["post-46506","post","type-post","status-publish","format-standard","has-post-thumbnail","hentry","category-regional"],"jetpack_featured_media_url":"https:\/\/radiorevelacionfm.cl\/wp-content\/uploads\/2024\/09\/WhatsApp-Image-2024-09-26-at-1.04.16-PM-1-1.jpeg","_links":{"self":[{"href":"https:\/\/radiorevelacionfm.cl\/index.php?rest_route=\/wp\/v2\/posts\/46506","targetHints":{"allow":["GET"]}}],"collection":[{"href":"https:\/\/radiorevelacionfm.cl\/index.php?rest_route=\/wp\/v2\/posts"}],"about":[{"href":"https:\/\/radiorevelacionfm.cl\/index.php?rest_route=\/wp\/v2\/types\/post"}],"author":[{"embeddable":true,"href":"https:\/\/radiorevelacionfm.cl\/index.php?rest_route=\/wp\/v2\/users\/1"}],"replies":[{"embeddable":true,"href":"https:\/\/radiorevelacionfm.cl\/index.php?rest_route=%2Fwp%2Fv2%2Fcomments&post=46506"}],"version-history":[{"count":1,"href":"https:\/\/radiorevelacionfm.cl\/index.php?rest_route=\/wp\/v2\/posts\/46506\/revisions"}],"predecessor-version":[{"id":46508,"href":"https:\/\/radiorevelacionfm.cl\/index.php?rest_route=\/wp\/v2\/posts\/46506\/revisions\/46508"}],"wp:featuredmedia":[{"embeddable":true,"href":"https:\/\/radiorevelacionfm.cl\/index.php?rest_route=\/wp\/v2\/media\/46507"}],"wp:attachment":[{"href":"https:\/\/radiorevelacionfm.cl\/index.php?rest_route=%2Fwp%2Fv2%2Fmedia&parent=46506"}],"wp:term":[{"taxonomy":"category","embeddable":true,"href":"https:\/\/radiorevelacionfm.cl\/index.php?rest_route=%2Fwp%2Fv2%2Fcategories&post=46506"},{"taxonomy":"post_tag","embeddable":true,"href":"https:\/\/radiorevelacionfm.cl\/index.php?rest_route=%2Fwp%2Fv2%2Ftags&post=46506"}],"curies":[{"name":"wp","href":"https:\/\/api.w.org\/{rel}","templated":true}]}}