{"id":46503,"date":"2024-09-26T20:25:21","date_gmt":"2024-09-26T23:25:21","guid":{"rendered":"https:\/\/radiorevelacionfm.cl\/?p=46503"},"modified":"2024-09-26T20:25:21","modified_gmt":"2024-09-26T23:25:21","slug":"trabajadores-as-del-vivero-de-villa-manihuales-participaron-en-charla-sobre-la-ley-karin","status":"publish","type":"post","link":"https:\/\/radiorevelacionfm.cl\/?p=46503","title":{"rendered":"Trabajadores\/as del vivero de Villa Ma\u00f1ihuales participaron en charla sobre la Ley Karin"},"content":{"rendered":"<div class=\"flex_column av_one_full  flex_column_div av-zero-column-padding first  avia-builder-el-0  el_before_av_one_full  avia-builder-el-first  \" style='border-radius:0px; '><div  class='avia-image-container  av-styling-    avia-builder-el-1  avia-builder-el-no-sibling  avia-align-center '  itemprop=\"image\" itemscope=\"itemscope\" itemtype=\"https:\/\/schema.org\/ImageObject\"  ><div class='avia-image-container-inner'><div class='avia-image-overlay-wrap'><img decoding=\"async\" class='wp-image-46504 avia-img-lazy-loading-not-46504 avia_image' src=\"https:\/\/radiorevelacionfm.cl\/wp-content\/uploads\/2024\/09\/charla-2-1-1_optimized-1.jpg\" alt='' title='charla-2-(1)-(1)_optimized (1)' height=\"600\" width=\"1154\"  itemprop=\"thumbnailUrl\" srcset=\"https:\/\/radiorevelacionfm.cl\/wp-content\/uploads\/2024\/09\/charla-2-1-1_optimized-1.jpg 1154w, https:\/\/radiorevelacionfm.cl\/wp-content\/uploads\/2024\/09\/charla-2-1-1_optimized-1-300x156.jpg 300w, https:\/\/radiorevelacionfm.cl\/wp-content\/uploads\/2024\/09\/charla-2-1-1_optimized-1-1030x536.jpg 1030w, https:\/\/radiorevelacionfm.cl\/wp-content\/uploads\/2024\/09\/charla-2-1-1_optimized-1-768x399.jpg 768w, https:\/\/radiorevelacionfm.cl\/wp-content\/uploads\/2024\/09\/charla-2-1-1_optimized-1-705x367.jpg 705w, https:\/\/radiorevelacionfm.cl\/wp-content\/uploads\/2024\/09\/charla-2-1-1_optimized-1-450x234.jpg 450w, https:\/\/radiorevelacionfm.cl\/wp-content\/uploads\/2024\/09\/charla-2-1-1_optimized-1-600x312.jpg 600w\" sizes=\"(max-width: 1154px) 100vw, 1154px\" \/><\/div><\/div><\/div><\/div><div class=\"flex_column av_one_full  flex_column_div av-zero-column-padding first  avia-builder-el-2  el_after_av_one_full  el_before_av_one_full  column-top-margin\" style='border-radius:0px; '><section class=\"av_textblock_section \"  itemscope=\"itemscope\" itemtype=\"https:\/\/schema.org\/BlogPosting\" itemprop=\"blogPost\" ><div class='avia_textblock  '   itemprop=\"text\" ><p style=\"text-align: center;\"><span style=\"font-size: 18pt;\"><strong>Trabajadores\/as del vivero de Villa Ma\u00f1ihuales participaron en charla sobre la Ley Karin <\/strong><\/span><\/p>\n<div id=\"gtx-trans\" style=\"position: absolute; left: -50px; top: 4.31534px;\">\n<div class=\"gtx-trans-icon\"><\/div>\n<\/div>\n<\/div><\/section><\/div><div class=\"flex_column av_one_full  flex_column_div av-zero-column-padding first  avia-builder-el-4  el_after_av_one_full  el_before_av_hr  column-top-margin\" style='border-radius:0px; '><section class=\"av_textblock_section \"  itemscope=\"itemscope\" itemtype=\"https:\/\/schema.org\/BlogPosting\" itemprop=\"blogPost\" ><div class='avia_textblock  '   itemprop=\"text\" ><p style=\"text-align: justify;\">M\u00e1s de 10 trabajadores\/as que se desempe\u00f1an en el vivero de Villa Ma\u00f1ihuales perteneciente a Conaf, participaron recientemente de una charla sobre la ley 21.643 m\u00e1s conocida como Ley Karin, la actividad estuvo a cargo del abogado de la Defensor\u00eda Laboral dependiente de la Corporaci\u00f3n de Asistencia Judicial Danilo Mora Herrera y ten\u00eda como objetivo difundir los principales aspectos de esta nueva normativa legal.<\/p>\n<p style=\"text-align: justify;\">Respecto a la actividad, el defensor laboral de Puerto Ays\u00e9n, Danilo Mora explic\u00f3 que \u201cabordamos los principales aspectos de la ley 21.643 que modifica las normativas sobre prevenci\u00f3n, investigaci\u00f3n y sanci\u00f3n del acoso laboral, sexual o de violencia en el trabajo mas conocida como Ley Karin, ley que vino a modificar algunas cosas importantes en materia de acoso sexual, laboral y violencia en el trabajo, hablamos tambi\u00e9n de lo que trae esta nueva ley, las modificaciones, una de ellas es que en materia de acoso laboral ya no se exige el requisito de reiteraci\u00f3n, que la conducta de agresi\u00f3n o de hostigamiento sea reiterada, sino que basta que se manifieste una sola vez, se aborda tambi\u00e9n el nuevo concepto que trae la ley de violencia en el trabajo, que es la ejercida por terceros ajenos a la relaci\u00f3n laboral,\u00a0 que es algo que no ven\u00eda incorporado en el c\u00f3digo del trabajo, as\u00ed tambi\u00e9n tratamos los antecedentes generales de esta ley, el convenio de la OIT (Organizaci\u00f3n Internacional del Trabajo), abordamos un poco el problema de la violencia y acoso en el mundo del trabajo, como se manifiesta esta problem\u00e1tica y la necesidad de fortalecer las medidas vinculadas a la prevenci\u00f3n sobre todo, y erradicaci\u00f3n de la violencia laboral observando las distintas perspectivas, estableciendo tambi\u00e9n criterios de igualdad en las personas, funcionarias y trabajadoras del sector p\u00fablico- privado, porque esta ley tambi\u00e9n llega a igualar eso y la incorporaci\u00f3n de la perspectiva de g\u00e9nero en la prevenci\u00f3n, investigaci\u00f3n y sanci\u00f3n del acoso sexual, laboral y la violencia en el trabajo, todos esos antecedentes son importantes, que trae de relevante el convenio 190 de la OIT, los tipos de acoso laboral que existen factores de riesgo sicosociales y las regulaciones que trae propiamente la ley como el protocolo, como se deben realizar las investigaciones y como se debe sancionar\u201d.<\/p>\n<p style=\"text-align: justify;\">En tanto, el seremi de Justicia y Derechos Humanos Samuel Navarro Castro destac\u00f3 que \u201ceste es un esfuerzo que hacemos desde el sector Justicia con las distintas instituciones p\u00fablicas y privadas, con sus trabajadores y trabajadoras que requieren estar al d\u00eda con la normativa, con la actualizaci\u00f3n sobre todo para prevenir situaciones de violencia de g\u00e9nero, violencia contra las mujeres y contar con las herramientas para el abordaje de las situaciones que se puedan presentar, para tener protocolos adecuados, para tener procedimientos y creemos que debemos sostener este trabajo permanente como entidades del sector Justicia, de trabajar tal como lo ha planteado nuestro Gobierno, en una agenda de g\u00e9nero que nos permita relevar estos temas ponerlos dentro de las prioridades, ponerlos en forma transversal y que toda la comunidad y las instituciones publicas y privadas puedan contar con estas capacitaciones, orientaciones para los efectos de ir construyendo en conjunto una sociedad mas acorde, mas democr\u00e1tica, m\u00e1s civilizada y con respeto a todas las personas\u201d.<\/p>\n<p style=\"text-align: justify;\">Finalmente, se\u00f1alar que la ley 21.643 o ley Karin\u00a0modifica el C\u00f3digo del Trabajo en materia de prevenci\u00f3n, investigaci\u00f3n y sanci\u00f3n del acoso laboral, sexual y violencia en el trabajo, estableciendo diversas disposiciones que modifican e incorporan definiciones legales, a\u00f1ade medidas de prevenci\u00f3n y resguardo en la materia y perfecciona los procedimientos de investigaci\u00f3n, implementando y adecuando la normativa nacional a los par\u00e1metros establecidos en el recientemente ratificado Convenio N\u00b0190, Sobre la Violencia y el Acoso, de la Organizaci\u00f3n Internacional del Trabajo &#8211; OIT.<\/p>\n<\/div><\/section><\/div><div  style='height:50px' class='hr hr-invisible   avia-builder-el-6  el_after_av_one_full  el_before_av_social_share '><span class='hr-inner ' ><span class='hr-inner-style'><\/span><\/span><\/div><\/p>\n<div  class='av-social-sharing-box  avia-builder-el-7  el_after_av_hr  el_before_av_hr  '><div class='av-share-box'><h5 class='av-share-link-description av-no-toc '>Compartir esta noticia<\/h5><ul class='av-share-box-list noLightbox'><li class='av-share-link av-social-link-facebook' ><a target=\"_blank\" aria-label=\"Compartir en Facebook\" href='https:\/\/www.facebook.com\/sharer.php?u=https:\/\/radiorevelacionfm.cl\/?p=46503&#038;t=Trabajadores%2Fas%20del%20vivero%20de%20Villa%20Ma%C3%B1ihuales%20participaron%20en%20charla%20sobre%20la%20Ley%20Karin' aria-hidden='false' data-av_icon='\ue8f3' data-av_iconfont='entypo-fontello' title='' data-avia-related-tooltip='Compartir en Facebook' rel=\"noopener\"><span class='avia_hidden_link_text'>Compartir en Facebook<\/span><\/a><\/li><li class='av-share-link av-social-link-twitter' ><a target=\"_blank\" aria-label=\"Compartir en Twitter\" href='https:\/\/twitter.com\/share?text=Trabajadores%2Fas%20del%20vivero%20de%20Villa%20Ma%C3%B1ihuales%20participaron%20en%20charla%20sobre%20la%20Ley%20Karin&#038;url=https:\/\/radiorevelacionfm.cl\/?p=46503' aria-hidden='false' data-av_icon='\ue8f1' data-av_iconfont='entypo-fontello' title='' data-avia-related-tooltip='Compartir en Twitter' rel=\"noopener\"><span class='avia_hidden_link_text'>Compartir en Twitter<\/span><\/a><\/li><li class='av-share-link av-social-link-whatsapp' ><a target=\"_blank\" aria-label=\"Compartir en Whatsapp\" href='https:\/\/api.whatsapp.com\/send?text=https:\/\/radiorevelacionfm.cl\/?p=46503' aria-hidden='false' data-av_icon='\uf232' data-av_iconfont='entypo-fontello' title='' data-avia-related-tooltip='Compartir en Whatsapp' rel=\"noopener\"><span class='avia_hidden_link_text'>Compartir en Whatsapp<\/span><\/a><\/li><li class='av-share-link av-social-link-linkedin' ><a target=\"_blank\" aria-label=\"Compartir en LinkedIn\" href='https:\/\/linkedin.com\/shareArticle?mini=true&#038;title=Trabajadores%2Fas%20del%20vivero%20de%20Villa%20Ma%C3%B1ihuales%20participaron%20en%20charla%20sobre%20la%20Ley%20Karin&#038;url=https:\/\/radiorevelacionfm.cl\/?p=46503' aria-hidden='false' data-av_icon='\ue8fc' data-av_iconfont='entypo-fontello' title='' data-avia-related-tooltip='Compartir en LinkedIn' rel=\"noopener\"><span class='avia_hidden_link_text'>Compartir en LinkedIn<\/span><\/a><\/li><li class='av-share-link av-social-link-mail' ><a  aria-label=\"Compartir por correo\" href='mailto:?subject=Trabajadores%2Fas%20del%20vivero%20de%20Villa%20Ma%C3%B1ihuales%20participaron%20en%20charla%20sobre%20la%20Ley%20Karin&#038;body=https:\/\/radiorevelacionfm.cl\/?p=46503' aria-hidden='false' data-av_icon='\ue805' data-av_iconfont='entypo-fontello' title='' data-avia-related-tooltip='Compartir por correo'><span class='avia_hidden_link_text'>Compartir por correo<\/span><\/a><\/li><\/ul><\/div><\/div>\n<div  style='height:50px' class='hr hr-invisible   avia-builder-el-8  el_after_av_social_share  el_before_av_comments_list '><span class='hr-inner ' ><span class='hr-inner-style'><\/span><\/span><\/div>\n<div  class='av-buildercomment  av-blog-meta-html-info-disabled av-blog-meta-tag-disabled  '><\/div>\n","protected":false},"excerpt":{"rendered":"","protected":false},"author":1,"featured_media":46504,"comment_status":"open","ping_status":"open","sticky":false,"template":"","format":"standard","meta":{"footnotes":""},"categories":[55,56],"tags":[],"class_list":["post-46503","post","type-post","status-publish","format-standard","has-post-thumbnail","hentry","category-justicia","category-trabajo"],"jetpack_featured_media_url":"https:\/\/radiorevelacionfm.cl\/wp-content\/uploads\/2024\/09\/charla-2-1-1_optimized-1.jpg","_links":{"self":[{"href":"https:\/\/radiorevelacionfm.cl\/index.php?rest_route=\/wp\/v2\/posts\/46503","targetHints":{"allow":["GET"]}}],"collection":[{"href":"https:\/\/radiorevelacionfm.cl\/index.php?rest_route=\/wp\/v2\/posts"}],"about":[{"href":"https:\/\/radiorevelacionfm.cl\/index.php?rest_route=\/wp\/v2\/types\/post"}],"author":[{"embeddable":true,"href":"https:\/\/radiorevelacionfm.cl\/index.php?rest_route=\/wp\/v2\/users\/1"}],"replies":[{"embeddable":true,"href":"https:\/\/radiorevelacionfm.cl\/index.php?rest_route=%2Fwp%2Fv2%2Fcomments&post=46503"}],"version-history":[{"count":1,"href":"https:\/\/radiorevelacionfm.cl\/index.php?rest_route=\/wp\/v2\/posts\/46503\/revisions"}],"predecessor-version":[{"id":46505,"href":"https:\/\/radiorevelacionfm.cl\/index.php?rest_route=\/wp\/v2\/posts\/46503\/revisions\/46505"}],"wp:featuredmedia":[{"embeddable":true,"href":"https:\/\/radiorevelacionfm.cl\/index.php?rest_route=\/wp\/v2\/media\/46504"}],"wp:attachment":[{"href":"https:\/\/radiorevelacionfm.cl\/index.php?rest_route=%2Fwp%2Fv2%2Fmedia&parent=46503"}],"wp:term":[{"taxonomy":"category","embeddable":true,"href":"https:\/\/radiorevelacionfm.cl\/index.php?rest_route=%2Fwp%2Fv2%2Fcategories&post=46503"},{"taxonomy":"post_tag","embeddable":true,"href":"https:\/\/radiorevelacionfm.cl\/index.php?rest_route=%2Fwp%2Fv2%2Ftags&post=46503"}],"curies":[{"name":"wp","href":"https:\/\/api.w.org\/{rel}","templated":true}]}}