{"id":46499,"date":"2024-09-26T17:59:16","date_gmt":"2024-09-26T20:59:16","guid":{"rendered":"https:\/\/radiorevelacionfm.cl\/?p=46499"},"modified":"2024-09-26T17:59:16","modified_gmt":"2024-09-26T20:59:16","slug":"calisto-lamenta-nuevas-demoras-que-afectan-al-proyecto-habitacional-de-chacra-g1","status":"publish","type":"post","link":"https:\/\/radiorevelacionfm.cl\/?p=46499","title":{"rendered":"Calisto lamenta nuevas demoras que afectan al proyecto habitacional de Chacra G1"},"content":{"rendered":"<div class=\"flex_column av_one_full  flex_column_div av-zero-column-padding first  avia-builder-el-0  el_before_av_one_full  avia-builder-el-first  \" style='border-radius:0px; '><div  class='avia-image-container  av-styling-    avia-builder-el-1  avia-builder-el-no-sibling  avia-align-center '  itemprop=\"image\" itemscope=\"itemscope\" itemtype=\"https:\/\/schema.org\/ImageObject\"  ><div class='avia-image-container-inner'><div class='avia-image-overlay-wrap'><img decoding=\"async\" class='wp-image-46500 avia-img-lazy-loading-not-46500 avia_image' src=\"https:\/\/radiorevelacionfm.cl\/wp-content\/uploads\/2024\/09\/FOTO-CALISTO-COMISION-SEPT-1-1.jpeg\" alt='' title='FOTO CALISTO COMISI\u00d3N SEPT (1) (1)' height=\"600\" width=\"900\"  itemprop=\"thumbnailUrl\" srcset=\"https:\/\/radiorevelacionfm.cl\/wp-content\/uploads\/2024\/09\/FOTO-CALISTO-COMISION-SEPT-1-1.jpeg 900w, https:\/\/radiorevelacionfm.cl\/wp-content\/uploads\/2024\/09\/FOTO-CALISTO-COMISION-SEPT-1-1-300x200.jpeg 300w, https:\/\/radiorevelacionfm.cl\/wp-content\/uploads\/2024\/09\/FOTO-CALISTO-COMISION-SEPT-1-1-768x512.jpeg 768w, https:\/\/radiorevelacionfm.cl\/wp-content\/uploads\/2024\/09\/FOTO-CALISTO-COMISION-SEPT-1-1-705x470.jpeg 705w, https:\/\/radiorevelacionfm.cl\/wp-content\/uploads\/2024\/09\/FOTO-CALISTO-COMISION-SEPT-1-1-450x300.jpeg 450w, https:\/\/radiorevelacionfm.cl\/wp-content\/uploads\/2024\/09\/FOTO-CALISTO-COMISION-SEPT-1-1-600x400.jpeg 600w\" sizes=\"(max-width: 900px) 100vw, 900px\" \/><\/div><\/div><\/div><\/div><div class=\"flex_column av_one_full  flex_column_div av-zero-column-padding first  avia-builder-el-2  el_after_av_one_full  el_before_av_one_full  column-top-margin\" style='border-radius:0px; '><section class=\"av_textblock_section \"  itemscope=\"itemscope\" itemtype=\"https:\/\/schema.org\/BlogPosting\" itemprop=\"blogPost\" ><div class='avia_textblock  '   itemprop=\"text\" ><p style=\"text-align: center;\"><span style=\"font-size: 18pt;\"><b><span lang=\"ES-CL\">Calisto lamenta nuevas demoras que afectan al proyecto habitacional de Chacra G1<\/span><\/b><\/span><\/p>\n<div id=\"gtx-trans\" style=\"position: absolute; left: -50px; top: 4.31534px;\">\n<div class=\"gtx-trans-icon\"><\/div>\n<\/div>\n<\/div><\/section><\/div><div class=\"flex_column av_one_full  flex_column_div av-zero-column-padding first  avia-builder-el-4  el_after_av_one_full  el_before_av_hr  column-top-margin\" style='border-radius:0px; '><section class=\"av_textblock_section \"  itemscope=\"itemscope\" itemtype=\"https:\/\/schema.org\/BlogPosting\" itemprop=\"blogPost\" ><div class='avia_textblock  '   itemprop=\"text\" ><p style=\"font-weight: 400; text-align: justify;\"><em>En el marco de la discusi\u00f3n de un proyecto que disminuye la burocracia para proyectos habitacionales, el legislador plante\u00f3 el caso de las demoras de la Chacra G1 en la C\u00e1mara de Diputados.<\/em><\/p>\n<p style=\"font-weight: 400; text-align: justify;\">Junto con valorar la aprobaci\u00f3n del proyecto que disminuye la burocracia al momento de construir proyectos habitacionales, el diputado Miguel \u00c1ngel Calisto critico las demoras que han afectado al proyecto habitacional de la Chacra G1, iniciativa que nuevamente ha sufrido demoras en su tramitaci\u00f3n en la Direcci\u00f3n de Obras Municipales.<\/p>\n<p style=\"font-weight: 400; text-align: justify;\">Seg\u00fan el diputado Calisto, quien intervino en la sala de la C\u00e1mara, \u201choy d\u00eda tenemos una contingencia en este minuto en Ays\u00e9n con la Chacra G, un proyecto en Coyhaique que contempla el crecimiento de la ciudad para 1.420 familias y resulta que luego de pasar toda la tramitaci\u00f3n por el Serviu, por todos los organismos t\u00e9cnicos, entidades patrocinantes, llega a la DOM luego de las correcciones de observaciones y nuevamente presenta demoras.<\/p>\n<p style=\"font-weight: 400; text-align: justify;\">\u201cEntonces, esto genera un retraso en la expectativa de las viviendas de las familias m\u00e1s humildes de nuestra regi\u00f3n y de nuestro pa\u00eds. Situaci\u00f3n similar se va a ver con el proyecto de la Chacra 41, tambi\u00e9n en Coyhaique. Estamos adem\u00e1s con algunas complicaciones en el proyecto de Villa Frei, donde se contemplan 100 familias que van a poder tener sus viviendas con alcantarillado, con planta de tratamiento que tambi\u00e9n se est\u00e1 regulando y consiguiendo a trav\u00e9s del Gobierno Regional, como algunos otros proyectos en Ays\u00e9n\u201d, indic\u00f3.<\/p>\n<p style=\"font-weight: 400; text-align: justify;\">En su intervenci\u00f3n, el legislador se\u00f1al\u00f3 que \u201cestamos topando con la burocracia y con la visi\u00f3n estricta de la Direcci\u00f3n de Obras Municipales que obstaculiza que estos proyectos sociales tan importantes avancen\u201d.<\/p>\n<p style=\"font-weight: 400; text-align: justify;\">Por su parte, Juan Carvajal, dirigente del comit\u00e9 Nieves del Sur, asegur\u00f3 que \u201cse est\u00e1 trabajando de la mano con Serviu y con nuestra entidad patrocinante, pero tenemos la demora de parte de la Direcci\u00f3n de Obras Municipales. Lo que tenemos como informaci\u00f3n es que lo que ellos han observado, nuestra entidad y Serviu ya lo subsanaron y est\u00e1 en manos de la DOM. Y eso nos est\u00e1 preocupando porque no tenemos respuestas. Ya han pasado m\u00e1s de 30 d\u00edas y no tenemos respuestas sobre eso\u201d.<\/p>\n<p style=\"font-weight: 400; text-align: justify;\">El dirigente asegur\u00f3 \u201ceste proyecto va a cumplir un a\u00f1o de vigencia y nos preocupa que ya no tenga validez el pr\u00f3ximo a\u00f1o y tendremos que volver a empezar de cero, hacer un proyecto nuevo, todo lo que contempla la etapa para urbanizar un sector. Y eso se demora a\u00f1os y ya la gente, nosotros estamos esperanzados que este a\u00f1o \u00edbamos a tener movimiento de tierras\u201d.<\/p>\n<p style=\"font-weight: 400; text-align: justify;\"><strong>Proyecto que reduce la burocracia<\/strong><\/p>\n<p style=\"font-weight: 400; text-align: justify;\">Por otra parte, la C\u00e1mara de Diputados despach\u00f3 a ley un proyecto que modifica la ley de Urbanismo y Construcciones, que simplifica y agiliza procedimientos administrativos, adem\u00e1s de responsabilizar a organismos intervinientes por demoras injustificadas en temas de documentaci\u00f3n para proyectos habitacionales.<\/p>\n<p style=\"font-weight: 400; text-align: justify;\">Ante esto, el diputado Calisto se\u00f1al\u00f3 que \u201cclaramente este proyecto tiene un apoyo transversal porque simplifica y agiliza procedimientos administrativos vinculados con la construcci\u00f3n y responsabiliza a los organismos intervinientes por las demoras injustificadas en documentaci\u00f3n\u201d.<\/p>\n<p style=\"font-weight: 400; text-align: justify;\">\u201cEsto es tremendamente importante porque hoy d\u00eda el gran problema que muchos proyectos habitacionales se enfrentan permanentemente son con las direcciones de obras municipales y este proyecto tambi\u00e9n contempla que va a permitir y le va a entregar potestad a la Seremi de Vivienda y Urbanismo frente a las reclamaciones interpuestas por particulares en contra de resoluciones de la direcci\u00f3n de obras municipales\u201d, indic\u00f3.<\/p>\n<p style=\"font-weight: 400; text-align: justify;\">Finalmente, el diputado Calisto se\u00f1al\u00f3 que \u201cnecesitamos que se considere una reforma, una modificaci\u00f3n en la Direcci\u00f3n de Obras Municipales. Hoy d\u00eda, lamentablemente, estos organismos son un enclave burocr\u00e1tico que no permite agilizar proyectos particulares, pero tampoco permite agilizar proyectos sociales de gran espera y de gran necesidad para familias de nuestra regi\u00f3n\u201d.<\/p>\n<\/div><\/section><\/div><div  style='height:50px' class='hr hr-invisible   avia-builder-el-6  el_after_av_one_full  el_before_av_social_share '><span class='hr-inner ' ><span class='hr-inner-style'><\/span><\/span><\/div><\/p>\n<div  class='av-social-sharing-box  avia-builder-el-7  el_after_av_hr  el_before_av_hr  '><div class='av-share-box'><h5 class='av-share-link-description av-no-toc '>Compartir esta noticia<\/h5><ul class='av-share-box-list noLightbox'><li class='av-share-link av-social-link-facebook' ><a target=\"_blank\" aria-label=\"Compartir en Facebook\" href='https:\/\/www.facebook.com\/sharer.php?u=https:\/\/radiorevelacionfm.cl\/?p=46499&#038;t=Calisto%20lamenta%20nuevas%20demoras%20que%20afectan%20al%20proyecto%20habitacional%20de%20Chacra%20G1' aria-hidden='false' data-av_icon='\ue8f3' data-av_iconfont='entypo-fontello' title='' data-avia-related-tooltip='Compartir en Facebook' rel=\"noopener\"><span class='avia_hidden_link_text'>Compartir en Facebook<\/span><\/a><\/li><li class='av-share-link av-social-link-twitter' ><a target=\"_blank\" aria-label=\"Compartir en Twitter\" href='https:\/\/twitter.com\/share?text=Calisto%20lamenta%20nuevas%20demoras%20que%20afectan%20al%20proyecto%20habitacional%20de%20Chacra%20G1&#038;url=https:\/\/radiorevelacionfm.cl\/?p=46499' aria-hidden='false' data-av_icon='\ue8f1' data-av_iconfont='entypo-fontello' title='' data-avia-related-tooltip='Compartir en Twitter' rel=\"noopener\"><span class='avia_hidden_link_text'>Compartir en Twitter<\/span><\/a><\/li><li class='av-share-link av-social-link-whatsapp' ><a target=\"_blank\" aria-label=\"Compartir en Whatsapp\" href='https:\/\/api.whatsapp.com\/send?text=https:\/\/radiorevelacionfm.cl\/?p=46499' aria-hidden='false' data-av_icon='\uf232' data-av_iconfont='entypo-fontello' title='' data-avia-related-tooltip='Compartir en Whatsapp' rel=\"noopener\"><span class='avia_hidden_link_text'>Compartir en Whatsapp<\/span><\/a><\/li><li class='av-share-link av-social-link-linkedin' ><a target=\"_blank\" aria-label=\"Compartir en LinkedIn\" href='https:\/\/linkedin.com\/shareArticle?mini=true&#038;title=Calisto%20lamenta%20nuevas%20demoras%20que%20afectan%20al%20proyecto%20habitacional%20de%20Chacra%20G1&#038;url=https:\/\/radiorevelacionfm.cl\/?p=46499' aria-hidden='false' data-av_icon='\ue8fc' data-av_iconfont='entypo-fontello' title='' data-avia-related-tooltip='Compartir en LinkedIn' rel=\"noopener\"><span class='avia_hidden_link_text'>Compartir en LinkedIn<\/span><\/a><\/li><li class='av-share-link av-social-link-mail' ><a  aria-label=\"Compartir por correo\" href='mailto:?subject=Calisto%20lamenta%20nuevas%20demoras%20que%20afectan%20al%20proyecto%20habitacional%20de%20Chacra%20G1&#038;body=https:\/\/radiorevelacionfm.cl\/?p=46499' aria-hidden='false' data-av_icon='\ue805' data-av_iconfont='entypo-fontello' title='' data-avia-related-tooltip='Compartir por correo'><span class='avia_hidden_link_text'>Compartir por correo<\/span><\/a><\/li><\/ul><\/div><\/div>\n<div  style='height:50px' class='hr hr-invisible   avia-builder-el-8  el_after_av_social_share  el_before_av_comments_list '><span class='hr-inner ' ><span class='hr-inner-style'><\/span><\/span><\/div>\n<div  class='av-buildercomment  av-blog-meta-html-info-disabled av-blog-meta-tag-disabled  '><\/div>\n","protected":false},"excerpt":{"rendered":"","protected":false},"author":1,"featured_media":46500,"comment_status":"open","ping_status":"open","sticky":false,"template":"","format":"standard","meta":{"footnotes":""},"categories":[38],"tags":[],"class_list":["post-46499","post","type-post","status-publish","format-standard","has-post-thumbnail","hentry","category-regional"],"jetpack_featured_media_url":"https:\/\/radiorevelacionfm.cl\/wp-content\/uploads\/2024\/09\/FOTO-CALISTO-COMISION-SEPT-1-1.jpeg","_links":{"self":[{"href":"https:\/\/radiorevelacionfm.cl\/index.php?rest_route=\/wp\/v2\/posts\/46499","targetHints":{"allow":["GET"]}}],"collection":[{"href":"https:\/\/radiorevelacionfm.cl\/index.php?rest_route=\/wp\/v2\/posts"}],"about":[{"href":"https:\/\/radiorevelacionfm.cl\/index.php?rest_route=\/wp\/v2\/types\/post"}],"author":[{"embeddable":true,"href":"https:\/\/radiorevelacionfm.cl\/index.php?rest_route=\/wp\/v2\/users\/1"}],"replies":[{"embeddable":true,"href":"https:\/\/radiorevelacionfm.cl\/index.php?rest_route=%2Fwp%2Fv2%2Fcomments&post=46499"}],"version-history":[{"count":1,"href":"https:\/\/radiorevelacionfm.cl\/index.php?rest_route=\/wp\/v2\/posts\/46499\/revisions"}],"predecessor-version":[{"id":46501,"href":"https:\/\/radiorevelacionfm.cl\/index.php?rest_route=\/wp\/v2\/posts\/46499\/revisions\/46501"}],"wp:featuredmedia":[{"embeddable":true,"href":"https:\/\/radiorevelacionfm.cl\/index.php?rest_route=\/wp\/v2\/media\/46500"}],"wp:attachment":[{"href":"https:\/\/radiorevelacionfm.cl\/index.php?rest_route=%2Fwp%2Fv2%2Fmedia&parent=46499"}],"wp:term":[{"taxonomy":"category","embeddable":true,"href":"https:\/\/radiorevelacionfm.cl\/index.php?rest_route=%2Fwp%2Fv2%2Fcategories&post=46499"},{"taxonomy":"post_tag","embeddable":true,"href":"https:\/\/radiorevelacionfm.cl\/index.php?rest_route=%2Fwp%2Fv2%2Ftags&post=46499"}],"curies":[{"name":"wp","href":"https:\/\/api.w.org\/{rel}","templated":true}]}}