{"id":46496,"date":"2024-09-27T09:53:30","date_gmt":"2024-09-27T12:53:30","guid":{"rendered":"https:\/\/radiorevelacionfm.cl\/?p=46496"},"modified":"2024-09-27T09:53:30","modified_gmt":"2024-09-27T12:53:30","slug":"nueva-directora-regional-de-sernapesca-se-reunio-con-alcalde-de-aysen","status":"publish","type":"post","link":"https:\/\/radiorevelacionfm.cl\/?p=46496","title":{"rendered":"Nueva directora regional de Sernapesca se reuni\u00f3 con alcalde de Ays\u00e9n"},"content":{"rendered":"<div class=\"flex_column av_one_full  flex_column_div av-zero-column-padding first  avia-builder-el-0  el_before_av_one_full  avia-builder-el-first  \" style='border-radius:0px; '><div  class='avia-image-container  av-styling-    avia-builder-el-1  avia-builder-el-no-sibling  avia-align-center '  itemprop=\"image\" itemscope=\"itemscope\" itemtype=\"https:\/\/schema.org\/ImageObject\"  ><div class='avia-image-container-inner'><div class='avia-image-overlay-wrap'><img decoding=\"async\" class='wp-image-46497 avia-img-lazy-loading-not-46497 avia_image' src=\"https:\/\/radiorevelacionfm.cl\/wp-content\/uploads\/2024\/09\/20240923_175929_optimized.jpg\" alt='' title='20240923_175929_optimized' height=\"637\" width=\"1129\"  itemprop=\"thumbnailUrl\" srcset=\"https:\/\/radiorevelacionfm.cl\/wp-content\/uploads\/2024\/09\/20240923_175929_optimized.jpg 1129w, https:\/\/radiorevelacionfm.cl\/wp-content\/uploads\/2024\/09\/20240923_175929_optimized-300x169.jpg 300w, https:\/\/radiorevelacionfm.cl\/wp-content\/uploads\/2024\/09\/20240923_175929_optimized-1030x581.jpg 1030w, https:\/\/radiorevelacionfm.cl\/wp-content\/uploads\/2024\/09\/20240923_175929_optimized-768x433.jpg 768w, https:\/\/radiorevelacionfm.cl\/wp-content\/uploads\/2024\/09\/20240923_175929_optimized-705x398.jpg 705w, https:\/\/radiorevelacionfm.cl\/wp-content\/uploads\/2024\/09\/20240923_175929_optimized-450x254.jpg 450w, https:\/\/radiorevelacionfm.cl\/wp-content\/uploads\/2024\/09\/20240923_175929_optimized-600x339.jpg 600w\" sizes=\"(max-width: 1129px) 100vw, 1129px\" \/><\/div><\/div><\/div><\/div><div class=\"flex_column av_one_full  flex_column_div av-zero-column-padding first  avia-builder-el-2  el_after_av_one_full  el_before_av_one_full  column-top-margin\" style='border-radius:0px; '><section class=\"av_textblock_section \"  itemscope=\"itemscope\" itemtype=\"https:\/\/schema.org\/BlogPosting\" itemprop=\"blogPost\" ><div class='avia_textblock  '   itemprop=\"text\" ><p style=\"text-align: center;\"><strong><span style=\"font-size: 18pt;\">Nueva directora regional de Sernapesca se reuni\u00f3 con alcalde de Ays\u00e9n<\/span><\/strong><\/p>\n<div id=\"gtx-trans\" style=\"position: absolute; left: -50px; top: 4.31534px;\">\n<div class=\"gtx-trans-icon\"><\/div>\n<\/div>\n<\/div><\/section><\/div><div class=\"flex_column av_one_full  flex_column_div av-zero-column-padding first  avia-builder-el-4  el_after_av_one_full  el_before_av_hr  column-top-margin\" style='border-radius:0px; '><section class=\"av_textblock_section \"  itemscope=\"itemscope\" itemtype=\"https:\/\/schema.org\/BlogPosting\" itemprop=\"blogPost\" ><div class='avia_textblock  '   itemprop=\"text\" ><p style=\"text-align: justify;\"><em>La autoridad sectorial asegur\u00f3 estar muy pendiente a temas como la fiscalizaci\u00f3n, reforzando a\u00fan m\u00e1s esa materia, como as\u00ed tambi\u00e9n, lo que se viene el pr\u00f3ximo a\u00f1o, que es el acuerdo de zonas contiguas, entre otras materias.<\/em><\/p>\n<p style=\"text-align: justify;\">El Alcalde de la comuna de Ays\u00e9n, Julio Uribe Alvarado, se reuni\u00f3 esta semana con la nueva directora regional de Sernapesca, Daniela Leiva Arancibia, junto al saludo protocolar a la reci\u00e9n asumida autoridad, el jefe comunal plateo la preocupaci\u00f3n por las acciones preventivas y de fiscalizaci\u00f3n en el territorio.<\/p>\n<p style=\"text-align: justify;\">La autoridad del Servicio Nacional de Pesca en Ays\u00e9n, asumi\u00f3 el cargo en la direcci\u00f3n regional a contar del mes de agosto, pero ya formaba parte del equipo en otras funciones, indic\u00f3 Leiva.<\/p>\n<p style=\"text-align: justify;\">\u201cAsum\u00ed como directora el primero de agosto de este a\u00f1o, pero, sin embargo, ya pertenec\u00eda al equipo de Sernapesca desde el a\u00f1o 2016, como encargada del \u00e1rea jur\u00eddica, as\u00ed es que, ya este a\u00f1o di el salto, asum\u00ed el desaf\u00edo, muy contenta por el recibimiento y con ganas de trabajar. Por ahora, no hay mayores inconvenientes, pero hay un trabajo constante, fiscalizaci\u00f3n permanente que se est\u00e1 realizando a las distintas tem\u00e1ticas que abordamos como servicio. Tenemos el tema de las zonas contiguas que ya se viene el pr\u00f3ximo a\u00f1o y la fiscalizaci\u00f3n en ese sentido es permanente\u201d.<\/p>\n<p style=\"text-align: justify;\">La directora regional de Sernapesca, a\u00f1adi\u00f3 que, para realizar labores de fiscalizaci\u00f3n, siempre es importante un trabajo intersectorial. \u201cEl trabajo de la fiscalizaci\u00f3n, conforme a la ley de pesca se hace con Sernapesca como fiscalizadores, tambi\u00e9n con la Armada y Carabineros, somos las tres instituciones consideradas como ministro de fe, con la posibilidad de fiscalizar el cumplimiento de la ley. El trabajo con las diferentes instituciones es clave para el Servicio Nacional de Pesca y en general para todos los organismos, importante, la coordinaci\u00f3n interinstitucional que puede existir entre las instituciones que se dedican al tema, para brindar un mejor servicio a la comunidad\u201d.<\/p>\n<p style=\"text-align: justify;\">En la reuni\u00f3n sostenida entre el Alcalde de la comuna de Ays\u00e9n y la nueva Directora Regional de Sernapesca, se acord\u00f3 mantener un trabajo coordinado para futuras acciones informativas y preventivas dirigidas a la comunidad.<\/p>\n<\/div><\/section><\/div><div  style='height:50px' class='hr hr-invisible   avia-builder-el-6  el_after_av_one_full  el_before_av_social_share '><span class='hr-inner ' ><span class='hr-inner-style'><\/span><\/span><\/div><\/p>\n<div  class='av-social-sharing-box  avia-builder-el-7  el_after_av_hr  el_before_av_hr  '><div class='av-share-box'><h5 class='av-share-link-description av-no-toc '>Compartir esta noticia<\/h5><ul class='av-share-box-list noLightbox'><li class='av-share-link av-social-link-facebook' ><a target=\"_blank\" aria-label=\"Compartir en Facebook\" href='https:\/\/www.facebook.com\/sharer.php?u=https:\/\/radiorevelacionfm.cl\/?p=46496&#038;t=Nueva%20directora%20regional%20de%20Sernapesca%20se%20reuni%C3%B3%20con%20alcalde%20de%20Ays%C3%A9n' aria-hidden='false' data-av_icon='\ue8f3' data-av_iconfont='entypo-fontello' title='' data-avia-related-tooltip='Compartir en Facebook' rel=\"noopener\"><span class='avia_hidden_link_text'>Compartir en Facebook<\/span><\/a><\/li><li class='av-share-link av-social-link-twitter' ><a target=\"_blank\" aria-label=\"Compartir en Twitter\" href='https:\/\/twitter.com\/share?text=Nueva%20directora%20regional%20de%20Sernapesca%20se%20reuni%C3%B3%20con%20alcalde%20de%20Ays%C3%A9n&#038;url=https:\/\/radiorevelacionfm.cl\/?p=46496' aria-hidden='false' data-av_icon='\ue8f1' data-av_iconfont='entypo-fontello' title='' data-avia-related-tooltip='Compartir en Twitter' rel=\"noopener\"><span class='avia_hidden_link_text'>Compartir en Twitter<\/span><\/a><\/li><li class='av-share-link av-social-link-whatsapp' ><a target=\"_blank\" aria-label=\"Compartir en Whatsapp\" href='https:\/\/api.whatsapp.com\/send?text=https:\/\/radiorevelacionfm.cl\/?p=46496' aria-hidden='false' data-av_icon='\uf232' data-av_iconfont='entypo-fontello' title='' data-avia-related-tooltip='Compartir en Whatsapp' rel=\"noopener\"><span class='avia_hidden_link_text'>Compartir en Whatsapp<\/span><\/a><\/li><li class='av-share-link av-social-link-linkedin' ><a target=\"_blank\" aria-label=\"Compartir en LinkedIn\" href='https:\/\/linkedin.com\/shareArticle?mini=true&#038;title=Nueva%20directora%20regional%20de%20Sernapesca%20se%20reuni%C3%B3%20con%20alcalde%20de%20Ays%C3%A9n&#038;url=https:\/\/radiorevelacionfm.cl\/?p=46496' aria-hidden='false' data-av_icon='\ue8fc' data-av_iconfont='entypo-fontello' title='' data-avia-related-tooltip='Compartir en LinkedIn' rel=\"noopener\"><span class='avia_hidden_link_text'>Compartir en LinkedIn<\/span><\/a><\/li><li class='av-share-link av-social-link-mail' ><a  aria-label=\"Compartir por correo\" href='mailto:?subject=Nueva%20directora%20regional%20de%20Sernapesca%20se%20reuni%C3%B3%20con%20alcalde%20de%20Ays%C3%A9n&#038;body=https:\/\/radiorevelacionfm.cl\/?p=46496' aria-hidden='false' data-av_icon='\ue805' data-av_iconfont='entypo-fontello' title='' data-avia-related-tooltip='Compartir por correo'><span class='avia_hidden_link_text'>Compartir por correo<\/span><\/a><\/li><\/ul><\/div><\/div>\n<div  style='height:50px' class='hr hr-invisible   avia-builder-el-8  el_after_av_social_share  el_before_av_comments_list '><span class='hr-inner ' ><span class='hr-inner-style'><\/span><\/span><\/div>\n<div  class='av-buildercomment  av-blog-meta-html-info-disabled av-blog-meta-tag-disabled  '><\/div>\n","protected":false},"excerpt":{"rendered":"","protected":false},"author":1,"featured_media":46497,"comment_status":"open","ping_status":"open","sticky":false,"template":"","format":"standard","meta":{"footnotes":""},"categories":[38],"tags":[],"class_list":["post-46496","post","type-post","status-publish","format-standard","has-post-thumbnail","hentry","category-regional"],"jetpack_featured_media_url":"https:\/\/radiorevelacionfm.cl\/wp-content\/uploads\/2024\/09\/20240923_175929_optimized.jpg","_links":{"self":[{"href":"https:\/\/radiorevelacionfm.cl\/index.php?rest_route=\/wp\/v2\/posts\/46496","targetHints":{"allow":["GET"]}}],"collection":[{"href":"https:\/\/radiorevelacionfm.cl\/index.php?rest_route=\/wp\/v2\/posts"}],"about":[{"href":"https:\/\/radiorevelacionfm.cl\/index.php?rest_route=\/wp\/v2\/types\/post"}],"author":[{"embeddable":true,"href":"https:\/\/radiorevelacionfm.cl\/index.php?rest_route=\/wp\/v2\/users\/1"}],"replies":[{"embeddable":true,"href":"https:\/\/radiorevelacionfm.cl\/index.php?rest_route=%2Fwp%2Fv2%2Fcomments&post=46496"}],"version-history":[{"count":1,"href":"https:\/\/radiorevelacionfm.cl\/index.php?rest_route=\/wp\/v2\/posts\/46496\/revisions"}],"predecessor-version":[{"id":46498,"href":"https:\/\/radiorevelacionfm.cl\/index.php?rest_route=\/wp\/v2\/posts\/46496\/revisions\/46498"}],"wp:featuredmedia":[{"embeddable":true,"href":"https:\/\/radiorevelacionfm.cl\/index.php?rest_route=\/wp\/v2\/media\/46497"}],"wp:attachment":[{"href":"https:\/\/radiorevelacionfm.cl\/index.php?rest_route=%2Fwp%2Fv2%2Fmedia&parent=46496"}],"wp:term":[{"taxonomy":"category","embeddable":true,"href":"https:\/\/radiorevelacionfm.cl\/index.php?rest_route=%2Fwp%2Fv2%2Fcategories&post=46496"},{"taxonomy":"post_tag","embeddable":true,"href":"https:\/\/radiorevelacionfm.cl\/index.php?rest_route=%2Fwp%2Fv2%2Ftags&post=46496"}],"curies":[{"name":"wp","href":"https:\/\/api.w.org\/{rel}","templated":true}]}}