{"id":46491,"date":"2024-09-26T16:39:45","date_gmt":"2024-09-26T19:39:45","guid":{"rendered":"https:\/\/radiorevelacionfm.cl\/?p=46491"},"modified":"2024-09-26T16:39:45","modified_gmt":"2024-09-26T19:39:45","slug":"educacion-entrego-obras-de-conservacion-en-liceos-de-coyhaique-y-aysen","status":"publish","type":"post","link":"https:\/\/radiorevelacionfm.cl\/?p=46491","title":{"rendered":"Educaci\u00f3n entreg\u00f3 obras de conservaci\u00f3n en liceos de Coyhaique y Ays\u00e9n"},"content":{"rendered":"<div class=\"flex_column av_one_full  flex_column_div av-zero-column-padding first  avia-builder-el-0  el_before_av_one_full  avia-builder-el-first  \" style='border-radius:0px; '><div  class='avia-image-container  av-styling-    avia-builder-el-1  avia-builder-el-no-sibling  avia-align-center '  itemprop=\"image\" itemscope=\"itemscope\" itemtype=\"https:\/\/schema.org\/ImageObject\"  ><div class='avia-image-container-inner'><div class='avia-image-overlay-wrap'><img decoding=\"async\" class='wp-image-46492 avia-img-lazy-loading-not-46492 avia_image' src=\"https:\/\/radiorevelacionfm.cl\/wp-content\/uploads\/2024\/09\/ceremonia-coyhaique-1-1.jpg\" alt='' title='ceremonia-coyhaique (1) (1)' height=\"600\" width=\"901\"  itemprop=\"thumbnailUrl\" srcset=\"https:\/\/radiorevelacionfm.cl\/wp-content\/uploads\/2024\/09\/ceremonia-coyhaique-1-1.jpg 901w, https:\/\/radiorevelacionfm.cl\/wp-content\/uploads\/2024\/09\/ceremonia-coyhaique-1-1-300x200.jpg 300w, https:\/\/radiorevelacionfm.cl\/wp-content\/uploads\/2024\/09\/ceremonia-coyhaique-1-1-768x511.jpg 768w, https:\/\/radiorevelacionfm.cl\/wp-content\/uploads\/2024\/09\/ceremonia-coyhaique-1-1-705x469.jpg 705w, https:\/\/radiorevelacionfm.cl\/wp-content\/uploads\/2024\/09\/ceremonia-coyhaique-1-1-450x300.jpg 450w, https:\/\/radiorevelacionfm.cl\/wp-content\/uploads\/2024\/09\/ceremonia-coyhaique-1-1-600x400.jpg 600w\" sizes=\"(max-width: 901px) 100vw, 901px\" \/><\/div><\/div><\/div><\/div><div class=\"flex_column av_one_full  flex_column_div av-zero-column-padding first  avia-builder-el-2  el_after_av_one_full  el_before_av_one_full  column-top-margin\" style='border-radius:0px; '><section class=\"av_textblock_section \"  itemscope=\"itemscope\" itemtype=\"https:\/\/schema.org\/BlogPosting\" itemprop=\"blogPost\" ><div class='avia_textblock  '   itemprop=\"text\" ><p style=\"text-align: center;\"><strong><span style=\"font-size: 18pt;\">Educaci\u00f3n entreg\u00f3 obras de conservaci\u00f3n en liceos de Coyhaique y Ays\u00e9n<\/span><\/strong><\/p>\n<div id=\"gtx-trans\" style=\"position: absolute; left: -50px; top: 4.31534px;\">\n<div class=\"gtx-trans-icon\"><\/div>\n<\/div>\n<\/div><\/section><\/div><div class=\"flex_column av_one_full  flex_column_div av-zero-column-padding first  avia-builder-el-4  el_after_av_one_full  el_before_av_hr  column-top-margin\" style='border-radius:0px; '><section class=\"av_textblock_section \"  itemscope=\"itemscope\" itemtype=\"https:\/\/schema.org\/BlogPosting\" itemprop=\"blogPost\" ><div class='avia_textblock  '   itemprop=\"text\" ><p class=\"v1MsoNormal\" style=\"text-align: justify;\" align=\"center\"><em>En ambas comunas se han ejecutado y est\u00e1n ejecutando obras de mejoramiento de infraestructura por un monto cercano a los a los 2.500 millones de pesos.<\/em><\/p>\n<p class=\"v1MsoNormal\" style=\"text-align: justify;\">El martes 24 el\u00a0 Ministerio de Educaci\u00f3n entreg\u00f3 a las comunidades educacionales de Coyhaique y Ays\u00e9n obras de mejoramiento de infraestructura ejecutadas en el marco del Plan Nacional de Infraestructura y los Proyectos de Conservaci\u00f3n del MINEDUC, uno de los aspectos destacados del Plan de Reactivaci\u00f3n Educativa, implementada por el Gobierno del Presidente Gabriel Boric.<\/p>\n<p class=\"v1MsoNormal\" style=\"text-align: justify;\">En Coyhaique la ceremonia se llev\u00f3 a cabo en el Liceo Josefina Aguirre Montenegro, acto que cont\u00f3 con la presencia del Delegado Presidencial Regional Rodrigo Araya Morales, la SEREMI de Educaci\u00f3n Isabel Garrido, el Director Ejecutivo del Servicio de Educaci\u00f3n P\u00fablica Ays\u00e9n SLEP Ays\u00e9n Sebasti\u00e1n Gonz\u00e1lez, concejales de la comuna, directivos, docentes, asistentes de la educaci\u00f3n y estudiantes de loa colegios beneficiados.<\/p>\n<p class=\"v1MsoNormal\" style=\"text-align: justify;\">En el Liceo Josefina Aguirre Montenegro se ejecut\u00f3 cambio de ventanas, reparaci\u00f3n de caldera y control de plagas y fumigaci\u00f3n, por un monto de $280.500.000 pesos. En el establecimiento adem\u00e1s est\u00e1 por iniciar la obra de cambio de cubierta, bajadas de aguas lluvias entre otras intervenciones con una inversi\u00f3n superior a los $449 millones de pesos.<\/p>\n<p class=\"v1MsoNormal\" style=\"text-align: justify;\">Adem\u00e1s, en la comuna de Coyhaique se est\u00e1n ejecutando obras de mejoramiento de infraestructura en la Escuela Anexo Independencia (ubicada en el Centro Penitenciario), la Escuela Baquedano y pronto se iniciar\u00e1n los trabajos en la Escuela Valle de la Luna de \u00d1irehuao, Escuela Pedro Quintana Mansilla y Escuela Jos\u00e9 Antol\u00edn Silva Orme\u00f1o de Balmaceda.<\/p>\n<p class=\"v1MsoNormal\" style=\"text-align: justify;\">Al concluir las obras la Municipalidad de Coyhaique habr\u00e1 ejecutado desde el 2022 recursos de infraestructura provenientes del Ministerio de Educaci\u00f3n por mil doscientos veintiocho millones de pesos.<\/p>\n<p class=\"v1MsoNormal\" style=\"text-align: justify;\">En Puerto Ays\u00e9n en tanto se realiz\u00f3 la entrega de las obras de conservaci\u00f3n de emergencia en el Liceo Polit\u00e9cnico A-1 de Puerto Ays\u00e9n por un monto de inversi\u00f3n superior a los $447 millones de pesos, la inversi\u00f3n m\u00e1s alta realizada en la regi\u00f3n por parte del Ministerio de Educaci\u00f3n en la conservaci\u00f3n de un establecimiento educacional. En el plantel se ejecut\u00f3 el cambio de cubierta del patio techado, salas de clases y cocina; cambio de ventanas y puertas por termo panel en PVC.<\/p>\n<p class=\"v1MsoNormal\" style=\"text-align: justify;\">En la comuna de Ays\u00e9n tambi\u00e9n se han ejecutado y se est\u00e1n ejecutando obras de mejoramiento de infraestructura en el Liceo Ra\u00fal Broussain Campino,\u00a0 Escuela Poetisa Gabriela Mistral, Liceo Ma\u00f1ihuales y Escuela Pedro Aguirre Cerda de Puerto Aguirre por un monto superior a los 1.277 millones de pesos.<\/p>\n<p class=\"v1MsoNormal\" style=\"text-align: justify;\"><b>Reacciones<\/b><\/p>\n<p class=\"v1MsoNormal\" style=\"text-align: justify;\">El Delegado Presidencial Rodrigo Araya afirm\u00f3 que \u201cComo gobierno estamos cumpliendo el mandato de nuestro Presidente Gabriel Boric de mejorar la calidad de la Educaci\u00f3n en nuestro territorio y as\u00ed lo estamos haciendo. Hoy estamos entregando la primera etapa de mejoramiento del establecimiento y pronto se viene el cambio de cubierta. Durante 2023 se adjudicaron m\u00e1s de 6 mil millones de pesos para financiar 22 proyectos de mejoramiento de infraestructuras en colegios de 9 comunas de la regi\u00f3n. Con esto vamos acortando la brecha o d\u00e9ficit en materia de infraestructura escolar que exist\u00eda cuando llegamos al gobierno y hoy estamos entregando los primeros proyectos y seguimos avanzando para lograr esta meta\u201d.<\/p>\n<p class=\"v1MsoNormal\" style=\"text-align: justify;\">La Seremi de Educaci\u00f3n\u00a0 Isabel Garrido expres\u00f3 su satisfacci\u00f3n por la entrega de estas primeras obras. \u201cEstamos muy contentos como gobierno de inaugurar las primeras obras de mejoramiento en el liceo Josefina Aguirre Montenegro, porque contribuyen a la reactivaci\u00f3n educativa, ya que la infraestructura escolar es clave para impulsar los procesos de aprendizaje, y tambi\u00e9n a la instalaci\u00f3n de la Nueva Educaci\u00f3n P\u00fablica ya que en 2023 se abri\u00f3 una l\u00ednea especial para que aquellos colegios que fueron traspasados desde las municipalidades al SLEP Ays\u00e9n, est\u00e9n en las mejores condiciones de infraestructura posibles. La inversi\u00f3n regional en mejoramiento de infraestructura que estamos concretando es hist\u00f3rica y confiamos en que impactar\u00e1 positivamente en la reactivaci\u00f3n de aprendizajes\u201d.<\/p>\n<p class=\"v1MsoNormal\" style=\"text-align: justify;\">Sebasti\u00e1n Gonz\u00e1lez, Director Ejecutivo Slep Ays\u00e9n. \u201cComo Servicio Local de Educaci\u00f3n P\u00fablica hemos sido beneficiados con el trabajo desplegado por la Serem\u00eda de Educaci\u00f3n\u00a0 aportando recursos para el mejoramiento de infraestructura previo al traspaso de colegios desde las municipalidades al Slep Ays\u00e9n. Vemos un compromiso y trabajo conjunto con la nueva educaci\u00f3n p\u00fablica desde el Ministerio de Educaci\u00f3n, Gobierno Regional y las municipalidades y eso lo reconocemos y agradecemos\u201d.<\/p>\n<p class=\"v1MsoNormal\" style=\"text-align: justify;\">Claudio Morales Silva, Director del Liceo Josefina Aguirre. \u201cAgradecemos al Gobierno esta obra de mejoramiento\u00a0 que permite contar con mejores espacios y un mejor ambiente pedag\u00f3gico. En esta regi\u00f3n el clima es un factor importante y por ello esperamos la pronta ejecuci\u00f3n del cambio de la techumbre que ya ha cumplido su vida \u00fatil y que nos ayudar\u00e1 a conservar un ambiente temperado\u201d.<\/p>\n<p class=\"v1MsoNormal\" style=\"text-align: justify;\">Ana Mar\u00eda Navarrete Concejala de Coyhaique y presidenta de la comisi\u00f3n de Educaci\u00f3n del Concejo. \u201dPara nuestro concejo\u00a0 y la municipalidad es muy importante colaborar para la ejecuci\u00f3n de estos proyectos en distintos colegios de nuestra comuna porque va en directo beneficio de nuestros estudiantes que pasan varias horas en los colegios y necesitan espacios dignos\u201d.<\/p>\n<p class=\"v1MsoNormal\" style=\"text-align: justify;\">Yoselyn Viveros, Directora Liceo Polit\u00e9cnico A 1 de Puerto Ays\u00e9n: \u201cEstamos muy contentos (\u2026) durante mucho tiempo no hab\u00edamos podido optar como liceo a mejoramiento\u00a0 y contar con una nueva techumbre y mejores ventanas es motivo de alegr\u00eda y agradecimiento porque mejora nuestras condiciones de trabajo y el bienestar de nuestros una buena infraestructura permite concretar los aprendizajes de nuestros estudiantes\u201d.<\/p>\n<p class=\"v1MsoNormal\" style=\"text-align: justify;\">Diego Miranda Levi\u00f1anco, estudiante de Tercer A\u00f1o Medio del Liceo Polit\u00e9cnico\u00a0 A 1. \u201cEs muy importante para nosotros ya que es el lugar donde pasamos la mayor parte del d\u00eda y estar conforme con el lugar donde est\u00e1s es lo mejor porque si no est\u00e1s c\u00f3modo baja la mora, por eso estamos contentos\u201d.<\/p>\n<\/div><\/section><\/div><div  style='height:50px' class='hr hr-invisible   avia-builder-el-6  el_after_av_one_full  el_before_av_social_share '><span class='hr-inner ' ><span class='hr-inner-style'><\/span><\/span><\/div><\/p>\n<div  class='av-social-sharing-box  avia-builder-el-7  el_after_av_hr  el_before_av_hr  '><div class='av-share-box'><h5 class='av-share-link-description av-no-toc '>Compartir esta noticia<\/h5><ul class='av-share-box-list noLightbox'><li class='av-share-link av-social-link-facebook' ><a target=\"_blank\" aria-label=\"Compartir en Facebook\" href='https:\/\/www.facebook.com\/sharer.php?u=https:\/\/radiorevelacionfm.cl\/?p=46491&#038;t=Educaci%C3%B3n%20entreg%C3%B3%20obras%20de%20conservaci%C3%B3n%20en%20liceos%20de%20Coyhaique%20y%20Ays%C3%A9n' aria-hidden='false' data-av_icon='\ue8f3' data-av_iconfont='entypo-fontello' title='' data-avia-related-tooltip='Compartir en Facebook' rel=\"noopener\"><span class='avia_hidden_link_text'>Compartir en Facebook<\/span><\/a><\/li><li class='av-share-link av-social-link-twitter' ><a target=\"_blank\" aria-label=\"Compartir en Twitter\" href='https:\/\/twitter.com\/share?text=Educaci%C3%B3n%20entreg%C3%B3%20obras%20de%20conservaci%C3%B3n%20en%20liceos%20de%20Coyhaique%20y%20Ays%C3%A9n&#038;url=https:\/\/radiorevelacionfm.cl\/?p=46491' aria-hidden='false' data-av_icon='\ue8f1' data-av_iconfont='entypo-fontello' title='' data-avia-related-tooltip='Compartir en Twitter' rel=\"noopener\"><span class='avia_hidden_link_text'>Compartir en Twitter<\/span><\/a><\/li><li class='av-share-link av-social-link-whatsapp' ><a target=\"_blank\" aria-label=\"Compartir en Whatsapp\" href='https:\/\/api.whatsapp.com\/send?text=https:\/\/radiorevelacionfm.cl\/?p=46491' aria-hidden='false' data-av_icon='\uf232' data-av_iconfont='entypo-fontello' title='' data-avia-related-tooltip='Compartir en Whatsapp' rel=\"noopener\"><span class='avia_hidden_link_text'>Compartir en Whatsapp<\/span><\/a><\/li><li class='av-share-link av-social-link-linkedin' ><a target=\"_blank\" aria-label=\"Compartir en LinkedIn\" href='https:\/\/linkedin.com\/shareArticle?mini=true&#038;title=Educaci%C3%B3n%20entreg%C3%B3%20obras%20de%20conservaci%C3%B3n%20en%20liceos%20de%20Coyhaique%20y%20Ays%C3%A9n&#038;url=https:\/\/radiorevelacionfm.cl\/?p=46491' aria-hidden='false' data-av_icon='\ue8fc' data-av_iconfont='entypo-fontello' title='' data-avia-related-tooltip='Compartir en LinkedIn' rel=\"noopener\"><span class='avia_hidden_link_text'>Compartir en LinkedIn<\/span><\/a><\/li><li class='av-share-link av-social-link-mail' ><a  aria-label=\"Compartir por correo\" href='mailto:?subject=Educaci%C3%B3n%20entreg%C3%B3%20obras%20de%20conservaci%C3%B3n%20en%20liceos%20de%20Coyhaique%20y%20Ays%C3%A9n&#038;body=https:\/\/radiorevelacionfm.cl\/?p=46491' aria-hidden='false' data-av_icon='\ue805' data-av_iconfont='entypo-fontello' title='' data-avia-related-tooltip='Compartir por correo'><span class='avia_hidden_link_text'>Compartir por correo<\/span><\/a><\/li><\/ul><\/div><\/div>\n<div  style='height:50px' class='hr hr-invisible   avia-builder-el-8  el_after_av_social_share  el_before_av_comments_list '><span class='hr-inner ' ><span class='hr-inner-style'><\/span><\/span><\/div>\n<div  class='av-buildercomment  av-blog-meta-html-info-disabled av-blog-meta-tag-disabled  '><\/div>\n","protected":false},"excerpt":{"rendered":"","protected":false},"author":1,"featured_media":46492,"comment_status":"open","ping_status":"open","sticky":false,"template":"","format":"standard","meta":{"footnotes":""},"categories":[49],"tags":[],"class_list":["post-46491","post","type-post","status-publish","format-standard","has-post-thumbnail","hentry","category-educacion"],"jetpack_featured_media_url":"https:\/\/radiorevelacionfm.cl\/wp-content\/uploads\/2024\/09\/ceremonia-coyhaique-1-1.jpg","_links":{"self":[{"href":"https:\/\/radiorevelacionfm.cl\/index.php?rest_route=\/wp\/v2\/posts\/46491","targetHints":{"allow":["GET"]}}],"collection":[{"href":"https:\/\/radiorevelacionfm.cl\/index.php?rest_route=\/wp\/v2\/posts"}],"about":[{"href":"https:\/\/radiorevelacionfm.cl\/index.php?rest_route=\/wp\/v2\/types\/post"}],"author":[{"embeddable":true,"href":"https:\/\/radiorevelacionfm.cl\/index.php?rest_route=\/wp\/v2\/users\/1"}],"replies":[{"embeddable":true,"href":"https:\/\/radiorevelacionfm.cl\/index.php?rest_route=%2Fwp%2Fv2%2Fcomments&post=46491"}],"version-history":[{"count":1,"href":"https:\/\/radiorevelacionfm.cl\/index.php?rest_route=\/wp\/v2\/posts\/46491\/revisions"}],"predecessor-version":[{"id":46493,"href":"https:\/\/radiorevelacionfm.cl\/index.php?rest_route=\/wp\/v2\/posts\/46491\/revisions\/46493"}],"wp:featuredmedia":[{"embeddable":true,"href":"https:\/\/radiorevelacionfm.cl\/index.php?rest_route=\/wp\/v2\/media\/46492"}],"wp:attachment":[{"href":"https:\/\/radiorevelacionfm.cl\/index.php?rest_route=%2Fwp%2Fv2%2Fmedia&parent=46491"}],"wp:term":[{"taxonomy":"category","embeddable":true,"href":"https:\/\/radiorevelacionfm.cl\/index.php?rest_route=%2Fwp%2Fv2%2Fcategories&post=46491"},{"taxonomy":"post_tag","embeddable":true,"href":"https:\/\/radiorevelacionfm.cl\/index.php?rest_route=%2Fwp%2Fv2%2Ftags&post=46491"}],"curies":[{"name":"wp","href":"https:\/\/api.w.org\/{rel}","templated":true}]}}