{"id":4649,"date":"2021-05-29T14:18:31","date_gmt":"2021-05-29T17:18:31","guid":{"rendered":"https:\/\/radiorevelacionfm.cl\/?p=4649"},"modified":"2021-05-29T14:18:31","modified_gmt":"2021-05-29T17:18:31","slug":"minvu-licita-diseno-para-proyecto-vial-construccion-circunvalacion-oriente-poniente-de-coyhaique","status":"publish","type":"post","link":"https:\/\/radiorevelacionfm.cl\/?p=4649","title":{"rendered":"Minvu licita dise\u00f1o para proyecto vial construcci\u00f3n Circunvalaci\u00f3n Oriente Poniente de Coyhaique"},"content":{"rendered":"<div class=\"flex_column av_one_full  flex_column_div av-zero-column-padding first  avia-builder-el-0  el_before_av_one_full  avia-builder-el-first  \" style='border-radius:0px; '><div  class='avia-image-container  av-styling-    avia-builder-el-1  avia-builder-el-no-sibling  avia-align-center '  itemprop=\"image\" itemscope=\"itemscope\" itemtype=\"https:\/\/schema.org\/ImageObject\"  ><div class='avia-image-container-inner'><div class='avia-image-overlay-wrap'><img decoding=\"async\" class='wp-image-4650 avia-img-lazy-loading-not-4650 avia_image' src=\"https:\/\/radiorevelacionfm.cl\/wp-content\/uploads\/2021\/05\/imagen-proyecto-avenida-circunvalacion-oriente-poniente-coyhaique_optimized.jpg\" alt='' title='imagen-proyecto-avenida-circunvalaci\u00f3n-oriente-poniente-coyhaique_optimized' height=\"639\" width=\"1136\"  itemprop=\"thumbnailUrl\" srcset=\"https:\/\/radiorevelacionfm.cl\/wp-content\/uploads\/2021\/05\/imagen-proyecto-avenida-circunvalacion-oriente-poniente-coyhaique_optimized.jpg 1136w, https:\/\/radiorevelacionfm.cl\/wp-content\/uploads\/2021\/05\/imagen-proyecto-avenida-circunvalacion-oriente-poniente-coyhaique_optimized-300x169.jpg 300w, https:\/\/radiorevelacionfm.cl\/wp-content\/uploads\/2021\/05\/imagen-proyecto-avenida-circunvalacion-oriente-poniente-coyhaique_optimized-1030x579.jpg 1030w, https:\/\/radiorevelacionfm.cl\/wp-content\/uploads\/2021\/05\/imagen-proyecto-avenida-circunvalacion-oriente-poniente-coyhaique_optimized-768x432.jpg 768w, https:\/\/radiorevelacionfm.cl\/wp-content\/uploads\/2021\/05\/imagen-proyecto-avenida-circunvalacion-oriente-poniente-coyhaique_optimized-705x397.jpg 705w, https:\/\/radiorevelacionfm.cl\/wp-content\/uploads\/2021\/05\/imagen-proyecto-avenida-circunvalacion-oriente-poniente-coyhaique_optimized-600x338.jpg 600w\" sizes=\"(max-width: 1136px) 100vw, 1136px\" \/><\/div><\/div><\/div><\/div>\n<div class=\"flex_column av_one_full  flex_column_div av-zero-column-padding first  avia-builder-el-2  el_after_av_one_full  el_before_av_one_full  column-top-margin\" style='border-radius:0px; '><section class=\"av_textblock_section \"  itemscope=\"itemscope\" itemtype=\"https:\/\/schema.org\/BlogPosting\" itemprop=\"blogPost\" ><div class='avia_textblock  '   itemprop=\"text\" ><p style=\"text-align: center;\"><strong><span style=\"font-size: 18pt;\">Minvu licita dise\u00f1o para proyecto vial construcci\u00f3n Circunvalaci\u00f3n Oriente Poniente de Coyhaique<\/span><\/strong><\/p>\n<div id=\"gtx-trans\" style=\"position: absolute; left: -50px; top: 4.31534px;\">\n<div class=\"gtx-trans-icon\"><\/div>\n<\/div>\n<\/div><\/section><\/div><div class=\"flex_column av_one_full  flex_column_div av-zero-column-padding first  avia-builder-el-4  el_after_av_one_full  el_before_av_hr  column-top-margin\" style='border-radius:0px; '><section class=\"av_textblock_section \"  itemscope=\"itemscope\" itemtype=\"https:\/\/schema.org\/BlogPosting\" itemprop=\"blogPost\" ><div class='avia_textblock  '   itemprop=\"text\" ><p style=\"text-align: justify;\">El Seremi de Vivienda y Urbanismo, Diego Silva, confirm\u00f3 que durante esta semana se public\u00f3 la licitaci\u00f3n para la etapa de dise\u00f1o del proyecto que permitir\u00e1 la futura construcci\u00f3n de la avenida Circunvalaci\u00f3n Oriente Poniente de Coyhaique, uno de los proyectos viales m\u00e1s importantes que se vislumbran para los pr\u00f3ximos a\u00f1os en la capital regional.<\/p>\n<p style=\"text-align: justify;\">Record\u00f3 la autoridad sectorial que esta gran obra de vialidad urbana unir\u00e1 la Avenida Ogana con la Avenida Baquedano, cruzando por un costado de la ciudad en un tramo aproximado de seis kil\u00f3metros, generando alternativas de conectividad y ordenamiento que se han hecho indispensables considerando el crecimiento de la ciudad y del parque automotriz en los \u00faltimos a\u00f1os.<\/p>\n<p style=\"text-align: justify;\">El Seremi expreso su satisfacci\u00f3n de ver que el proceso sigue avanzando en sus diferentes etapas, siempre con la visi\u00f3n de futuro que conllevan estas iniciativas. \u201cEste mi\u00e9rcoles se public\u00f3 la licitaci\u00f3n y ahora viene la etapa de consultas y el ingreso de ofertas hasta el 25 de junio, para dar paso a la correspondiente apertura electr\u00f3nica. Ojal\u00e1 tengamos varios interesados para elaborar este dise\u00f1o, ya que se trata de un proyecto emblem\u00e1tico para nuestro Ministerio y para nuestra capital regional. Queremos que este sue\u00f1o sea una realidad en los pr\u00f3ximos a\u00f1os porque nuestra gente se lo merece, as\u00ed que en eso seguiremos poniendo nuestros mejores esfuerzos y capacidades\u201d, afirm\u00f3.<\/p>\n<p style=\"text-align: justify;\">Cabe consignar que durante los a\u00f1os 2018 y 2019 se realiz\u00f3 el an\u00e1lisis de prefactibilidad, el desarrollo a nivel de anteproyecto y la evaluaci\u00f3n definitiva del mejoramiento del trazado, que va desde Avenida Ogana pasando por Avenida Divisadero, Divisadero Oriente, Almirante Simpson y Campos de Hielo hasta conectar con Avenida Baquedano, permitiendo as\u00ed mejorar los tiempos de desplazamiento, ordenar el tr\u00e1nsito de la carga pesada y descongestionar otras arterias de la ciudad.<\/p>\n<\/div><\/section><\/div><\/p>\n<div  style='height:50px' class='hr hr-invisible   avia-builder-el-6  el_after_av_one_full  el_before_av_social_share '><span class='hr-inner ' ><span class='hr-inner-style'><\/span><\/span><\/div>\n<div  class='av-social-sharing-box  avia-builder-el-7  el_after_av_hr  el_before_av_hr  '><div class='av-share-box'><h5 class='av-share-link-description av-no-toc '>Compartir esta noticia<\/h5><ul class='av-share-box-list noLightbox'><li class='av-share-link av-social-link-facebook' ><a target=\"_blank\" aria-label=\"Compartir en Facebook\" href='https:\/\/www.facebook.com\/sharer.php?u=https:\/\/radiorevelacionfm.cl\/?p=4649&#038;t=Minvu%20licita%20dise%C3%B1o%20para%20proyecto%20vial%20construcci%C3%B3n%20Circunvalaci%C3%B3n%20Oriente%20Poniente%20de%20Coyhaique' aria-hidden='false' data-av_icon='\ue8f3' data-av_iconfont='entypo-fontello' title='' data-avia-related-tooltip='Compartir en Facebook' rel=\"noopener\"><span class='avia_hidden_link_text'>Compartir en Facebook<\/span><\/a><\/li><li class='av-share-link av-social-link-twitter' ><a target=\"_blank\" aria-label=\"Compartir en Twitter\" href='https:\/\/twitter.com\/share?text=Minvu%20licita%20dise%C3%B1o%20para%20proyecto%20vial%20construcci%C3%B3n%20Circunvalaci%C3%B3n%20Oriente%20Poniente%20de%20Coyhaique&#038;url=https:\/\/radiorevelacionfm.cl\/?p=4649' aria-hidden='false' data-av_icon='\ue8f1' data-av_iconfont='entypo-fontello' title='' data-avia-related-tooltip='Compartir en Twitter' rel=\"noopener\"><span class='avia_hidden_link_text'>Compartir en Twitter<\/span><\/a><\/li><li class='av-share-link av-social-link-whatsapp' ><a target=\"_blank\" aria-label=\"Compartir en Whatsapp\" href='https:\/\/api.whatsapp.com\/send?text=https:\/\/radiorevelacionfm.cl\/?p=4649' aria-hidden='false' data-av_icon='\uf232' data-av_iconfont='entypo-fontello' title='' data-avia-related-tooltip='Compartir en Whatsapp' rel=\"noopener\"><span class='avia_hidden_link_text'>Compartir en Whatsapp<\/span><\/a><\/li><li class='av-share-link av-social-link-linkedin' ><a target=\"_blank\" aria-label=\"Compartir en LinkedIn\" href='https:\/\/linkedin.com\/shareArticle?mini=true&#038;title=Minvu%20licita%20dise%C3%B1o%20para%20proyecto%20vial%20construcci%C3%B3n%20Circunvalaci%C3%B3n%20Oriente%20Poniente%20de%20Coyhaique&#038;url=https:\/\/radiorevelacionfm.cl\/?p=4649' aria-hidden='false' data-av_icon='\ue8fc' data-av_iconfont='entypo-fontello' title='' data-avia-related-tooltip='Compartir en LinkedIn' rel=\"noopener\"><span class='avia_hidden_link_text'>Compartir en LinkedIn<\/span><\/a><\/li><li class='av-share-link av-social-link-mail' ><a  aria-label=\"Compartir por correo\" href='mailto:?subject=Minvu%20licita%20dise%C3%B1o%20para%20proyecto%20vial%20construcci%C3%B3n%20Circunvalaci%C3%B3n%20Oriente%20Poniente%20de%20Coyhaique&#038;body=https:\/\/radiorevelacionfm.cl\/?p=4649' aria-hidden='false' data-av_icon='\ue805' data-av_iconfont='entypo-fontello' title='' data-avia-related-tooltip='Compartir por correo'><span class='avia_hidden_link_text'>Compartir por correo<\/span><\/a><\/li><\/ul><\/div><\/div>\n<div  style='height:50px' class='hr hr-invisible   avia-builder-el-8  el_after_av_social_share  el_before_av_comments_list '><span class='hr-inner ' ><span class='hr-inner-style'><\/span><\/span><\/div>\n<div  class='av-buildercomment  av-blog-meta-html-info-disabled av-blog-meta-tag-disabled  '><\/div>\n","protected":false},"excerpt":{"rendered":"","protected":false},"author":1,"featured_media":4650,"comment_status":"open","ping_status":"open","sticky":false,"template":"","format":"standard","meta":{"footnotes":""},"categories":[38],"tags":[],"class_list":["post-4649","post","type-post","status-publish","format-standard","has-post-thumbnail","hentry","category-regional"],"jetpack_featured_media_url":"https:\/\/radiorevelacionfm.cl\/wp-content\/uploads\/2021\/05\/imagen-proyecto-avenida-circunvalacion-oriente-poniente-coyhaique_optimized.jpg","_links":{"self":[{"href":"https:\/\/radiorevelacionfm.cl\/index.php?rest_route=\/wp\/v2\/posts\/4649","targetHints":{"allow":["GET"]}}],"collection":[{"href":"https:\/\/radiorevelacionfm.cl\/index.php?rest_route=\/wp\/v2\/posts"}],"about":[{"href":"https:\/\/radiorevelacionfm.cl\/index.php?rest_route=\/wp\/v2\/types\/post"}],"author":[{"embeddable":true,"href":"https:\/\/radiorevelacionfm.cl\/index.php?rest_route=\/wp\/v2\/users\/1"}],"replies":[{"embeddable":true,"href":"https:\/\/radiorevelacionfm.cl\/index.php?rest_route=%2Fwp%2Fv2%2Fcomments&post=4649"}],"version-history":[{"count":4,"href":"https:\/\/radiorevelacionfm.cl\/index.php?rest_route=\/wp\/v2\/posts\/4649\/revisions"}],"predecessor-version":[{"id":4665,"href":"https:\/\/radiorevelacionfm.cl\/index.php?rest_route=\/wp\/v2\/posts\/4649\/revisions\/4665"}],"wp:featuredmedia":[{"embeddable":true,"href":"https:\/\/radiorevelacionfm.cl\/index.php?rest_route=\/wp\/v2\/media\/4650"}],"wp:attachment":[{"href":"https:\/\/radiorevelacionfm.cl\/index.php?rest_route=%2Fwp%2Fv2%2Fmedia&parent=4649"}],"wp:term":[{"taxonomy":"category","embeddable":true,"href":"https:\/\/radiorevelacionfm.cl\/index.php?rest_route=%2Fwp%2Fv2%2Fcategories&post=4649"},{"taxonomy":"post_tag","embeddable":true,"href":"https:\/\/radiorevelacionfm.cl\/index.php?rest_route=%2Fwp%2Fv2%2Ftags&post=4649"}],"curies":[{"name":"wp","href":"https:\/\/api.w.org\/{rel}","templated":true}]}}