{"id":46487,"date":"2024-09-26T15:58:35","date_gmt":"2024-09-26T18:58:35","guid":{"rendered":"https:\/\/radiorevelacionfm.cl\/?p=46487"},"modified":"2024-09-26T15:58:35","modified_gmt":"2024-09-26T18:58:35","slug":"gobernadora-macias-presenta-cartera-de-inversion-pdze-2024-2034-son-34-anos-de-inversion-regional-en-10-anos-de-ejecucion","status":"publish","type":"post","link":"https:\/\/radiorevelacionfm.cl\/?p=46487","title":{"rendered":"Gobernadora Mac\u00edas presenta cartera de inversi\u00f3n PDZE 2024-2034: \u00abSon 34 a\u00f1os de inversi\u00f3n regional en 10 a\u00f1os de ejecuci\u00f3n\u00bb"},"content":{"rendered":"<div class=\"flex_column av_one_full  flex_column_div av-zero-column-padding first  avia-builder-el-0  el_before_av_one_full  avia-builder-el-first  \" style='border-radius:0px; '><div  class='avia-image-container  av-styling-    avia-builder-el-1  avia-builder-el-no-sibling  avia-align-center '  itemprop=\"image\" itemscope=\"itemscope\" itemtype=\"https:\/\/schema.org\/ImageObject\"  ><div class='avia-image-container-inner'><div class='avia-image-overlay-wrap'><img decoding=\"async\" class='wp-image-46488 avia-img-lazy-loading-not-46488 avia_image' src=\"https:\/\/radiorevelacionfm.cl\/wp-content\/uploads\/2024\/09\/WhatsApp-Image-2024-09-25-at-8.16.50-PM-1-1.jpeg\" alt='' title='WhatsApp Image 2024-09-25 at 8.16.50 PM (1) (1)' height=\"600\" width=\"1040\"  itemprop=\"thumbnailUrl\" srcset=\"https:\/\/radiorevelacionfm.cl\/wp-content\/uploads\/2024\/09\/WhatsApp-Image-2024-09-25-at-8.16.50-PM-1-1.jpeg 1040w, https:\/\/radiorevelacionfm.cl\/wp-content\/uploads\/2024\/09\/WhatsApp-Image-2024-09-25-at-8.16.50-PM-1-1-300x173.jpeg 300w, https:\/\/radiorevelacionfm.cl\/wp-content\/uploads\/2024\/09\/WhatsApp-Image-2024-09-25-at-8.16.50-PM-1-1-1030x594.jpeg 1030w, https:\/\/radiorevelacionfm.cl\/wp-content\/uploads\/2024\/09\/WhatsApp-Image-2024-09-25-at-8.16.50-PM-1-1-768x443.jpeg 768w, https:\/\/radiorevelacionfm.cl\/wp-content\/uploads\/2024\/09\/WhatsApp-Image-2024-09-25-at-8.16.50-PM-1-1-705x407.jpeg 705w, https:\/\/radiorevelacionfm.cl\/wp-content\/uploads\/2024\/09\/WhatsApp-Image-2024-09-25-at-8.16.50-PM-1-1-450x260.jpeg 450w, https:\/\/radiorevelacionfm.cl\/wp-content\/uploads\/2024\/09\/WhatsApp-Image-2024-09-25-at-8.16.50-PM-1-1-600x346.jpeg 600w\" sizes=\"(max-width: 1040px) 100vw, 1040px\" \/><\/div><\/div><\/div><\/div><div class=\"flex_column av_one_full  flex_column_div av-zero-column-padding first  avia-builder-el-2  el_after_av_one_full  el_before_av_one_full  column-top-margin\" style='border-radius:0px; '><section class=\"av_textblock_section \"  itemscope=\"itemscope\" itemtype=\"https:\/\/schema.org\/BlogPosting\" itemprop=\"blogPost\" ><div class='avia_textblock  '   itemprop=\"text\" ><p style=\"text-align: center;\"><strong><span style=\"font-size: 18pt;\">Gobernadora Mac\u00edas presenta cartera de inversi\u00f3n PDZE 2024-2034: \u00abSon 34 a\u00f1os de inversi\u00f3n regional en 10 a\u00f1os de ejecuci\u00f3n\u00bb<\/span><\/strong><\/p>\n<div id=\"gtx-trans\" style=\"position: absolute; left: -50px; top: 4.31534px;\">\n<div class=\"gtx-trans-icon\"><\/div>\n<\/div>\n<\/div><\/section><\/div><div class=\"flex_column av_one_full  flex_column_div av-zero-column-padding first  avia-builder-el-4  el_after_av_one_full  el_before_av_hr  column-top-margin\" style='border-radius:0px; '><section class=\"av_textblock_section \"  itemscope=\"itemscope\" itemtype=\"https:\/\/schema.org\/BlogPosting\" itemprop=\"blogPost\" ><div class='avia_textblock  '   itemprop=\"text\" ><p dir=\"ltr\" style=\"text-align: justify;\">La Gobernadora Regional de Ays\u00e9n, Andrea Mac\u00edas Palma, present\u00f3 este mi\u00e9rcoles el esperado Plan de Desarrollo de Zonas Extremas (PDZE) 2024-2034, la ambiciosa cartera de proyectos que busca promover el desarrollo sostenible y la equidad territorial en una de las regiones m\u00e1s aisladas del pa\u00eds.<\/p>\n<p dir=\"ltr\" style=\"text-align: justify;\">El plan, que abarca un horizonte de diez a\u00f1os, se plantea como la herramienta clave para reducir brechas y mejorar la calidad de vida en Ays\u00e9n, abordando \u00e1reas cr\u00edticas como conectividad, infraestructura, salud, educaci\u00f3n y medioambiente y deber\u00e1 ahora, pasar por un proceso de priorizaci\u00f3n en el Consejo Regional.<\/p>\n<p dir=\"ltr\" style=\"text-align: justify;\">La cartera cuenta con un presupuesto de m\u00e1s de 2, 5 billones de pesos, lo que equivale a 34 veces el presupuesto regional de un a\u00f1o. Con esto, la Gobernadora Andrea Mac\u00edas asegur\u00f3 que se da un salto importante en la brecha de desarrollo con la que cuenta la Regi\u00f3n de Ays\u00e9n.<\/p>\n<p dir=\"ltr\" style=\"text-align: justify;\">\u00abEn lo personal muy contenta, satisfecha del resultado obtenido, un a\u00f1o de trabajo que se materializa hoy d\u00eda en esta cartera que supera los 2 billones de pesos de inversi\u00f3n si es que uno la contabiliza de manera completa. Esto significa que son 34 a\u00f1os de presupuesto regional invertidos en 10 a\u00f1os. Este PDZE nos permite planificar la inversi\u00f3n pero nos permite sobre todo poner acento y foco en las necesidades que han levantado cada uno de los territorios\u00bb, afirm\u00f3.<\/p>\n<p dir=\"ltr\" style=\"text-align: justify;\">Adem\u00e1s, la primera autoridad regional destac\u00f3 que se trata de una estrategia descentralizada que articula inversiones p\u00fablicas (considerando recursos regionales y nacionales), adem\u00e1s de privadas, en sinton\u00eda con las necesidades de las comunidades locales, que aportaron en los talleres de participaci\u00f3n ciudadana para la construcci\u00f3n del Plan.<\/p>\n<p dir=\"ltr\" style=\"text-align: justify;\">Al tratarse de un Plan que se desprende de una Pol\u00ectica Nacional, el Delegado Presidencial Regional de Ays\u00e9n, Rodrigo Araya, relev\u00f3 la visi\u00f3n a favor de la descentralizaci\u00f3n impulsada desde el Gobierno de Gabriel Boric.<\/p>\n<p dir=\"ltr\" style=\"text-align: justify;\">\u00abNuestro presidente Gabriel Boric tuvo un compromiso de desarrollo equitativo del territorio a nivel nacional y ah\u00ed, esta segunda parte de lo que fue el PDZE hace ya algunos a\u00f1os atr\u00e1s y que se viene a instalar como una pol\u00edtica permanente en el tiempo con una estrategia distinta y que signific\u00f3 un trabajo a nivel de las 10 comunas de la regi\u00f3n con instancias en muchos territorios de discusi\u00f3n y conversaci\u00f3n con las personas pero sobre todo con las instituciones p\u00fablicas\u00bb, se\u00f1al\u00f3.<\/p>\n<p dir=\"ltr\" style=\"text-align: justify;\">El plan se estructura en torno a cuatro ejes estrat\u00e9gicos, definidos tras un exhaustivo proceso de diagn\u00f3stico y participaci\u00f3n ciudadana: Asentamientos Humanos, Infraestructura y Log\u00edstica, Fomento Econ\u00f3mico y Productivo y Medio Ambiente.<\/p>\n<p dir=\"ltr\" style=\"text-align: justify;\">Entre las iniciativas emblem\u00e1ticas destacan la consolidaci\u00f3n de la Ruta 7 Sur, la construcci\u00f3n del Hospital Regional de Coyhaique, la infraestructura para la Universidad de Ays\u00e9n y el Plan de Infraestructura del SLEP, el desarrollo del Centro de Investigaci\u00f3n de Hielos y Glaciares en la Provincia de Capit\u00e1n Prat, un puente para Ra\u00fal Mar\u00edn Balmaceda, Servicios sanitarios en toda la regi\u00f3n, establecimientos de salud y de generaci\u00f3n energ\u00e9tica en distintos puntos, entre un listado de 190 iniciativas.<\/p>\n<p dir=\"ltr\" style=\"text-align: justify;\">A continuaci\u00f3n de la presentaci\u00f3n de esta cartera preliminar de proyectos, estas ser\u00e1n estudiadas, analizadas y priorizadas por el Consejo Regional de Ays\u00e9n, para luego pasar por un proceso de revisi\u00f3n administrativa por parte de la SUBDERE y DIPRES.<\/p>\n<p dir=\"ltr\" style=\"text-align: justify;\">El plan es una muestra concreta de la descentralizaci\u00f3n en acci\u00f3n, mostrando el liderazgo del Gobierno Regional de Ays\u00e9n en todo su ciclo, desde su formulaci\u00f3n hasta su ejecuci\u00f3n.<\/p>\n<\/div><\/section><\/div><div  style='height:50px' class='hr hr-invisible   avia-builder-el-6  el_after_av_one_full  el_before_av_social_share '><span class='hr-inner ' ><span class='hr-inner-style'><\/span><\/span><\/div><\/p>\n<div  class='av-social-sharing-box  avia-builder-el-7  el_after_av_hr  el_before_av_hr  '><div class='av-share-box'><h5 class='av-share-link-description av-no-toc '>Compartir esta noticia<\/h5><ul class='av-share-box-list noLightbox'><li class='av-share-link av-social-link-facebook' ><a target=\"_blank\" aria-label=\"Compartir en Facebook\" href='https:\/\/www.facebook.com\/sharer.php?u=https:\/\/radiorevelacionfm.cl\/?p=46487&#038;t=Gobernadora%20Mac%C3%ADas%20presenta%20cartera%20de%20inversi%C3%B3n%20PDZE%202024-2034%3A%20%C2%ABSon%2034%20a%C3%B1os%20de%20inversi%C3%B3n%20regional%20en%2010%20a%C3%B1os%20de%20ejecuci%C3%B3n%C2%BB' aria-hidden='false' data-av_icon='\ue8f3' data-av_iconfont='entypo-fontello' title='' data-avia-related-tooltip='Compartir en Facebook' rel=\"noopener\"><span class='avia_hidden_link_text'>Compartir en Facebook<\/span><\/a><\/li><li class='av-share-link av-social-link-twitter' ><a target=\"_blank\" aria-label=\"Compartir en Twitter\" href='https:\/\/twitter.com\/share?text=Gobernadora%20Mac%C3%ADas%20presenta%20cartera%20de%20inversi%C3%B3n%20PDZE%202024-2034%3A%20%C2%ABSon%2034%20a%C3%B1os%20de%20inversi%C3%B3n%20regional%20en%2010%20a%C3%B1os%20de%20ejecuci%C3%B3n%C2%BB&#038;url=https:\/\/radiorevelacionfm.cl\/?p=46487' aria-hidden='false' data-av_icon='\ue8f1' data-av_iconfont='entypo-fontello' title='' data-avia-related-tooltip='Compartir en Twitter' rel=\"noopener\"><span class='avia_hidden_link_text'>Compartir en Twitter<\/span><\/a><\/li><li class='av-share-link av-social-link-whatsapp' ><a target=\"_blank\" aria-label=\"Compartir en Whatsapp\" href='https:\/\/api.whatsapp.com\/send?text=https:\/\/radiorevelacionfm.cl\/?p=46487' aria-hidden='false' data-av_icon='\uf232' data-av_iconfont='entypo-fontello' title='' data-avia-related-tooltip='Compartir en Whatsapp' rel=\"noopener\"><span class='avia_hidden_link_text'>Compartir en Whatsapp<\/span><\/a><\/li><li class='av-share-link av-social-link-linkedin' ><a target=\"_blank\" aria-label=\"Compartir en LinkedIn\" href='https:\/\/linkedin.com\/shareArticle?mini=true&#038;title=Gobernadora%20Mac%C3%ADas%20presenta%20cartera%20de%20inversi%C3%B3n%20PDZE%202024-2034%3A%20%C2%ABSon%2034%20a%C3%B1os%20de%20inversi%C3%B3n%20regional%20en%2010%20a%C3%B1os%20de%20ejecuci%C3%B3n%C2%BB&#038;url=https:\/\/radiorevelacionfm.cl\/?p=46487' aria-hidden='false' data-av_icon='\ue8fc' data-av_iconfont='entypo-fontello' title='' data-avia-related-tooltip='Compartir en LinkedIn' rel=\"noopener\"><span class='avia_hidden_link_text'>Compartir en LinkedIn<\/span><\/a><\/li><li class='av-share-link av-social-link-mail' ><a  aria-label=\"Compartir por correo\" href='mailto:?subject=Gobernadora%20Mac%C3%ADas%20presenta%20cartera%20de%20inversi%C3%B3n%20PDZE%202024-2034%3A%20%C2%ABSon%2034%20a%C3%B1os%20de%20inversi%C3%B3n%20regional%20en%2010%20a%C3%B1os%20de%20ejecuci%C3%B3n%C2%BB&#038;body=https:\/\/radiorevelacionfm.cl\/?p=46487' aria-hidden='false' data-av_icon='\ue805' data-av_iconfont='entypo-fontello' title='' data-avia-related-tooltip='Compartir por correo'><span class='avia_hidden_link_text'>Compartir por correo<\/span><\/a><\/li><\/ul><\/div><\/div>\n<div  style='height:50px' class='hr hr-invisible   avia-builder-el-8  el_after_av_social_share  el_before_av_comments_list '><span class='hr-inner ' ><span class='hr-inner-style'><\/span><\/span><\/div>\n<div  class='av-buildercomment  av-blog-meta-html-info-disabled av-blog-meta-tag-disabled  '><\/div>\n","protected":false},"excerpt":{"rendered":"","protected":false},"author":1,"featured_media":46488,"comment_status":"open","ping_status":"open","sticky":false,"template":"","format":"standard","meta":{"footnotes":""},"categories":[38],"tags":[],"class_list":["post-46487","post","type-post","status-publish","format-standard","has-post-thumbnail","hentry","category-regional"],"jetpack_featured_media_url":"https:\/\/radiorevelacionfm.cl\/wp-content\/uploads\/2024\/09\/WhatsApp-Image-2024-09-25-at-8.16.50-PM-1-1.jpeg","_links":{"self":[{"href":"https:\/\/radiorevelacionfm.cl\/index.php?rest_route=\/wp\/v2\/posts\/46487","targetHints":{"allow":["GET"]}}],"collection":[{"href":"https:\/\/radiorevelacionfm.cl\/index.php?rest_route=\/wp\/v2\/posts"}],"about":[{"href":"https:\/\/radiorevelacionfm.cl\/index.php?rest_route=\/wp\/v2\/types\/post"}],"author":[{"embeddable":true,"href":"https:\/\/radiorevelacionfm.cl\/index.php?rest_route=\/wp\/v2\/users\/1"}],"replies":[{"embeddable":true,"href":"https:\/\/radiorevelacionfm.cl\/index.php?rest_route=%2Fwp%2Fv2%2Fcomments&post=46487"}],"version-history":[{"count":1,"href":"https:\/\/radiorevelacionfm.cl\/index.php?rest_route=\/wp\/v2\/posts\/46487\/revisions"}],"predecessor-version":[{"id":46489,"href":"https:\/\/radiorevelacionfm.cl\/index.php?rest_route=\/wp\/v2\/posts\/46487\/revisions\/46489"}],"wp:featuredmedia":[{"embeddable":true,"href":"https:\/\/radiorevelacionfm.cl\/index.php?rest_route=\/wp\/v2\/media\/46488"}],"wp:attachment":[{"href":"https:\/\/radiorevelacionfm.cl\/index.php?rest_route=%2Fwp%2Fv2%2Fmedia&parent=46487"}],"wp:term":[{"taxonomy":"category","embeddable":true,"href":"https:\/\/radiorevelacionfm.cl\/index.php?rest_route=%2Fwp%2Fv2%2Fcategories&post=46487"},{"taxonomy":"post_tag","embeddable":true,"href":"https:\/\/radiorevelacionfm.cl\/index.php?rest_route=%2Fwp%2Fv2%2Ftags&post=46487"}],"curies":[{"name":"wp","href":"https:\/\/api.w.org\/{rel}","templated":true}]}}