{"id":46481,"date":"2024-09-26T10:23:10","date_gmt":"2024-09-26T13:23:10","guid":{"rendered":"https:\/\/radiorevelacionfm.cl\/?p=46481"},"modified":"2024-09-26T10:23:10","modified_gmt":"2024-09-26T13:23:10","slug":"emprendedores-as-suman-valiosas-capacitaciones-bajo-el-programa-innova-turismo-aysen","status":"publish","type":"post","link":"https:\/\/radiorevelacionfm.cl\/?p=46481","title":{"rendered":"Emprendedores\/as suman valiosas capacitaciones bajo el programa \u201cInnova Turismo Ays\u00e9n\u201d"},"content":{"rendered":"<div class=\"flex_column av_one_full  flex_column_div av-zero-column-padding first  avia-builder-el-0  el_before_av_one_full  avia-builder-el-first  \" style='border-radius:0px; '><div  class='avia-image-container  av-styling-    avia-builder-el-1  avia-builder-el-no-sibling  avia-align-center '  itemprop=\"image\" itemscope=\"itemscope\" itemtype=\"https:\/\/schema.org\/ImageObject\"  ><div class='avia-image-container-inner'><div class='avia-image-overlay-wrap'><img decoding=\"async\" class='wp-image-46482 avia-img-lazy-loading-not-46482 avia_image' src=\"https:\/\/radiorevelacionfm.cl\/wp-content\/uploads\/2024\/09\/talleres-ita-4-1_optimized-1.jpg\" alt='' title='talleres-ita-4-(1)_optimized (1)' height=\"600\" width=\"1067\"  itemprop=\"thumbnailUrl\" srcset=\"https:\/\/radiorevelacionfm.cl\/wp-content\/uploads\/2024\/09\/talleres-ita-4-1_optimized-1.jpg 1067w, https:\/\/radiorevelacionfm.cl\/wp-content\/uploads\/2024\/09\/talleres-ita-4-1_optimized-1-300x169.jpg 300w, https:\/\/radiorevelacionfm.cl\/wp-content\/uploads\/2024\/09\/talleres-ita-4-1_optimized-1-1030x579.jpg 1030w, https:\/\/radiorevelacionfm.cl\/wp-content\/uploads\/2024\/09\/talleres-ita-4-1_optimized-1-768x432.jpg 768w, https:\/\/radiorevelacionfm.cl\/wp-content\/uploads\/2024\/09\/talleres-ita-4-1_optimized-1-705x396.jpg 705w, https:\/\/radiorevelacionfm.cl\/wp-content\/uploads\/2024\/09\/talleres-ita-4-1_optimized-1-450x253.jpg 450w, https:\/\/radiorevelacionfm.cl\/wp-content\/uploads\/2024\/09\/talleres-ita-4-1_optimized-1-600x337.jpg 600w\" sizes=\"(max-width: 1067px) 100vw, 1067px\" \/><\/div><\/div><\/div><\/div><div class=\"flex_column av_one_full  flex_column_div av-zero-column-padding first  avia-builder-el-2  el_after_av_one_full  el_before_av_one_full  column-top-margin\" style='border-radius:0px; '><section class=\"av_textblock_section \"  itemscope=\"itemscope\" itemtype=\"https:\/\/schema.org\/BlogPosting\" itemprop=\"blogPost\" ><div class='avia_textblock  '   itemprop=\"text\" ><p style=\"text-align: center;\"><strong><span style=\"font-size: 18pt;\">Emprendedores\/as suman valiosas capacitaciones bajo el programa \u201cInnova Turismo Ays\u00e9n\u201d<\/span><\/strong><\/p>\n<div id=\"gtx-trans\" style=\"position: absolute; left: -50px; top: 4.31534px;\">\n<div class=\"gtx-trans-icon\"><\/div>\n<\/div>\n<\/div><\/section><\/div><div class=\"flex_column av_one_full  flex_column_div av-zero-column-padding first  avia-builder-el-4  el_after_av_one_full  el_before_av_hr  column-top-margin\" style='border-radius:0px; '><section class=\"av_textblock_section \"  itemscope=\"itemscope\" itemtype=\"https:\/\/schema.org\/BlogPosting\" itemprop=\"blogPost\" ><div class='avia_textblock  '   itemprop=\"text\" ><p style=\"text-align: justify;\">Formalizaci\u00f3n, turismo aventura, turismo wellness, entre otras, son las materias en las cuales los emprendedores y emprendedoras que forman parte del programa ITA de Corfo, se han capacitado en la academia de Ecoterr\u00e1neo, de manera presencial en Puerto Ays\u00e9n y tambi\u00e9n online.<\/p>\n<p style=\"text-align: justify;\">El coordinador de esta iniciativa, Ricardo Medel, cree que cada taller ha servido para potenciar la capacitaci\u00f3n, cumpliendo tambi\u00e9n los objetivos, entre ellos, la asociatividad para dar mayor realce al turismo en la comuna de Ays\u00e9n.<\/p>\n<p style=\"text-align: justify;\">\u201cHan sido jornadas exitosas, hemos mantenido una buena convocatoria por parte de los emprendedores, as\u00ed es que, estamos muy contentos con los resultados que ha tenido este proyecto, estamos mejorando y desarrollando las ideas de negocio de los emprendedores del turismo. Claramente uno de los objetivos es, ampliar la red de turismo, cohesionar y asociar a los participantes. As\u00ed es que, ha sido todo un \u00e9xito ese fen\u00f3meno que se ha dado y que los mismos emprendedores tienen, con muchas ganas de asociarse, trabajar en equipo, mejorar la comercializaci\u00f3n entre ellos y hacer que el turismo mejore en su desempe\u00f1o\u201d.<\/p>\n<p style=\"text-align: justify;\">Lucila Pizarro, quien posee un caf\u00e9 tur\u00edstico en Ma\u00f1ihuales, puso en valor cada tips, detalle y asegur\u00f3 que en las capaciones realizadas mediante el programa ITA en Ecoterr\u00e1neo, han \u201caprendido mucho, nos hemos reinventado, hemos de alguna u otra manera, analizado nuestro servicio, nuestro emprendimiento. De ah\u00ed nacen las ideas de c\u00f3mo lo puedo mejorar, como le puedo dar una propuesta de valor distinta a lo que estoy haciendo o simplemente, complementar con otro servicio\u201d.<\/p>\n<p style=\"text-align: justify;\">Eda Lucero, emprendedora del transporte en el \u00e1rea del turismo en Puerto Ays\u00e9n, rescat\u00f3 las diversas instancias de aprendizaje, que le han permitido actualizarse y retomar temas que potencian su negocio. \u201cEsto me parece s\u00faper bueno, fant\u00e1stico, porque en mi caso vengo a recordar y nuevamente a tomar conocimientos activos de la \u00e9poca actual, con m\u00e1s tecnolog\u00eda y tambi\u00e9n para los j\u00f3venes que est\u00e1n emprendiendo en turismo, les ayuda a formalizar sus negocios y los impulsa a emprender\u201d.<\/p>\n<p style=\"text-align: justify;\">En los pr\u00f3ximos d\u00edas los emprendedores y emprendedoras del turismo en Ays\u00e9n, que est\u00e1n siendo parte del programa ITA de la Corfo, ejecutado por Ecoterr\u00e1neo, se enfrentar\u00e1n a un jurado donde deber\u00e1n dar cuenta de lo aprendido, defender sus iniciativas y demostrar que el turismo es su \u00e1rea, la que buscan fortalecer e impulsar en la comuna de Ays\u00e9n.<\/p>\n<\/div><\/section><\/div><div  style='height:50px' class='hr hr-invisible   avia-builder-el-6  el_after_av_one_full  el_before_av_social_share '><span class='hr-inner ' ><span class='hr-inner-style'><\/span><\/span><\/div><\/p>\n<div  class='av-social-sharing-box  avia-builder-el-7  el_after_av_hr  el_before_av_hr  '><div class='av-share-box'><h5 class='av-share-link-description av-no-toc '>Compartir esta noticia<\/h5><ul class='av-share-box-list noLightbox'><li class='av-share-link av-social-link-facebook' ><a target=\"_blank\" aria-label=\"Compartir en Facebook\" href='https:\/\/www.facebook.com\/sharer.php?u=https:\/\/radiorevelacionfm.cl\/?p=46481&#038;t=Emprendedores%2Fas%20suman%20valiosas%20capacitaciones%20bajo%20el%20programa%20%E2%80%9CInnova%20Turismo%20Ays%C3%A9n%E2%80%9D' aria-hidden='false' data-av_icon='\ue8f3' data-av_iconfont='entypo-fontello' title='' data-avia-related-tooltip='Compartir en Facebook' rel=\"noopener\"><span class='avia_hidden_link_text'>Compartir en Facebook<\/span><\/a><\/li><li class='av-share-link av-social-link-twitter' ><a target=\"_blank\" aria-label=\"Compartir en Twitter\" href='https:\/\/twitter.com\/share?text=Emprendedores%2Fas%20suman%20valiosas%20capacitaciones%20bajo%20el%20programa%20%E2%80%9CInnova%20Turismo%20Ays%C3%A9n%E2%80%9D&#038;url=https:\/\/radiorevelacionfm.cl\/?p=46481' aria-hidden='false' data-av_icon='\ue8f1' data-av_iconfont='entypo-fontello' title='' data-avia-related-tooltip='Compartir en Twitter' rel=\"noopener\"><span class='avia_hidden_link_text'>Compartir en Twitter<\/span><\/a><\/li><li class='av-share-link av-social-link-whatsapp' ><a target=\"_blank\" aria-label=\"Compartir en Whatsapp\" href='https:\/\/api.whatsapp.com\/send?text=https:\/\/radiorevelacionfm.cl\/?p=46481' aria-hidden='false' data-av_icon='\uf232' data-av_iconfont='entypo-fontello' title='' data-avia-related-tooltip='Compartir en Whatsapp' rel=\"noopener\"><span class='avia_hidden_link_text'>Compartir en Whatsapp<\/span><\/a><\/li><li class='av-share-link av-social-link-linkedin' ><a target=\"_blank\" aria-label=\"Compartir en LinkedIn\" href='https:\/\/linkedin.com\/shareArticle?mini=true&#038;title=Emprendedores%2Fas%20suman%20valiosas%20capacitaciones%20bajo%20el%20programa%20%E2%80%9CInnova%20Turismo%20Ays%C3%A9n%E2%80%9D&#038;url=https:\/\/radiorevelacionfm.cl\/?p=46481' aria-hidden='false' data-av_icon='\ue8fc' data-av_iconfont='entypo-fontello' title='' data-avia-related-tooltip='Compartir en LinkedIn' rel=\"noopener\"><span class='avia_hidden_link_text'>Compartir en LinkedIn<\/span><\/a><\/li><li class='av-share-link av-social-link-mail' ><a  aria-label=\"Compartir por correo\" href='mailto:?subject=Emprendedores%2Fas%20suman%20valiosas%20capacitaciones%20bajo%20el%20programa%20%E2%80%9CInnova%20Turismo%20Ays%C3%A9n%E2%80%9D&#038;body=https:\/\/radiorevelacionfm.cl\/?p=46481' aria-hidden='false' data-av_icon='\ue805' data-av_iconfont='entypo-fontello' title='' data-avia-related-tooltip='Compartir por correo'><span class='avia_hidden_link_text'>Compartir por correo<\/span><\/a><\/li><\/ul><\/div><\/div>\n<div  style='height:50px' class='hr hr-invisible   avia-builder-el-8  el_after_av_social_share  el_before_av_comments_list '><span class='hr-inner ' ><span class='hr-inner-style'><\/span><\/span><\/div>\n<div  class='av-buildercomment  av-blog-meta-html-info-disabled av-blog-meta-tag-disabled  '><\/div>\n","protected":false},"excerpt":{"rendered":"","protected":false},"author":1,"featured_media":46482,"comment_status":"open","ping_status":"open","sticky":false,"template":"","format":"standard","meta":{"footnotes":""},"categories":[38],"tags":[],"class_list":["post-46481","post","type-post","status-publish","format-standard","has-post-thumbnail","hentry","category-regional"],"jetpack_featured_media_url":"https:\/\/radiorevelacionfm.cl\/wp-content\/uploads\/2024\/09\/talleres-ita-4-1_optimized-1.jpg","_links":{"self":[{"href":"https:\/\/radiorevelacionfm.cl\/index.php?rest_route=\/wp\/v2\/posts\/46481","targetHints":{"allow":["GET"]}}],"collection":[{"href":"https:\/\/radiorevelacionfm.cl\/index.php?rest_route=\/wp\/v2\/posts"}],"about":[{"href":"https:\/\/radiorevelacionfm.cl\/index.php?rest_route=\/wp\/v2\/types\/post"}],"author":[{"embeddable":true,"href":"https:\/\/radiorevelacionfm.cl\/index.php?rest_route=\/wp\/v2\/users\/1"}],"replies":[{"embeddable":true,"href":"https:\/\/radiorevelacionfm.cl\/index.php?rest_route=%2Fwp%2Fv2%2Fcomments&post=46481"}],"version-history":[{"count":1,"href":"https:\/\/radiorevelacionfm.cl\/index.php?rest_route=\/wp\/v2\/posts\/46481\/revisions"}],"predecessor-version":[{"id":46483,"href":"https:\/\/radiorevelacionfm.cl\/index.php?rest_route=\/wp\/v2\/posts\/46481\/revisions\/46483"}],"wp:featuredmedia":[{"embeddable":true,"href":"https:\/\/radiorevelacionfm.cl\/index.php?rest_route=\/wp\/v2\/media\/46482"}],"wp:attachment":[{"href":"https:\/\/radiorevelacionfm.cl\/index.php?rest_route=%2Fwp%2Fv2%2Fmedia&parent=46481"}],"wp:term":[{"taxonomy":"category","embeddable":true,"href":"https:\/\/radiorevelacionfm.cl\/index.php?rest_route=%2Fwp%2Fv2%2Fcategories&post=46481"},{"taxonomy":"post_tag","embeddable":true,"href":"https:\/\/radiorevelacionfm.cl\/index.php?rest_route=%2Fwp%2Fv2%2Ftags&post=46481"}],"curies":[{"name":"wp","href":"https:\/\/api.w.org\/{rel}","templated":true}]}}