{"id":46478,"date":"2024-09-27T12:33:44","date_gmt":"2024-09-27T15:33:44","guid":{"rendered":"https:\/\/radiorevelacionfm.cl\/?p=46478"},"modified":"2024-09-27T12:33:44","modified_gmt":"2024-09-27T15:33:44","slug":"a-sala-comision-de-trabajo-de-la-camara-de-diputadas-os-aprobo-por-unanimidad-el-proyecto-que-reconoce-y-mejora-las-condiciones-laborales-de-buzos","status":"publish","type":"post","link":"https:\/\/radiorevelacionfm.cl\/?p=46478","title":{"rendered":"A Sala: Comisi\u00f3n de Trabajo de la C\u00e1mara de Diputadas\/os aprob\u00f3 por unanimidad el proyecto que reconoce y mejora las condiciones laborales de buzos"},"content":{"rendered":"<div class=\"flex_column av_one_full  flex_column_div av-zero-column-padding first  avia-builder-el-0  el_before_av_one_full  avia-builder-el-first  \" style='border-radius:0px; '><div  class='avia-image-container  av-styling-    avia-builder-el-1  avia-builder-el-no-sibling  avia-align-center '  itemprop=\"image\" itemscope=\"itemscope\" itemtype=\"https:\/\/schema.org\/ImageObject\"  ><div class='avia-image-container-inner'><div class='avia-image-overlay-wrap'><img decoding=\"async\" class='wp-image-46509 avia-img-lazy-loading-not-46509 avia_image' src=\"https:\/\/radiorevelacionfm.cl\/wp-content\/uploads\/2024\/09\/Buzos-1-1.jpg\" alt='' title='Buzos (1) (1)' height=\"600\" width=\"897\"  itemprop=\"thumbnailUrl\" srcset=\"https:\/\/radiorevelacionfm.cl\/wp-content\/uploads\/2024\/09\/Buzos-1-1.jpg 897w, https:\/\/radiorevelacionfm.cl\/wp-content\/uploads\/2024\/09\/Buzos-1-1-300x201.jpg 300w, https:\/\/radiorevelacionfm.cl\/wp-content\/uploads\/2024\/09\/Buzos-1-1-768x514.jpg 768w, https:\/\/radiorevelacionfm.cl\/wp-content\/uploads\/2024\/09\/Buzos-1-1-705x472.jpg 705w, https:\/\/radiorevelacionfm.cl\/wp-content\/uploads\/2024\/09\/Buzos-1-1-450x301.jpg 450w, https:\/\/radiorevelacionfm.cl\/wp-content\/uploads\/2024\/09\/Buzos-1-1-600x401.jpg 600w\" sizes=\"(max-width: 897px) 100vw, 897px\" \/><\/div><\/div><\/div><\/div><div class=\"flex_column av_one_full  flex_column_div av-zero-column-padding first  avia-builder-el-2  el_after_av_one_full  el_before_av_one_full  column-top-margin\" style='border-radius:0px; '><section class=\"av_textblock_section \"  itemscope=\"itemscope\" itemtype=\"https:\/\/schema.org\/BlogPosting\" itemprop=\"blogPost\" ><div class='avia_textblock  '   itemprop=\"text\" ><p style=\"text-align: center;\"><strong><span style=\"font-size: 18pt;\">A Sala: Comisi\u00f3n de Trabajo de la C\u00e1mara de Diputadas\/os aprob\u00f3 por unanimidad el proyecto que reconoce y mejora las condiciones laborales de buzos<\/span><\/strong><\/p>\n<div id=\"gtx-trans\" style=\"position: absolute; left: -50px; top: 4.31534px;\">\n<div class=\"gtx-trans-icon\"><\/div>\n<\/div>\n<\/div><\/section><\/div><\/p>\n<div class=\"flex_column av_one_full  flex_column_div av-zero-column-padding first  avia-builder-el-4  el_after_av_one_full  el_before_av_hr  column-top-margin\" style='border-radius:0px; '><section class=\"av_textblock_section \"  itemscope=\"itemscope\" itemtype=\"https:\/\/schema.org\/BlogPosting\" itemprop=\"blogPost\" ><div class='avia_textblock  '   itemprop=\"text\" ><ul>\n<li class=\"v1gmail-MsoListParagraph\" style=\"text-align: justify;\"><span lang=\"ES-TRAD\">\u00a0<\/span><i><span lang=\"ES-TRAD\">La instancia parlamentaria aprob\u00f3 en particular la iniciativa, tras la ratificaci\u00f3n en general a fines de agosto<\/span><\/i><i><span lang=\"ES-TRAD\">.<\/span><\/i><\/li>\n<li class=\"v1gmail-MsoNoSpacing\" style=\"text-align: justify;\"><i>De las indicaciones que se hicieron al proyecto de ley destaca la constituci\u00f3n de un organismo sectorial de competencias laborales para impulsar la certificaci\u00f3n de las personas trabajadoras del sector.<\/i><\/li>\n<\/ul>\n<p class=\"v1gmail-MsoNoSpacing\" style=\"text-align: justify;\">La Comisi\u00f3n de Trabajo de la C\u00e1mara de Diputadas y Diputados aprob\u00f3 la tarde de este martes en particular y por unanimidad el proyecto de ley de protecci\u00f3n a los buzos, el cual reconoce esta labor y mejora las condiciones de salud y seguridad de las y los trabajadores.<\/p>\n<p class=\"v1gmail-MsoNoSpacing\" style=\"text-align: justify;\">Este proyecto hab\u00eda sido ingresado en julio por la ministra del Trabajo y Previsi\u00f3n Social, Jeannette Jara Rom\u00e1n, junto al subsecretario del Trabajo, Giorgio Boccardo, para luego, el 27 de agosto, ser aprobado en general y por unanimidad por la misma Comisi\u00f3n.<\/p>\n<p class=\"v1gmail-MsoNoSpacing\" style=\"text-align: justify;\">\u00abQuiero agradecer a los parlamentarios de esta comisi\u00f3n que enriquecieron esta iniciativa, que ahora sigue su curso en la Sala. La actividad que realizan los buzos se encuentra expuesta a altos niveles de riesgo de accidentabilidad y tambi\u00e9n con fatalidades y esto busca, precisamente, proteger y reconocer el contrato de trabajo del buceo y las actividades anexas\u00bb, asegur\u00f3 la ministra del Trabajo y Previsi\u00f3n Social, Jeannette Jara.<\/p>\n<p class=\"v1gmail-MsoNoSpacing\" style=\"text-align: justify;\"><span lang=\"ES-TRAD\">La secretaria de Estado agreg\u00f3 que \u00abse busca, precisamente, que las tasas de accidentes sean menores, que ojal\u00e1 lleguen a cero, as\u00ed como tambi\u00e9n las fatalidades que han ocurrido en la industria y que no dejan de conmover a sus familiares y al pa\u00eds\u00bb.<\/span><\/p>\n<p class=\"v1gmail-MsoNoSpacing\" style=\"text-align: justify;\"><span lang=\"ES-TRAD\">\u00a0<\/span>Por su parte, el subsecretario del Trabajo, Giorgio Boccardo, junto con valorar la aprobaci\u00f3n un\u00e1nime de las y los diputados de la Comisi\u00f3n, enfatiz\u00f3 que \u00abel buen resultado de hoy es, por cierto, producto del Di\u00e1logo Social que hemos desplegado en terreno con gremios y sindicatos del sector y con los parlamentarios de las regiones. Para nuestro Gobierno es fundamental avanzar en Trabajo Decente; por ello, resguardar los derechos laborales que permitan a las y los buzos desempe\u00f1arse en \u00f3ptimas condiciones de seguridad y salud, ha sido una prioridad\u00bb.<\/p>\n<p class=\"v1gmail-MsoNoSpacing\" style=\"text-align: justify;\">Es por lo anterior que el subsecretario Boccardo agreg\u00f3: \u00abEsperamos que el proyecto tenga una votaci\u00f3n satisfactoria en la Sala de la C\u00e1mara de Diputadas y Diputados, para que, una vez cumplida su tramitaci\u00f3n en el Senado, sea despachado a ley\u00bb.<\/p>\n<p class=\"v1gmail-MsoNoSpacing\" style=\"text-align: justify;\">En tanto, la diputada Javiera Morales expres\u00f3: \u00abEstamos bien contentos, porque en la Comisi\u00f3n de Trabajo se aprob\u00f3 por completo ya este proyecto de ley y prontamente lo conoceremos en la Sala de Diputadas y Diputados. Un compromiso que adquiri\u00f3 el Gobierno del Presidente Gabriel Boric gracias al impulso de diversos parlamentarios y parlamentarias del sur de Chile\u00bb.<\/p>\n<p class=\"v1gmail-MsoNoSpacing\" style=\"text-align: justify;\">En esa misma l\u00ednea, el diputado Andr\u00e9s Giordano, miembro de la Comisi\u00f3n de Trabajo, coment\u00f3 que \u00abesta es una tremenda noticia para los buzos a lo largo de todo el pa\u00eds. Se reconoce su funci\u00f3n, se reconoce laboralmente esta actividad, que ha estado abandonada permanentemente y con una alt\u00edsima accidentabilidad y precarizaci\u00f3n laboral. A partir de esta ley no solo se les reconoce sus labores, tambi\u00e9n se les protege\u00bb.<\/p>\n<p class=\"v1gmail-MsoNoSpacing\" style=\"text-align: justify;\">Por su parte, el diputado Mauro Gonz\u00e1lez, valor\u00f3 el apoyo transversal de todos los sectores de la Comisi\u00f3n con la aprobaci\u00f3n de este proyecto de ley: \u00abHemos colocado el inter\u00e9s de protecci\u00f3n de los buzos como algo prioritario. Esperamos que pueda seguir avanzando, que se pueda votar r\u00e1pido en Sala y pasar al Senado. Ha sido un gran proyecto y llegamos a muy buenos acuerdos por los buzos de nuestro pa\u00eds\u00bb.<\/p>\n<p class=\"v1gmail-MsoNoSpacing\" style=\"text-align: justify;\">Adem\u00e1s, el diputado H\u00e9ctor Ulloa destac\u00f3 la unanimidad de la aprobaci\u00f3n del proyecto de ley y las indicaciones que se le hicieron a la iniciativa, la cual le da m\u00e1s robustez al contenido: \u00abLas indicaciones que se le agregaron fortalece este proyecto, porque est\u00e1 destinado, en primer lugar, a reconocer el trabajo los buzos y buzas de nuestro pa\u00eds. Y, en segundo lugar, creo que es lo m\u00e1s importante, a protegerlos, tanto en la responsabilidad del empleador, pero, sobre todo, en el \u00e1mbito de la ocurrencia de siniestros en el fen\u00f3meno de la descompresi\u00f3n y de la necesidad m\u00e9dica de acercarlos urgentemente a las hacia las c\u00e1maras hiperb\u00e1ricas\u00bb.<\/p>\n<p class=\"v1gmail-MsoNoSpacing\" style=\"text-align: justify;\">Dentro de las indicaciones que se le hicieron al proyecto de ley, destacan:<\/p>\n<p class=\"v1gmail-MsoNoSpacing\" style=\"text-align: justify;\">\u00b7 Que ChileValora impulse la certificaci\u00f3n de competencias laborales de trabajadores del sector.<\/p>\n<p class=\"v1gmail-MsoNoSpacing\" style=\"text-align: justify;\">\u00b7 Tener un registro de servicios de buzos, con exigencias de licencia para la labor de buceo.<\/p>\n<p class=\"v1gmail-MsoNoSpacing\" style=\"text-align: justify;\">\u00b7 Tener un protocolo de procedimientos ante accidentes por descompresi\u00f3n que coordine a las instituciones pertinentes y a la empresa para el oportuno acceso a c\u00e1maras hiperb\u00e1ricas.<\/p>\n<p class=\"v1gmail-MsoNoSpacing\" style=\"text-align: justify;\">\u00b7 Que se declare el 18 de diciembre de cada a\u00f1o como el D\u00eda Nacional de las y los Buzos de Chile.<\/p>\n<p class=\"v1gmail-MsoNoSpacing\" style=\"text-align: justify;\"><b>Contenido del proyecto<\/b><\/p>\n<p class=\"v1gmail-MsoNoSpacing\" style=\"text-align: justify;\"><b>\u00a0<\/b>Las principales materias abordadas en el proyecto de ley son:<\/p>\n<p class=\"v1gmail-MsoNoSpacing\" style=\"text-align: justify;\">\u00b7 <b>Reconocimiento del contrato de trabajo de buceo:<\/b>\u00a0El proyecto propone incorporar el contrato de buceo y actividades conexas al C\u00f3digo del Trabajo, espec\u00edficamente al t\u00edtulo del contrato de los trabajadores embarcados o gente de mar y los trabajadores portuarios eventuales. As\u00ed, se establece su \u00e1mbito de aplicaci\u00f3n y su respectiva definici\u00f3n.<\/p>\n<p class=\"v1gmail-MsoNoSpacing\" style=\"text-align: justify;\">\u00b7 <b>Regulaci\u00f3n de la salud y seguridad laboral de buzos:<\/b>\u00a0Proporciona todos los medios t\u00e9cnicos y de seguridad necesarios para desempe\u00f1ar las labores de buceo, regulando la obligaci\u00f3n de los empleadores en generar esta labor. Dentro de estas, est\u00e1 la obligaci\u00f3n de llevar el registro de tiempo de inmersi\u00f3n, para resguardar el debido cumplimiento de este, adem\u00e1s de llevar el cumplimiento de las jornadas de trabajo a trav\u00e9s de un registro electr\u00f3nico.<\/p>\n<p class=\"v1gmail-MsoNoSpacing\" style=\"text-align: justify;\">\u00b7 <b>Responsabilidad del due\u00f1o de la obra o empresa que ejecuta las labores:<\/b>\u00a0La iniciativa legal establece la responsabilidad del due\u00f1o de la obra, faena o empresa que encarga ejecutar las labores respecto de la adopci\u00f3n de las medidas para un trabajo seguro de la empresa contratista o usuaria. Cuenta con la asistencia de las mutualidades de seguridad y del ISL, entidades que administran el Seguro de Accidentes del Trabajo y Enfermedades Profesionales.<\/p>\n<p class=\"v1gmail-MsoNoSpacing\" style=\"text-align: justify;\">\u00b7 <b>Obligaciones empresa principal:<\/b>\u00a0Se establecen responsabilidades concretas para las empresas principales, las que deber\u00e1n con dispositivos de salvamento; procedimientos de control de sus infraestructura tales como balsas, jaulas, plataformas y bodegas flotantes; procedimiento y equipamiento m\u00ednimo de primeros auxilios aplicables a las labores de buceo; procedimientos de control de tiempos y maniobras para los efectos de presi\u00f3n en el cuerpo en el contexto de las labores de buceo y del buceo repetitivo; procedimiento de control de aparatos, sistemas o medios utilizados en las labores de buceo, entre otras.<\/p>\n<p class=\"v1gmail-MsoNoSpacing\" style=\"text-align: justify;\">\u00b7 R<b>egistro electr\u00f3nico de documentaci\u00f3n y registro de asistencia:\u00a0<\/b>Las empresas de buceo deber\u00e1n contar con dos registros. Por una parte, se deber\u00e1 implementar un sistema electr\u00f3nico de control espec\u00edfico para el cumplimiento de los tiempos de inmersi\u00f3n, de acuerdo con la profundidad de la labor de buceo, y el periodo de descanso necesario tras dicha operaci\u00f3n. Adicionalmente, deber\u00e1n mantener en dicho sistema un registro de documentaci\u00f3n electr\u00f3nica que considere los antecedentes relativos a los equipamientos, herramientas y elementos de seguridad utilizados en cada inmersi\u00f3n, debiendo consignar el registro de matr\u00edcula vigente del buzo respectivo.<\/p>\n<\/div><\/section><\/div>\n<div  style='height:50px' class='hr hr-invisible   avia-builder-el-6  el_after_av_one_full  el_before_av_social_share '><span class='hr-inner ' ><span class='hr-inner-style'><\/span><\/span><\/div>\n<div  class='av-social-sharing-box  avia-builder-el-7  el_after_av_hr  el_before_av_hr  '><div class='av-share-box'><h5 class='av-share-link-description av-no-toc '>Compartir esta noticia<\/h5><ul class='av-share-box-list noLightbox'><li class='av-share-link av-social-link-facebook' ><a target=\"_blank\" aria-label=\"Compartir en Facebook\" href='https:\/\/www.facebook.com\/sharer.php?u=https:\/\/radiorevelacionfm.cl\/?p=46478&#038;t=A%20Sala%3A%20Comisi%C3%B3n%20de%20Trabajo%20de%20la%20C%C3%A1mara%20de%20Diputadas%2Fos%20aprob%C3%B3%20por%20unanimidad%20el%20proyecto%20que%20reconoce%20y%20mejora%20las%20condiciones%20laborales%20de%20buzos' aria-hidden='false' data-av_icon='\ue8f3' data-av_iconfont='entypo-fontello' title='' data-avia-related-tooltip='Compartir en Facebook' rel=\"noopener\"><span class='avia_hidden_link_text'>Compartir en Facebook<\/span><\/a><\/li><li class='av-share-link av-social-link-twitter' ><a target=\"_blank\" aria-label=\"Compartir en Twitter\" href='https:\/\/twitter.com\/share?text=A%20Sala%3A%20Comisi%C3%B3n%20de%20Trabajo%20de%20la%20C%C3%A1mara%20de%20Diputadas%2Fos%20aprob%C3%B3%20por%20unanimidad%20el%20proyecto%20que%20reconoce%20y%20mejora%20las%20condiciones%20laborales%20de%20buzos&#038;url=https:\/\/radiorevelacionfm.cl\/?p=46478' aria-hidden='false' data-av_icon='\ue8f1' data-av_iconfont='entypo-fontello' title='' data-avia-related-tooltip='Compartir en Twitter' rel=\"noopener\"><span class='avia_hidden_link_text'>Compartir en Twitter<\/span><\/a><\/li><li class='av-share-link av-social-link-whatsapp' ><a target=\"_blank\" aria-label=\"Compartir en Whatsapp\" href='https:\/\/api.whatsapp.com\/send?text=https:\/\/radiorevelacionfm.cl\/?p=46478' aria-hidden='false' data-av_icon='\uf232' data-av_iconfont='entypo-fontello' title='' data-avia-related-tooltip='Compartir en Whatsapp' rel=\"noopener\"><span class='avia_hidden_link_text'>Compartir en Whatsapp<\/span><\/a><\/li><li class='av-share-link av-social-link-linkedin' ><a target=\"_blank\" aria-label=\"Compartir en LinkedIn\" href='https:\/\/linkedin.com\/shareArticle?mini=true&#038;title=A%20Sala%3A%20Comisi%C3%B3n%20de%20Trabajo%20de%20la%20C%C3%A1mara%20de%20Diputadas%2Fos%20aprob%C3%B3%20por%20unanimidad%20el%20proyecto%20que%20reconoce%20y%20mejora%20las%20condiciones%20laborales%20de%20buzos&#038;url=https:\/\/radiorevelacionfm.cl\/?p=46478' aria-hidden='false' data-av_icon='\ue8fc' data-av_iconfont='entypo-fontello' title='' data-avia-related-tooltip='Compartir en LinkedIn' rel=\"noopener\"><span class='avia_hidden_link_text'>Compartir en LinkedIn<\/span><\/a><\/li><li class='av-share-link av-social-link-mail' ><a  aria-label=\"Compartir por correo\" href='mailto:?subject=A%20Sala%3A%20Comisi%C3%B3n%20de%20Trabajo%20de%20la%20C%C3%A1mara%20de%20Diputadas%2Fos%20aprob%C3%B3%20por%20unanimidad%20el%20proyecto%20que%20reconoce%20y%20mejora%20las%20condiciones%20laborales%20de%20buzos&#038;body=https:\/\/radiorevelacionfm.cl\/?p=46478' aria-hidden='false' data-av_icon='\ue805' data-av_iconfont='entypo-fontello' title='' data-avia-related-tooltip='Compartir por correo'><span class='avia_hidden_link_text'>Compartir por correo<\/span><\/a><\/li><\/ul><\/div><\/div>\n<div  style='height:50px' class='hr hr-invisible   avia-builder-el-8  el_after_av_social_share  el_before_av_comments_list '><span class='hr-inner ' ><span class='hr-inner-style'><\/span><\/span><\/div>\n<div  class='av-buildercomment  av-blog-meta-html-info-disabled av-blog-meta-tag-disabled  '><\/div>\n","protected":false},"excerpt":{"rendered":"","protected":false},"author":1,"featured_media":46509,"comment_status":"open","ping_status":"open","sticky":false,"template":"","format":"standard","meta":{"footnotes":""},"categories":[56],"tags":[],"class_list":["post-46478","post","type-post","status-publish","format-standard","has-post-thumbnail","hentry","category-trabajo"],"jetpack_featured_media_url":"https:\/\/radiorevelacionfm.cl\/wp-content\/uploads\/2024\/09\/Buzos-1-1.jpg","_links":{"self":[{"href":"https:\/\/radiorevelacionfm.cl\/index.php?rest_route=\/wp\/v2\/posts\/46478","targetHints":{"allow":["GET"]}}],"collection":[{"href":"https:\/\/radiorevelacionfm.cl\/index.php?rest_route=\/wp\/v2\/posts"}],"about":[{"href":"https:\/\/radiorevelacionfm.cl\/index.php?rest_route=\/wp\/v2\/types\/post"}],"author":[{"embeddable":true,"href":"https:\/\/radiorevelacionfm.cl\/index.php?rest_route=\/wp\/v2\/users\/1"}],"replies":[{"embeddable":true,"href":"https:\/\/radiorevelacionfm.cl\/index.php?rest_route=%2Fwp%2Fv2%2Fcomments&post=46478"}],"version-history":[{"count":2,"href":"https:\/\/radiorevelacionfm.cl\/index.php?rest_route=\/wp\/v2\/posts\/46478\/revisions"}],"predecessor-version":[{"id":46510,"href":"https:\/\/radiorevelacionfm.cl\/index.php?rest_route=\/wp\/v2\/posts\/46478\/revisions\/46510"}],"wp:featuredmedia":[{"embeddable":true,"href":"https:\/\/radiorevelacionfm.cl\/index.php?rest_route=\/wp\/v2\/media\/46509"}],"wp:attachment":[{"href":"https:\/\/radiorevelacionfm.cl\/index.php?rest_route=%2Fwp%2Fv2%2Fmedia&parent=46478"}],"wp:term":[{"taxonomy":"category","embeddable":true,"href":"https:\/\/radiorevelacionfm.cl\/index.php?rest_route=%2Fwp%2Fv2%2Fcategories&post=46478"},{"taxonomy":"post_tag","embeddable":true,"href":"https:\/\/radiorevelacionfm.cl\/index.php?rest_route=%2Fwp%2Fv2%2Ftags&post=46478"}],"curies":[{"name":"wp","href":"https:\/\/api.w.org\/{rel}","templated":true}]}}