{"id":46475,"date":"2024-09-27T10:43:11","date_gmt":"2024-09-27T13:43:11","guid":{"rendered":"https:\/\/radiorevelacionfm.cl\/?p=46475"},"modified":"2024-09-27T10:43:11","modified_gmt":"2024-09-27T13:43:11","slug":"presidente-cchc-coyhaique-tras-nueva-baja-del-pib-regional-se-debe-implementar-de-manera-urgente-un-plan-de-reactivacion","status":"publish","type":"post","link":"https:\/\/radiorevelacionfm.cl\/?p=46475","title":{"rendered":"Presidente CChC Coyhaique: Tras nueva baja del PIB regional \u201cSe debe implementar de manera urgente un plan de reactivaci\u00f3n\u00bb"},"content":{"rendered":"<div class=\"flex_column av_one_full  flex_column_div av-zero-column-padding first  avia-builder-el-0  el_before_av_one_full  avia-builder-el-first  \" style='border-radius:0px; '><div  class='avia-image-container  av-styling-    avia-builder-el-1  avia-builder-el-no-sibling  avia-align-center '  itemprop=\"image\" itemscope=\"itemscope\" itemtype=\"https:\/\/schema.org\/ImageObject\"  ><div class='avia-image-container-inner'><div class='avia-image-overlay-wrap'><img decoding=\"async\" class='wp-image-46476 avia-img-lazy-loading-not-46476 avia_image' src=\"https:\/\/radiorevelacionfm.cl\/wp-content\/uploads\/2024\/09\/Pablo-Carrasco-presidente-CChC-Coyhaique-2-1-1.jpg\" alt='' title='Pablo Carrasco presidente CChC Coyhaique (2) (1) (1)' height=\"600\" width=\"881\"  itemprop=\"thumbnailUrl\" srcset=\"https:\/\/radiorevelacionfm.cl\/wp-content\/uploads\/2024\/09\/Pablo-Carrasco-presidente-CChC-Coyhaique-2-1-1.jpg 881w, https:\/\/radiorevelacionfm.cl\/wp-content\/uploads\/2024\/09\/Pablo-Carrasco-presidente-CChC-Coyhaique-2-1-1-300x204.jpg 300w, https:\/\/radiorevelacionfm.cl\/wp-content\/uploads\/2024\/09\/Pablo-Carrasco-presidente-CChC-Coyhaique-2-1-1-768x523.jpg 768w, https:\/\/radiorevelacionfm.cl\/wp-content\/uploads\/2024\/09\/Pablo-Carrasco-presidente-CChC-Coyhaique-2-1-1-705x480.jpg 705w, https:\/\/radiorevelacionfm.cl\/wp-content\/uploads\/2024\/09\/Pablo-Carrasco-presidente-CChC-Coyhaique-2-1-1-450x306.jpg 450w, https:\/\/radiorevelacionfm.cl\/wp-content\/uploads\/2024\/09\/Pablo-Carrasco-presidente-CChC-Coyhaique-2-1-1-600x409.jpg 600w\" sizes=\"(max-width: 881px) 100vw, 881px\" \/><\/div><\/div><\/div><\/div><div class=\"flex_column av_one_full  flex_column_div av-zero-column-padding first  avia-builder-el-2  el_after_av_one_full  el_before_av_one_full  column-top-margin\" style='border-radius:0px; '><section class=\"av_textblock_section \"  itemscope=\"itemscope\" itemtype=\"https:\/\/schema.org\/BlogPosting\" itemprop=\"blogPost\" ><div class='avia_textblock  '   itemprop=\"text\" ><p style=\"text-align: center;\"><strong><span style=\"font-size: 18pt;\">Presidente CChC Coyhaique: Tras nueva baja del PIB regional \u201cSe debe implementar de manera urgente un plan de reactivaci\u00f3n\u00bb<\/span><\/strong><\/p>\n<div id=\"gtx-trans\" style=\"position: absolute; left: -50px; top: 4.31534px;\">\n<div class=\"gtx-trans-icon\"><\/div>\n<\/div>\n<\/div><\/section><\/div><div class=\"flex_column av_one_full  flex_column_div av-zero-column-padding first  avia-builder-el-4  el_after_av_one_full  el_before_av_hr  column-top-margin\" style='border-radius:0px; '><section class=\"av_textblock_section \"  itemscope=\"itemscope\" itemtype=\"https:\/\/schema.org\/BlogPosting\" itemprop=\"blogPost\" ><div class='avia_textblock  '   itemprop=\"text\" ><p style=\"text-align: justify;\"><em>Seg\u00fan cifras entregadas por el Banco Central, al segundo trimestre de 2024, Ays\u00e9n se mantiene como la regi\u00f3n con peor desempe\u00f1o econ\u00f3mico de todo el pa\u00eds, con un desplome de 3,6%.\u00a0\u00a0<\/em><\/p>\n<p style=\"text-align: justify;\">Con preocupaci\u00f3n ven desde la C\u00e1mara Chilena de la Construcci\u00f3n (CChC) en Coyhaique, la cifra de disminuci\u00f3n del 3,6% del Producto Interno Bruto de la regi\u00f3n de Ays\u00e9n; esto, de acuerdo al \u00faltimo reporte trimestral entregado por el Banco Central.<\/p>\n<p style=\"text-align: justify;\">A juicio de la CChC, esta situaci\u00f3n es compleja, pues esta nueva baja se suma al retroceso de 9,7% anunciado durante el primer trimestre del a\u00f1o, y \u201crefleja una tendencia preocupante, pues por segunda vez consecutiva, somos la regi\u00f3n con peor desempe\u00f1o econ\u00f3mico de todo el pa\u00eds, por ello, se debe implementar de manera urgente un plan de reactivaci\u00f3n\u201d, indic\u00f3 Pablo Carrasco Pinuer, presidente de la CChC Coyhaique.<\/p>\n<p style=\"text-align: justify;\">Desde la CChC atribuyen esta disminuci\u00f3n del PIB a una serie de factores como: la lentitud en la entrega de permisos para el desarrollo de proyectos, los altos tiempos que transcurren desde que un proyecto se licita y comienza su ejecuci\u00f3n, y la baja inversi\u00f3n privada \u201ccausada por las escasas facilidades en conectividad y energ\u00eda que entrega Ays\u00e9n como destino para los inversores\u201d, agreg\u00f3 el presidente del gremio de los constructores.<\/p>\n<p style=\"text-align: justify;\">Respecto de la participaci\u00f3n del rubro de la construcci\u00f3n en este indicador, Carrasco detall\u00f3 que el PIB de la construcci\u00f3n regional se publica una vez al a\u00f1o; por ello, la incidencia del gremio en esta medici\u00f3n se conocer\u00e1 con certeza a fines del 2024.<\/p>\n<p style=\"text-align: justify;\">En este caso puntual, lo que entrega el Banco Central es lo que se conoce como el \u201cPIB resto de bienes\u00bb, explicaron desde la CChC, agregando que se mide de manera trimestral y corresponde a una variable que agrupa al sector construcci\u00f3n y otros rubros, como energ\u00eda, gas, agua, pesca y agropecuario-silv\u00edcola.<\/p>\n<p style=\"text-align: justify;\">Desde el gremio detallaron que las cifras son preocupantes y que en este caso en particular, se puede concluir que, \u201ces probable que la actividad de la construcci\u00f3n, uno de los sectores predominantes en el PIB resto de bienes, despu\u00e9s de la pesca, no s\u00f3lo se mantenga por debajo de sus niveles previos a la pandemia, sino que contin\u00fae exhibiendo tasas de crecimiento negativas y eso nos preocupa\u201d, indic\u00f3 Pablo Carrasco.<\/p>\n<p style=\"text-align: justify;\"><strong>Propuestas<\/strong><\/p>\n<p style=\"text-align: justify;\">Desde la CChC, creen que una de las claves para revertir esta tendencia a la baja, es la generaci\u00f3n de mayores obras, las que no solo generan movimiento en la industria -pues aportan mayoritariamente a la generaci\u00f3n de empleos-, sino que promueven tambi\u00e9n la inversi\u00f3n privada y agilizan el gasto desde el sector p\u00fablico.<\/p>\n<p style=\"text-align: justify;\">\u201cQueremos ser parte de la soluci\u00f3n, por ello siempre hemos entregado propuestas e ideas que permitan construir una mejor regi\u00f3n\u201d, enfatiz\u00f3 Pablo Carrasco, agregando a ello que desde la c\u00e1mara se han levantado proyectos como el de modificaci\u00f3n a las leyes de excepci\u00f3n y se ha respaldado la concreci\u00f3n de proyectos energ\u00e9ticos ambientalmente amigables, as\u00ed como tambi\u00e9n, la modificaci\u00f3n a la regulaci\u00f3n de sistemas el\u00e9ctricos medianos.<\/p>\n<p style=\"text-align: justify;\">En esa misma l\u00ednea, desde la CChC a nivel nacional, se entregaron 25 propuestas para el crecimiento con impacto nacional, para potenciar la reactivaci\u00f3n econ\u00f3mica post-pandemia, en \u00e1reas claves como infraestructura, vivienda y econom\u00eda; que van desde la modificaci\u00f3n de leyes, hasta el perfeccionamiento de instrumentos vigentes, las que fueron entregadas a las autoridades pol\u00edticas y p\u00fablicas correspondientes.<\/p>\n<\/div><\/section><\/div><div  style='height:50px' class='hr hr-invisible   avia-builder-el-6  el_after_av_one_full  el_before_av_social_share '><span class='hr-inner ' ><span class='hr-inner-style'><\/span><\/span><\/div><\/p>\n<div  class='av-social-sharing-box  avia-builder-el-7  el_after_av_hr  el_before_av_hr  '><div class='av-share-box'><h5 class='av-share-link-description av-no-toc '>Compartir esta noticia<\/h5><ul class='av-share-box-list noLightbox'><li class='av-share-link av-social-link-facebook' ><a target=\"_blank\" aria-label=\"Compartir en Facebook\" href='https:\/\/www.facebook.com\/sharer.php?u=https:\/\/radiorevelacionfm.cl\/?p=46475&#038;t=Presidente%20CChC%20Coyhaique%3A%20Tras%20nueva%20baja%20del%20PIB%20regional%20%E2%80%9CSe%20debe%20implementar%20de%20manera%20urgente%20un%20plan%20de%20reactivaci%C3%B3n%C2%BB' aria-hidden='false' data-av_icon='\ue8f3' data-av_iconfont='entypo-fontello' title='' data-avia-related-tooltip='Compartir en Facebook' rel=\"noopener\"><span class='avia_hidden_link_text'>Compartir en Facebook<\/span><\/a><\/li><li class='av-share-link av-social-link-twitter' ><a target=\"_blank\" aria-label=\"Compartir en Twitter\" href='https:\/\/twitter.com\/share?text=Presidente%20CChC%20Coyhaique%3A%20Tras%20nueva%20baja%20del%20PIB%20regional%20%E2%80%9CSe%20debe%20implementar%20de%20manera%20urgente%20un%20plan%20de%20reactivaci%C3%B3n%C2%BB&#038;url=https:\/\/radiorevelacionfm.cl\/?p=46475' aria-hidden='false' data-av_icon='\ue8f1' data-av_iconfont='entypo-fontello' title='' data-avia-related-tooltip='Compartir en Twitter' rel=\"noopener\"><span class='avia_hidden_link_text'>Compartir en Twitter<\/span><\/a><\/li><li class='av-share-link av-social-link-whatsapp' ><a target=\"_blank\" aria-label=\"Compartir en Whatsapp\" href='https:\/\/api.whatsapp.com\/send?text=https:\/\/radiorevelacionfm.cl\/?p=46475' aria-hidden='false' data-av_icon='\uf232' data-av_iconfont='entypo-fontello' title='' data-avia-related-tooltip='Compartir en Whatsapp' rel=\"noopener\"><span class='avia_hidden_link_text'>Compartir en Whatsapp<\/span><\/a><\/li><li class='av-share-link av-social-link-linkedin' ><a target=\"_blank\" aria-label=\"Compartir en LinkedIn\" href='https:\/\/linkedin.com\/shareArticle?mini=true&#038;title=Presidente%20CChC%20Coyhaique%3A%20Tras%20nueva%20baja%20del%20PIB%20regional%20%E2%80%9CSe%20debe%20implementar%20de%20manera%20urgente%20un%20plan%20de%20reactivaci%C3%B3n%C2%BB&#038;url=https:\/\/radiorevelacionfm.cl\/?p=46475' aria-hidden='false' data-av_icon='\ue8fc' data-av_iconfont='entypo-fontello' title='' data-avia-related-tooltip='Compartir en LinkedIn' rel=\"noopener\"><span class='avia_hidden_link_text'>Compartir en LinkedIn<\/span><\/a><\/li><li class='av-share-link av-social-link-mail' ><a  aria-label=\"Compartir por correo\" href='mailto:?subject=Presidente%20CChC%20Coyhaique%3A%20Tras%20nueva%20baja%20del%20PIB%20regional%20%E2%80%9CSe%20debe%20implementar%20de%20manera%20urgente%20un%20plan%20de%20reactivaci%C3%B3n%C2%BB&#038;body=https:\/\/radiorevelacionfm.cl\/?p=46475' aria-hidden='false' data-av_icon='\ue805' data-av_iconfont='entypo-fontello' title='' data-avia-related-tooltip='Compartir por correo'><span class='avia_hidden_link_text'>Compartir por correo<\/span><\/a><\/li><\/ul><\/div><\/div>\n<div  style='height:50px' class='hr hr-invisible   avia-builder-el-8  el_after_av_social_share  el_before_av_comments_list '><span class='hr-inner ' ><span class='hr-inner-style'><\/span><\/span><\/div>\n<div  class='av-buildercomment  av-blog-meta-html-info-disabled av-blog-meta-tag-disabled  '><\/div>\n","protected":false},"excerpt":{"rendered":"","protected":false},"author":1,"featured_media":46476,"comment_status":"open","ping_status":"open","sticky":false,"template":"","format":"standard","meta":{"footnotes":""},"categories":[38],"tags":[],"class_list":["post-46475","post","type-post","status-publish","format-standard","has-post-thumbnail","hentry","category-regional"],"jetpack_featured_media_url":"https:\/\/radiorevelacionfm.cl\/wp-content\/uploads\/2024\/09\/Pablo-Carrasco-presidente-CChC-Coyhaique-2-1-1.jpg","_links":{"self":[{"href":"https:\/\/radiorevelacionfm.cl\/index.php?rest_route=\/wp\/v2\/posts\/46475","targetHints":{"allow":["GET"]}}],"collection":[{"href":"https:\/\/radiorevelacionfm.cl\/index.php?rest_route=\/wp\/v2\/posts"}],"about":[{"href":"https:\/\/radiorevelacionfm.cl\/index.php?rest_route=\/wp\/v2\/types\/post"}],"author":[{"embeddable":true,"href":"https:\/\/radiorevelacionfm.cl\/index.php?rest_route=\/wp\/v2\/users\/1"}],"replies":[{"embeddable":true,"href":"https:\/\/radiorevelacionfm.cl\/index.php?rest_route=%2Fwp%2Fv2%2Fcomments&post=46475"}],"version-history":[{"count":1,"href":"https:\/\/radiorevelacionfm.cl\/index.php?rest_route=\/wp\/v2\/posts\/46475\/revisions"}],"predecessor-version":[{"id":46477,"href":"https:\/\/radiorevelacionfm.cl\/index.php?rest_route=\/wp\/v2\/posts\/46475\/revisions\/46477"}],"wp:featuredmedia":[{"embeddable":true,"href":"https:\/\/radiorevelacionfm.cl\/index.php?rest_route=\/wp\/v2\/media\/46476"}],"wp:attachment":[{"href":"https:\/\/radiorevelacionfm.cl\/index.php?rest_route=%2Fwp%2Fv2%2Fmedia&parent=46475"}],"wp:term":[{"taxonomy":"category","embeddable":true,"href":"https:\/\/radiorevelacionfm.cl\/index.php?rest_route=%2Fwp%2Fv2%2Fcategories&post=46475"},{"taxonomy":"post_tag","embeddable":true,"href":"https:\/\/radiorevelacionfm.cl\/index.php?rest_route=%2Fwp%2Fv2%2Ftags&post=46475"}],"curies":[{"name":"wp","href":"https:\/\/api.w.org\/{rel}","templated":true}]}}