{"id":46472,"date":"2024-09-25T18:47:12","date_gmt":"2024-09-25T21:47:12","guid":{"rendered":"https:\/\/radiorevelacionfm.cl\/?p=46472"},"modified":"2024-09-25T18:47:12","modified_gmt":"2024-09-25T21:47:12","slug":"buses-electricos-en-puerto-aysen-beneficiaran-a-estudiantes-y-adultos-mayores","status":"publish","type":"post","link":"https:\/\/radiorevelacionfm.cl\/?p=46472","title":{"rendered":"Buses el\u00e9ctricos en Puerto Ays\u00e9n beneficiar\u00e1n a estudiantes y adultos mayores"},"content":{"rendered":"<div class=\"flex_column av_one_full  flex_column_div av-zero-column-padding first  avia-builder-el-0  el_before_av_one_full  avia-builder-el-first  \" style='border-radius:0px; '><div  class='avia-image-container  av-styling-    avia-builder-el-1  avia-builder-el-no-sibling  avia-align-center '  itemprop=\"image\" itemscope=\"itemscope\" itemtype=\"https:\/\/schema.org\/ImageObject\"  ><div class='avia-image-container-inner'><div class='avia-image-overlay-wrap'><img decoding=\"async\" class='wp-image-46473 avia-img-lazy-loading-not-46473 avia_image' src=\"https:\/\/radiorevelacionfm.cl\/wp-content\/uploads\/2024\/09\/BUSES-ELECTRICOS-PTO-AYSEN-2-2-1-1.jpg\" alt='' title='BUSES ELECTRICOS PTO AYSEN 2 (2) (1) (1)' height=\"600\" width=\"1068\"  itemprop=\"thumbnailUrl\" srcset=\"https:\/\/radiorevelacionfm.cl\/wp-content\/uploads\/2024\/09\/BUSES-ELECTRICOS-PTO-AYSEN-2-2-1-1.jpg 1068w, https:\/\/radiorevelacionfm.cl\/wp-content\/uploads\/2024\/09\/BUSES-ELECTRICOS-PTO-AYSEN-2-2-1-1-300x169.jpg 300w, https:\/\/radiorevelacionfm.cl\/wp-content\/uploads\/2024\/09\/BUSES-ELECTRICOS-PTO-AYSEN-2-2-1-1-1030x579.jpg 1030w, https:\/\/radiorevelacionfm.cl\/wp-content\/uploads\/2024\/09\/BUSES-ELECTRICOS-PTO-AYSEN-2-2-1-1-768x431.jpg 768w, https:\/\/radiorevelacionfm.cl\/wp-content\/uploads\/2024\/09\/BUSES-ELECTRICOS-PTO-AYSEN-2-2-1-1-705x396.jpg 705w, https:\/\/radiorevelacionfm.cl\/wp-content\/uploads\/2024\/09\/BUSES-ELECTRICOS-PTO-AYSEN-2-2-1-1-450x253.jpg 450w, https:\/\/radiorevelacionfm.cl\/wp-content\/uploads\/2024\/09\/BUSES-ELECTRICOS-PTO-AYSEN-2-2-1-1-600x337.jpg 600w\" sizes=\"(max-width: 1068px) 100vw, 1068px\" \/><\/div><\/div><\/div><\/div><div class=\"flex_column av_one_full  flex_column_div av-zero-column-padding first  avia-builder-el-2  el_after_av_one_full  el_before_av_one_full  column-top-margin\" style='border-radius:0px; '><section class=\"av_textblock_section \"  itemscope=\"itemscope\" itemtype=\"https:\/\/schema.org\/BlogPosting\" itemprop=\"blogPost\" ><div class='avia_textblock  '   itemprop=\"text\" ><p style=\"text-align: center;\"><strong><span style=\"font-size: 18pt;\">Buses el\u00e9ctricos en Puerto Ays\u00e9n beneficiar\u00e1n a estudiantes y adultos mayores<\/span><\/strong><\/p>\n<div id=\"gtx-trans\" style=\"position: absolute; left: -50px; top: 4.31534px;\">\n<div class=\"gtx-trans-icon\"><\/div>\n<\/div>\n<\/div><\/section><\/div><div class=\"flex_column av_one_full  flex_column_div av-zero-column-padding first  avia-builder-el-4  el_after_av_one_full  el_before_av_hr  column-top-margin\" style='border-radius:0px; '><section class=\"av_textblock_section \"  itemscope=\"itemscope\" itemtype=\"https:\/\/schema.org\/BlogPosting\" itemprop=\"blogPost\" ><div class='avia_textblock  '   itemprop=\"text\" ><p style=\"text-align: justify;\"><em>Son buses el\u00e9ctricos modernos y c\u00f3modos que est\u00e1n en proceso de implementaci\u00f3n y que a comienzos del 2025 llegar\u00e1n a Puerto Ays\u00e9n, gracias a recursos del Gobierno Regional.<\/em><\/p>\n<p style=\"text-align: justify;\">Debido al gran \u00e9xito que ha tenido el programa \u201cConecta Mayor\u201d de la Ilustre Municipalidad de Ays\u00e9n, que consiste en trasladar a personas mayores desde sus hogares a diversos servicios p\u00fablicos e incluso a realizar tr\u00e1mites o atenciones m\u00e9dicas a la capital regional Coyhaique. Es que, el \u00e1rea de planificaci\u00f3n del Municipio y por disposici\u00f3n del alcalde, Julio Uribe, ha levantado un proyecto que ya se est\u00e1 ejecutando con recursos del Gobierno Regional, el que traer\u00e1 en los pr\u00f3ximos meses 3 nuevos y modernos buses a la comuna.<\/p>\n<p style=\"text-align: justify;\">Uno de estos veh\u00edculos de traslado de pasajeros ya est\u00e1 en Santiago, mientras que los otros dos est\u00e1n siendo implementados. En forma paralela, el jefe comunal ha continuado realizando gestiones para el correcto funcionamiento de la iniciativa y a la vez informando a otras entidades que se ver\u00edan beneficiadas con la puesta en marcha de los nuevos buses, en este caso, j\u00f3venes universitarios que estudian en Coyhaique, por ejemplo, en la Universidad de Ays\u00e9n, por ello, el Acalde Uribe, se reuni\u00f3 con su administrador provisional de esta casa de estudios superiores, Juan Pablo Prieto.<\/p>\n<p style=\"text-align: justify;\">\u201cEstamos en plena ejecuci\u00f3n del proyecto de adquisici\u00f3n de tres buses el\u00e9ctricos, dos para el traslado de adultos mayores, transporte urbano en Ays\u00e9n y uno para los estudiantes universitarios que tienen que viajar desde Puerto Ays\u00e9n hacia Coyhaique. En estos momentos estamos en el proceso de instalaci\u00f3n de las electrolineras, que es, donde se van a cargar los buses. Estamos en la firma del convenio con el Municipio de Coyhaique, porque uno de estos puntos de carga va a estar en el terminal de buses de Coyhaique, que depende del Municipio. Tambi\u00e9n estuvimos con el rector de la Universidad Ays\u00e9n, a quien le solicitamos la cantidad de estudiantes que viajan, con sus horarios de salida y entrada, para que podamos ir coordinando el recorrido que har\u00eda este bus\u201d.<\/p>\n<p style=\"text-align: justify;\">Buscando las mejores alternativas para el funcionamiento y operatividad de los buses, el Alcalde Julio Uribe, tambi\u00e9n se reuni\u00f3 con el Seremi de Transportes y Telecomunicaciones, Hans Zimmermann. \u201cEstuvimos con el Seremi de Transportes, revisando distintas instancias, donde la buena noticia es que entra a licitaci\u00f3n el transporte subvencionado que viajar\u00eda desde Ma\u00f1ihuales hacia Coyhaique, tambi\u00e9n para estudiantes. Por lo tanto, nos da mucha alegr\u00eda de que nos hayan escuchado en este requerimiento que ten\u00edamos para los estudiantes de Ma\u00f1ihuales, que no ten\u00edan la posibilidad de poder viajar en otros horarios y as\u00ed trasladarse desde su localidad y poder volver\u201d.<\/p>\n<p style=\"text-align: justify;\">Feliz con esta noticia, sobre la pronta operatividad de buses el\u00e9ctricos que trasladen a los j\u00f3venes de Puerto Ays\u00e9n que estudian en Coyhaique, se mostr\u00f3 el administrador provisional de la Universidad de Ays\u00e9n, Juan Pablo Prieto.<\/p>\n<p style=\"text-align: justify;\">\u201cHe quedado tremendamente feliz por esta iniciativa de la Municipalidad de Ays\u00e9n a trav\u00e9s de su Alcalde, que vino a comentarme directamente sobre esta iniciativa, que no es solo un proyecto innovar, sino que, muy beneficioso para toda la comunidad, especialmente para nuestros j\u00f3venes que transitan diariamente desde Puerto Ays\u00e9n a Coyhaique y hay dificultades, no est\u00e1 todo el transporte que se requiere, los horarios no son siempre los m\u00e1s adecuados y creemos que esto va a ser un beneficio muy bien recibido por nuestros estudiantes y la universidad. Felicitamos esta iniciativa tambi\u00e9n, porque, es muy interesante, son buses el\u00e9ctricos que ayudan a la descontaminaci\u00f3n, creo que tiene un conjunto de beneficios, es una iniciativa in\u00e9dita y eso es bueno hacerlo notar. No hemos tenido algo de esa naturaleza, transporte gratuito adem\u00e1s para nuestros estudiantes, yo creo que es una muy buena noticia y felicitaciones al Municipio\u201d.<\/p>\n<p style=\"text-align: justify;\">Se espera que los tres nuevos, modernos y c\u00f3modos buses lleguen durante las primeras semanas de 2025 a Puerto Ays\u00e9n y luego del tr\u00e1mite administrativo que corresponde, se utilicen privilegiando a los adultos mayores y j\u00f3venes universitarios que estudian en Coyhaique.<\/p>\n<\/div><\/section><\/div><div  style='height:50px' class='hr hr-invisible   avia-builder-el-6  el_after_av_one_full  el_before_av_social_share '><span class='hr-inner ' ><span class='hr-inner-style'><\/span><\/span><\/div><\/p>\n<div  class='av-social-sharing-box  avia-builder-el-7  el_after_av_hr  el_before_av_hr  '><div class='av-share-box'><h5 class='av-share-link-description av-no-toc '>Compartir esta noticia<\/h5><ul class='av-share-box-list noLightbox'><li class='av-share-link av-social-link-facebook' ><a target=\"_blank\" aria-label=\"Compartir en Facebook\" href='https:\/\/www.facebook.com\/sharer.php?u=https:\/\/radiorevelacionfm.cl\/?p=46472&#038;t=Buses%20el%C3%A9ctricos%20en%20Puerto%20Ays%C3%A9n%20beneficiar%C3%A1n%20a%20estudiantes%20y%20adultos%20mayores' aria-hidden='false' data-av_icon='\ue8f3' data-av_iconfont='entypo-fontello' title='' data-avia-related-tooltip='Compartir en Facebook' rel=\"noopener\"><span class='avia_hidden_link_text'>Compartir en Facebook<\/span><\/a><\/li><li class='av-share-link av-social-link-twitter' ><a target=\"_blank\" aria-label=\"Compartir en Twitter\" href='https:\/\/twitter.com\/share?text=Buses%20el%C3%A9ctricos%20en%20Puerto%20Ays%C3%A9n%20beneficiar%C3%A1n%20a%20estudiantes%20y%20adultos%20mayores&#038;url=https:\/\/radiorevelacionfm.cl\/?p=46472' aria-hidden='false' data-av_icon='\ue8f1' data-av_iconfont='entypo-fontello' title='' data-avia-related-tooltip='Compartir en Twitter' rel=\"noopener\"><span class='avia_hidden_link_text'>Compartir en Twitter<\/span><\/a><\/li><li class='av-share-link av-social-link-whatsapp' ><a target=\"_blank\" aria-label=\"Compartir en Whatsapp\" href='https:\/\/api.whatsapp.com\/send?text=https:\/\/radiorevelacionfm.cl\/?p=46472' aria-hidden='false' data-av_icon='\uf232' data-av_iconfont='entypo-fontello' title='' data-avia-related-tooltip='Compartir en Whatsapp' rel=\"noopener\"><span class='avia_hidden_link_text'>Compartir en Whatsapp<\/span><\/a><\/li><li class='av-share-link av-social-link-linkedin' ><a target=\"_blank\" aria-label=\"Compartir en LinkedIn\" href='https:\/\/linkedin.com\/shareArticle?mini=true&#038;title=Buses%20el%C3%A9ctricos%20en%20Puerto%20Ays%C3%A9n%20beneficiar%C3%A1n%20a%20estudiantes%20y%20adultos%20mayores&#038;url=https:\/\/radiorevelacionfm.cl\/?p=46472' aria-hidden='false' data-av_icon='\ue8fc' data-av_iconfont='entypo-fontello' title='' data-avia-related-tooltip='Compartir en LinkedIn' rel=\"noopener\"><span class='avia_hidden_link_text'>Compartir en LinkedIn<\/span><\/a><\/li><li class='av-share-link av-social-link-mail' ><a  aria-label=\"Compartir por correo\" href='mailto:?subject=Buses%20el%C3%A9ctricos%20en%20Puerto%20Ays%C3%A9n%20beneficiar%C3%A1n%20a%20estudiantes%20y%20adultos%20mayores&#038;body=https:\/\/radiorevelacionfm.cl\/?p=46472' aria-hidden='false' data-av_icon='\ue805' data-av_iconfont='entypo-fontello' title='' data-avia-related-tooltip='Compartir por correo'><span class='avia_hidden_link_text'>Compartir por correo<\/span><\/a><\/li><\/ul><\/div><\/div>\n<div  style='height:50px' class='hr hr-invisible   avia-builder-el-8  el_after_av_social_share  el_before_av_comments_list '><span class='hr-inner ' ><span class='hr-inner-style'><\/span><\/span><\/div>\n<div  class='av-buildercomment  av-blog-meta-html-info-disabled av-blog-meta-tag-disabled  '><\/div>\n","protected":false},"excerpt":{"rendered":"","protected":false},"author":1,"featured_media":46473,"comment_status":"open","ping_status":"open","sticky":false,"template":"","format":"standard","meta":{"footnotes":""},"categories":[38],"tags":[],"class_list":["post-46472","post","type-post","status-publish","format-standard","has-post-thumbnail","hentry","category-regional"],"jetpack_featured_media_url":"https:\/\/radiorevelacionfm.cl\/wp-content\/uploads\/2024\/09\/BUSES-ELECTRICOS-PTO-AYSEN-2-2-1-1.jpg","_links":{"self":[{"href":"https:\/\/radiorevelacionfm.cl\/index.php?rest_route=\/wp\/v2\/posts\/46472","targetHints":{"allow":["GET"]}}],"collection":[{"href":"https:\/\/radiorevelacionfm.cl\/index.php?rest_route=\/wp\/v2\/posts"}],"about":[{"href":"https:\/\/radiorevelacionfm.cl\/index.php?rest_route=\/wp\/v2\/types\/post"}],"author":[{"embeddable":true,"href":"https:\/\/radiorevelacionfm.cl\/index.php?rest_route=\/wp\/v2\/users\/1"}],"replies":[{"embeddable":true,"href":"https:\/\/radiorevelacionfm.cl\/index.php?rest_route=%2Fwp%2Fv2%2Fcomments&post=46472"}],"version-history":[{"count":1,"href":"https:\/\/radiorevelacionfm.cl\/index.php?rest_route=\/wp\/v2\/posts\/46472\/revisions"}],"predecessor-version":[{"id":46474,"href":"https:\/\/radiorevelacionfm.cl\/index.php?rest_route=\/wp\/v2\/posts\/46472\/revisions\/46474"}],"wp:featuredmedia":[{"embeddable":true,"href":"https:\/\/radiorevelacionfm.cl\/index.php?rest_route=\/wp\/v2\/media\/46473"}],"wp:attachment":[{"href":"https:\/\/radiorevelacionfm.cl\/index.php?rest_route=%2Fwp%2Fv2%2Fmedia&parent=46472"}],"wp:term":[{"taxonomy":"category","embeddable":true,"href":"https:\/\/radiorevelacionfm.cl\/index.php?rest_route=%2Fwp%2Fv2%2Fcategories&post=46472"},{"taxonomy":"post_tag","embeddable":true,"href":"https:\/\/radiorevelacionfm.cl\/index.php?rest_route=%2Fwp%2Fv2%2Ftags&post=46472"}],"curies":[{"name":"wp","href":"https:\/\/api.w.org\/{rel}","templated":true}]}}