{"id":46465,"date":"2024-09-26T10:16:55","date_gmt":"2024-09-26T13:16:55","guid":{"rendered":"https:\/\/radiorevelacionfm.cl\/?p=46465"},"modified":"2024-09-26T10:16:55","modified_gmt":"2024-09-26T13:16:55","slug":"ad-portas-de-su-entrega-visitan-centro-comunitario-de-cuidados-en-puerto-aysen-para-certificar-accesibilidad-universal","status":"publish","type":"post","link":"https:\/\/radiorevelacionfm.cl\/?p=46465","title":{"rendered":"Ad portas de su entrega visitan Centro Comunitario de Cuidados en Puerto Ays\u00e9n para certificar accesibilidad universal"},"content":{"rendered":"<div class=\"flex_column av_one_full  flex_column_div av-zero-column-padding first  avia-builder-el-0  el_before_av_one_full  avia-builder-el-first  \" style='border-radius:0px; '><div  class='avia-image-container  av-styling-    avia-builder-el-1  avia-builder-el-no-sibling  avia-align-center '  itemprop=\"image\" itemscope=\"itemscope\" itemtype=\"https:\/\/schema.org\/ImageObject\"  ><div class='avia-image-container-inner'><div class='avia-image-overlay-wrap'><img decoding=\"async\" class='wp-image-46466 avia-img-lazy-loading-not-46466 avia_image' src=\"https:\/\/radiorevelacionfm.cl\/wp-content\/uploads\/2024\/09\/visita1-1_optimized.jpeg\" alt='' title='visita1-(1)_optimized' height=\"600\" width=\"800\"  itemprop=\"thumbnailUrl\" srcset=\"https:\/\/radiorevelacionfm.cl\/wp-content\/uploads\/2024\/09\/visita1-1_optimized.jpeg 800w, https:\/\/radiorevelacionfm.cl\/wp-content\/uploads\/2024\/09\/visita1-1_optimized-300x225.jpeg 300w, https:\/\/radiorevelacionfm.cl\/wp-content\/uploads\/2024\/09\/visita1-1_optimized-768x576.jpeg 768w, https:\/\/radiorevelacionfm.cl\/wp-content\/uploads\/2024\/09\/visita1-1_optimized-705x529.jpeg 705w, https:\/\/radiorevelacionfm.cl\/wp-content\/uploads\/2024\/09\/visita1-1_optimized-450x338.jpeg 450w, https:\/\/radiorevelacionfm.cl\/wp-content\/uploads\/2024\/09\/visita1-1_optimized-600x450.jpeg 600w\" sizes=\"(max-width: 800px) 100vw, 800px\" \/><\/div><\/div><\/div><\/div><div class=\"flex_column av_one_full  flex_column_div av-zero-column-padding first  avia-builder-el-2  el_after_av_one_full  el_before_av_one_full  column-top-margin\" style='border-radius:0px; '><section class=\"av_textblock_section \"  itemscope=\"itemscope\" itemtype=\"https:\/\/schema.org\/BlogPosting\" itemprop=\"blogPost\" ><div class='avia_textblock  '   itemprop=\"text\" ><p style=\"text-align: center;\"><strong><span style=\"font-size: 18pt;\">Ad portas de su entrega visitan Centro Comunitario de Cuidados en Puerto Ays\u00e9n para certificar accesibilidad universal<\/span><\/strong><\/p>\n<div id=\"gtx-trans\" style=\"position: absolute; left: -50px; top: 4.31534px;\">\n<div class=\"gtx-trans-icon\"><\/div>\n<\/div>\n<\/div><\/section><\/div><div class=\"flex_column av_one_full  flex_column_div av-zero-column-padding first  avia-builder-el-4  el_after_av_one_full  el_before_av_hr  column-top-margin\" style='border-radius:0px; '><section class=\"av_textblock_section \"  itemscope=\"itemscope\" itemtype=\"https:\/\/schema.org\/BlogPosting\" itemprop=\"blogPost\" ><div class='avia_textblock  '   itemprop=\"text\" ><p style=\"text-align: justify;\"><em>Este recinto ser\u00e1 el primero en la regi\u00f3n que atienda a 120 personas cuidadoras y tambi\u00e9n a quienes son cuidados, de ah\u00ed la importancia que el espacio est\u00e9 pensado para personas que tienen discapacidad, movilidad reducida y severa.<\/em><\/p>\n<p style=\"text-align: justify;\">Una visita de inspecci\u00f3n para constatar el cumplimiento de accesibilidad universal es el que se realiz\u00f3 a la construcci\u00f3n del primer Centro Comunitario de Cuidados en la regi\u00f3n de Ays\u00e9n y que lleva un 97% de avance con entrega para el mes de octubre.<\/p>\n<p style=\"text-align: justify;\">Ubicado en el hist\u00f3rico barrio La Balsa de Puerto Ays\u00e9n, el futuro Centro Comunitario de Cuidados atender\u00e1 a 120 personas cuidadoras y que requieran cuidados, y forma parte de un programa piloto tras la creaci\u00f3n del Sistema Nacional de Apoyos y Cuidados, Chile Cuida &#8211; compromiso presidencial-.<\/p>\n<p style=\"text-align: justify;\">A trav\u00e9s de la colaboraci\u00f3n intersectorial de los Ministerios de Vivienda y Urbanismo, quienes aportan con el financiamiento para su construcci\u00f3n a trav\u00e9s del Programa Quiero Mi Barrio y Desarrollo Social y Familia que entrega el plan de trabajo, recursos para su implementaci\u00f3n y mantenci\u00f3n, es posteriormente entregado al municipio para su administraci\u00f3n.<\/p>\n<p style=\"text-align: justify;\">As\u00ed lo destac\u00f3 La Seremi de Desarrollo Social Karina Acevedo Auad \u00abComo Gobierno este es un hito es muy importante, \u00a0Chile Cuida es una pol\u00edtica p\u00fablica que nace con el presidente Gabriel Boric tras una demanda ciudadana y nuestra visita de inspecci\u00f3n junto a Senadis, tiene que ver justamente con la accesibilidad universal, algo que nos ha recalcado much\u00edsimo el Presidente\u00a0de poder contar con espacios como \u00e9ste. Este es un Centro Comunitario de Cuidados que viene de una pol\u00edtica nueva que se establece en Chile y es el primero en la regi\u00f3n de Ays\u00e9n por eso nuestra visita obedece a que se cumpla con todos los par\u00e1metros que se ha pedido por normativa y muy importante es que tendr\u00e1 una metodolog\u00eda de trabajo que ha sido dise\u00f1ada por el Ministerio de Desarrollo Social y Familia y que lo podr\u00e1 ejecutar la municipalidad con recursos ministeriales\u00bb.<\/p>\n<p style=\"text-align: justify;\">La visita de inspecci\u00f3n cont\u00f3 con los vecinos del barrio La Balsa, la directora de Senadis Viviana Mu\u00f1oz, el alcalde Julio Uribe y la Seremi de Vivienda y Urbanismo Paulina Ruz Delf\u00edn, quien resalt\u00f3 el compromiso ministerial con la pol\u00edtica de cuidados \u00abEl d\u00eda de hoy visitamos que es el 97% de avance de las obras del primer Centro Comunitario de la regi\u00f3n de Ays\u00e9n, en el cual se encuentra emplazado en Puerto Ays\u00e9n. Para nosotros esto es un hito muy importante, no solamente porque salimos de la capital regional, sino que adem\u00e1s por lo que reviste en cuanto a accesibilidad universal y tambi\u00e9n a la protecci\u00f3n que entregamos como gobierno a las personas que en este caso se encuentran con discapacidad y tambi\u00e9n a las personas cuidadoras y quienes sean cuidadas. Esto es una iniciativa de este Gobierno en cuanto a la pol\u00edtica de los cuidados, pero tambi\u00e9n como Ministerio de Vivienda y Urbanismo nos hacemos parte con un financiamiento que va m\u00e1s de 9000 UF\u00bb.<\/p>\n<p style=\"text-align: justify;\">El futuro Centro Comunitario de Cuidados contar\u00e1 con una red integrada de servicios, prestaciones y beneficios para garantizar el derecho al cuidado, por lo que el alcalde Julio Uribe manifest\u00f3 su alegr\u00eda de que la comuna sea pionera en contar con esta edificaci\u00f3n \u00abEstamos felices, una infraestructura maravillosa que es de primer nivel para trabajar con nuestra gente. Adem\u00e1s, nos hemos adjudicado un proyecto de Senadis\u00a0por m\u00e1s de 70 millones de pesos y tambi\u00e9n otra iniciativa del Ministerio de Desarrollo Social, tambi\u00e9n por 72 millones de pesos, para tener profesionales y que podamos trabajar en este Centro de Cuidados con nuestra comunidad. As\u00ed que estamos felices es una infraestructura muy linda con accesibilidad universal especial para trabajar con discapacitados, agregar que este tipo de espacios son los que hacen falta en nuestra comunidad\u00bb.<\/p>\n<p style=\"text-align: justify;\">Un espacio querido por los vecinos que son participantes del Programa Quiero mi Barrio el que tiene un trabajo activo en La Balsa. As\u00ed lo demostraron\u00a0Vilma Ahumada y Mar\u00eda Cay\u00fan hist\u00f3ricas residentes \u00ab\u00a1Qu\u00e9 le puedo decir! estoy feliz, estoy contenta porque se ha visto desde que parti\u00f3, est\u00e1 terminando y pronto a inaugurarse, \u00a0creo que son espacios que se necesitan \u00a0en Puerto Ays\u00e9n y si lo van a hacer ac\u00e1 en nuestro barrio es mucho mejor, porque le va a servir a una parte de la poblaci\u00f3n\u00bb, en tanto Vilma Ahumada felicit\u00f3 los avances \u00bb la vi desde un inicio cuando era chiquitita y ahora est\u00e1 grande y me parece muy bien porque necesit\u00e1bamos una sede\u00a0donde reunirnos, fue muy buena idea, es s\u00faper importante\u00bb.<\/p>\n<p style=\"text-align: justify;\">El foco de los Centros Comunitarios de Cuidados es apoyar a las personas cuidadoras no remuneradas, principalmente mujeres, quienes han asumido hist\u00f3ricamente la mayor carga de tiempo y trabajo de cuidados, con actividades relacionadas con su bienestar psicoemocional, acceso a oferta p\u00fablica seg\u00fan sus necesidades y vinculaci\u00f3n comunitaria, raz\u00f3n por la cual se ha priorizado para este 2024 la construcci\u00f3n de 40 centros a lo largo del pa\u00eds, uno en cada regi\u00f3n.<\/p>\n<p style=\"text-align: justify;\">Finalmente el primer Centro Comunitario de Cuidados de la regi\u00f3n, ubicado en Puerto Ays\u00e9n es una infraestructura de 183 metros cuadrados, emplazado en calle Arturo Prat 720 y que \u00a0seg\u00fan indic\u00f3 la directora de Senadis Viviana Mu\u00f1oz \u00abcumple con la accesibilidad universal, se puede recorrer completamente, si una persona por ejemplo usa silla de ruedas, no tendr\u00e1 inconveniente, as\u00ed que nos vamos muy satisfechos de esta visita\u00bb.<\/p>\n<\/div><\/section><\/div><div  style='height:50px' class='hr hr-invisible   avia-builder-el-6  el_after_av_one_full  el_before_av_social_share '><span class='hr-inner ' ><span class='hr-inner-style'><\/span><\/span><\/div><\/p>\n<div  class='av-social-sharing-box  avia-builder-el-7  el_after_av_hr  el_before_av_hr  '><div class='av-share-box'><h5 class='av-share-link-description av-no-toc '>Compartir esta noticia<\/h5><ul class='av-share-box-list noLightbox'><li class='av-share-link av-social-link-facebook' ><a target=\"_blank\" aria-label=\"Compartir en Facebook\" href='https:\/\/www.facebook.com\/sharer.php?u=https:\/\/radiorevelacionfm.cl\/?p=46465&#038;t=Ad%20portas%20de%20su%20entrega%20visitan%20Centro%20Comunitario%20de%20Cuidados%20en%20Puerto%20Ays%C3%A9n%20para%20certificar%20accesibilidad%20universal' aria-hidden='false' data-av_icon='\ue8f3' data-av_iconfont='entypo-fontello' title='' data-avia-related-tooltip='Compartir en Facebook' rel=\"noopener\"><span class='avia_hidden_link_text'>Compartir en Facebook<\/span><\/a><\/li><li class='av-share-link av-social-link-twitter' ><a target=\"_blank\" aria-label=\"Compartir en Twitter\" href='https:\/\/twitter.com\/share?text=Ad%20portas%20de%20su%20entrega%20visitan%20Centro%20Comunitario%20de%20Cuidados%20en%20Puerto%20Ays%C3%A9n%20para%20certificar%20accesibilidad%20universal&#038;url=https:\/\/radiorevelacionfm.cl\/?p=46465' aria-hidden='false' data-av_icon='\ue8f1' data-av_iconfont='entypo-fontello' title='' data-avia-related-tooltip='Compartir en Twitter' rel=\"noopener\"><span class='avia_hidden_link_text'>Compartir en Twitter<\/span><\/a><\/li><li class='av-share-link av-social-link-whatsapp' ><a target=\"_blank\" aria-label=\"Compartir en Whatsapp\" href='https:\/\/api.whatsapp.com\/send?text=https:\/\/radiorevelacionfm.cl\/?p=46465' aria-hidden='false' data-av_icon='\uf232' data-av_iconfont='entypo-fontello' title='' data-avia-related-tooltip='Compartir en Whatsapp' rel=\"noopener\"><span class='avia_hidden_link_text'>Compartir en Whatsapp<\/span><\/a><\/li><li class='av-share-link av-social-link-linkedin' ><a target=\"_blank\" aria-label=\"Compartir en LinkedIn\" href='https:\/\/linkedin.com\/shareArticle?mini=true&#038;title=Ad%20portas%20de%20su%20entrega%20visitan%20Centro%20Comunitario%20de%20Cuidados%20en%20Puerto%20Ays%C3%A9n%20para%20certificar%20accesibilidad%20universal&#038;url=https:\/\/radiorevelacionfm.cl\/?p=46465' aria-hidden='false' data-av_icon='\ue8fc' data-av_iconfont='entypo-fontello' title='' data-avia-related-tooltip='Compartir en LinkedIn' rel=\"noopener\"><span class='avia_hidden_link_text'>Compartir en LinkedIn<\/span><\/a><\/li><li class='av-share-link av-social-link-mail' ><a  aria-label=\"Compartir por correo\" href='mailto:?subject=Ad%20portas%20de%20su%20entrega%20visitan%20Centro%20Comunitario%20de%20Cuidados%20en%20Puerto%20Ays%C3%A9n%20para%20certificar%20accesibilidad%20universal&#038;body=https:\/\/radiorevelacionfm.cl\/?p=46465' aria-hidden='false' data-av_icon='\ue805' data-av_iconfont='entypo-fontello' title='' data-avia-related-tooltip='Compartir por correo'><span class='avia_hidden_link_text'>Compartir por correo<\/span><\/a><\/li><\/ul><\/div><\/div>\n<div  style='height:50px' class='hr hr-invisible   avia-builder-el-8  el_after_av_social_share  el_before_av_comments_list '><span class='hr-inner ' ><span class='hr-inner-style'><\/span><\/span><\/div>\n<div  class='av-buildercomment  av-blog-meta-html-info-disabled av-blog-meta-tag-disabled  '><\/div>\n","protected":false},"excerpt":{"rendered":"","protected":false},"author":1,"featured_media":46466,"comment_status":"open","ping_status":"open","sticky":false,"template":"","format":"standard","meta":{"footnotes":""},"categories":[38],"tags":[],"class_list":["post-46465","post","type-post","status-publish","format-standard","has-post-thumbnail","hentry","category-regional"],"jetpack_featured_media_url":"https:\/\/radiorevelacionfm.cl\/wp-content\/uploads\/2024\/09\/visita1-1_optimized.jpeg","_links":{"self":[{"href":"https:\/\/radiorevelacionfm.cl\/index.php?rest_route=\/wp\/v2\/posts\/46465","targetHints":{"allow":["GET"]}}],"collection":[{"href":"https:\/\/radiorevelacionfm.cl\/index.php?rest_route=\/wp\/v2\/posts"}],"about":[{"href":"https:\/\/radiorevelacionfm.cl\/index.php?rest_route=\/wp\/v2\/types\/post"}],"author":[{"embeddable":true,"href":"https:\/\/radiorevelacionfm.cl\/index.php?rest_route=\/wp\/v2\/users\/1"}],"replies":[{"embeddable":true,"href":"https:\/\/radiorevelacionfm.cl\/index.php?rest_route=%2Fwp%2Fv2%2Fcomments&post=46465"}],"version-history":[{"count":1,"href":"https:\/\/radiorevelacionfm.cl\/index.php?rest_route=\/wp\/v2\/posts\/46465\/revisions"}],"predecessor-version":[{"id":46467,"href":"https:\/\/radiorevelacionfm.cl\/index.php?rest_route=\/wp\/v2\/posts\/46465\/revisions\/46467"}],"wp:featuredmedia":[{"embeddable":true,"href":"https:\/\/radiorevelacionfm.cl\/index.php?rest_route=\/wp\/v2\/media\/46466"}],"wp:attachment":[{"href":"https:\/\/radiorevelacionfm.cl\/index.php?rest_route=%2Fwp%2Fv2%2Fmedia&parent=46465"}],"wp:term":[{"taxonomy":"category","embeddable":true,"href":"https:\/\/radiorevelacionfm.cl\/index.php?rest_route=%2Fwp%2Fv2%2Fcategories&post=46465"},{"taxonomy":"post_tag","embeddable":true,"href":"https:\/\/radiorevelacionfm.cl\/index.php?rest_route=%2Fwp%2Fv2%2Ftags&post=46465"}],"curies":[{"name":"wp","href":"https:\/\/api.w.org\/{rel}","templated":true}]}}