{"id":46462,"date":"2024-09-26T10:05:34","date_gmt":"2024-09-26T13:05:34","guid":{"rendered":"https:\/\/radiorevelacionfm.cl\/?p=46462"},"modified":"2024-09-26T10:05:34","modified_gmt":"2024-09-26T13:05:34","slug":"region-de-aysen-se-destaco-en-el-primer-foro-latam-de-jovenes-lideres-rurales-gracias-al-compromiso-de-indap","status":"publish","type":"post","link":"https:\/\/radiorevelacionfm.cl\/?p=46462","title":{"rendered":"Regi\u00f3n de Ays\u00e9n se destac\u00f3 en el Primer Foro LATAM de J\u00f3venes L\u00edderes Rurales gracias al compromiso de INDAP"},"content":{"rendered":"<div class=\"flex_column av_one_full  flex_column_div av-zero-column-padding first  avia-builder-el-0  el_before_av_one_full  avia-builder-el-first  \" style='border-radius:0px; '><div  class='avia-image-container  av-styling-    avia-builder-el-1  avia-builder-el-no-sibling  avia-align-center '  itemprop=\"image\" itemscope=\"itemscope\" itemtype=\"https:\/\/schema.org\/ImageObject\"  ><div class='avia-image-container-inner'><div class='avia-image-overlay-wrap'><img decoding=\"async\" class='wp-image-46463 avia-img-lazy-loading-not-46463 avia_image' src=\"https:\/\/radiorevelacionfm.cl\/wp-content\/uploads\/2024\/09\/foro-latam-jovenes-rurales-1-1_optimized-1.jpeg\" alt='' title='foro-latam-jovenes-rurales-1-(1)_optimized (1)' height=\"640\" width=\"802\"  itemprop=\"thumbnailUrl\" srcset=\"https:\/\/radiorevelacionfm.cl\/wp-content\/uploads\/2024\/09\/foro-latam-jovenes-rurales-1-1_optimized-1.jpeg 802w, https:\/\/radiorevelacionfm.cl\/wp-content\/uploads\/2024\/09\/foro-latam-jovenes-rurales-1-1_optimized-1-300x239.jpeg 300w, https:\/\/radiorevelacionfm.cl\/wp-content\/uploads\/2024\/09\/foro-latam-jovenes-rurales-1-1_optimized-1-768x613.jpeg 768w, https:\/\/radiorevelacionfm.cl\/wp-content\/uploads\/2024\/09\/foro-latam-jovenes-rurales-1-1_optimized-1-705x563.jpeg 705w, https:\/\/radiorevelacionfm.cl\/wp-content\/uploads\/2024\/09\/foro-latam-jovenes-rurales-1-1_optimized-1-450x359.jpeg 450w, https:\/\/radiorevelacionfm.cl\/wp-content\/uploads\/2024\/09\/foro-latam-jovenes-rurales-1-1_optimized-1-600x479.jpeg 600w\" sizes=\"(max-width: 802px) 100vw, 802px\" \/><\/div><\/div><\/div><\/div>\n<div class=\"flex_column av_one_full  flex_column_div av-zero-column-padding first  avia-builder-el-2  el_after_av_one_full  el_before_av_one_full  column-top-margin\" style='border-radius:0px; '><section class=\"av_textblock_section \"  itemscope=\"itemscope\" itemtype=\"https:\/\/schema.org\/BlogPosting\" itemprop=\"blogPost\" ><div class='avia_textblock  '   itemprop=\"text\" ><p style=\"text-align: center;\"><strong><span style=\"font-size: 18pt;\">Regi\u00f3n de Ays\u00e9n se destac\u00f3 en el Primer Foro LATAM de J\u00f3venes L\u00edderes Rurales gracias al compromiso de INDAP<\/span><\/strong><\/p>\n<div id=\"gtx-trans\" style=\"position: absolute; left: -50px; top: 4.31534px;\">\n<div class=\"gtx-trans-icon\"><\/div>\n<\/div>\n<\/div><\/section><\/div><div class=\"flex_column av_one_full  flex_column_div av-zero-column-padding first  avia-builder-el-4  el_after_av_one_full  el_before_av_hr  column-top-margin\" style='border-radius:0px; '><section class=\"av_textblock_section \"  itemscope=\"itemscope\" itemtype=\"https:\/\/schema.org\/BlogPosting\" itemprop=\"blogPost\" ><div class='avia_textblock  '   itemprop=\"text\" ><p style=\"text-align: justify;\"><em>La participaci\u00f3n de una representante de la Mesa Regional de J\u00f3venes Rurales destaca el compromiso de INDAP Ays\u00e9n con las juventudes rurales y su rol en el futuro y desarrollo sustentable del agro en la Patagonia.<\/em><\/p>\n<p style=\"text-align: justify;\">La Regi\u00f3n de Ays\u00e9n se destac\u00f3 en el Primer Foro LATAM de J\u00f3venes L\u00edderes Rurales gracias a la participaci\u00f3n de la Mesa Regional de J\u00f3venes Rurales de INDAP Ays\u00e9n, organizado por el Ministerio de Agricultura de Chile, en colaboraci\u00f3n con la Fundaci\u00f3n para la Innovaci\u00f3n Agraria (FIA), INDAP, el Global Youth Leadership Forum (GYLF), la Sociedad Nacional de Agricultura (SNA), AgroTech Chile y el Instituto Interamericano de Cooperaci\u00f3n para la Agricultura (IICA).<\/p>\n<p style=\"text-align: justify;\">Este evento internacional fue celebrado los d\u00edas 9 y 10 de septiembre de 2024 en la Sala CEPAL de Quinta de Tilcoco y Buin. El encuentro de alto nivel reuni\u00f3 a j\u00f3venes l\u00edderes rurales de Chile, Argentina, Paraguay, Uruguay, Brasil, M\u00e9xico, Honduras y El Salvador, enfocados en fortalecer el liderazgo, la innovaci\u00f3n y la sustentabilidad en el sector agr\u00edcola del continente.<\/p>\n<p style=\"text-align: justify;\">Fernanda Guarda de Galera Chico, fue la joven representante de la Mesa de J\u00f3venes Rurales de la Regi\u00f3n de Ays\u00e9n quien particip\u00f3 en el encuentro, el cual tuvo como objetivo fortalecer las competencias de liderazgo, innovaci\u00f3n y sustentabilidad entre j\u00f3venes del sector agropecuario de Am\u00e9rica Latina, abriendo espacios para el intercambio de experiencias e ideas innovadoras que impulsan el desarrollo rural. Su participaci\u00f3n en el foro permiti\u00f3 visibilizar la realidad y los desaf\u00edos de la juventud rural aysenina en un contexto internacional, reafirmando el potencial de Ays\u00e9n como un referente en la promoci\u00f3n de la agricultura sustentable y el liderazgo juvenil.<\/p>\n<p style=\"text-align: justify;\">Yessica Lagos C\u00e1rdenas, directora regional de INDAP Ays\u00e9n, destac\u00f3 la importancia de la participaci\u00f3n de j\u00f3venes de la regi\u00f3n en instancias internacionales como esta: \u201cNuestra prioridad es eliminar las barreras de acceso para que las juventudes rurales puedan ser parte de estas oportunidades de alto valor. El potencial de nuestros j\u00f3venes es enorme, y su rol es clave no solo en la innovaci\u00f3n y sostenibilidad del agro, sino tambi\u00e9n en la construcci\u00f3n de una democracia m\u00e1s robusta en los territorios rurales.\u201d<\/p>\n<p style=\"text-align: justify;\">La participaci\u00f3n de la representante de Ays\u00e9n fue un reflejo del compromiso de INDAP con el desarrollo de liderazgos juveniles, promoviendo un entorno inclusivo y empoderador. \u201cFue una experiencia enriquecedora compartir con j\u00f3venes agrol\u00edderes de toda Latinoam\u00e9rica y dialogar sobre c\u00f3mo cada pa\u00eds est\u00e1 enfrentando los desaf\u00edos en torno a la crisis socioambiental. Como Mesa Regional de J\u00f3venes Rurales asumimos el compromiso de sumarnos a iniciativas que han nacido del foro para abordar este tema\u201d, expres\u00f3 la joven aysenina tras su participaci\u00f3n en el foro.<\/p>\n<p style=\"text-align: justify;\">El Primer Foro LATAM de J\u00f3venes L\u00edderes Rurales tambi\u00e9n destac\u00f3 la importancia de la innovaci\u00f3n en la agricultura moderna, mostrando c\u00f3mo las nuevas tecnolog\u00edas est\u00e1n transformando el sector agropecuario en toda la regi\u00f3n. Estas innovaciones no solo buscan hacer m\u00e1s eficientes los procesos agr\u00edcolas, sino tambi\u00e9n fomentar pr\u00e1cticas m\u00e1s sostenibles y resilientes, abriendo nuevas oportunidades para los j\u00f3venes rurales que desean liderar un cambio positivo en sus comunidades.<\/p>\n<p style=\"text-align: justify;\">El foro tambi\u00e9n se centr\u00f3 en el liderazgo juvenil y el desarrollo de competencias comunicacionales, esenciales para fortalecer la democracia en el mundo rural. A trav\u00e9s de din\u00e1micas de trabajo en equipo y mesas de discusi\u00f3n, j\u00f3venes agrol\u00edderes de Brasil, M\u00e9xico, Paraguay, y otros pa\u00edses latinoamericanos, profundizaron en estrategias para mejorar la coordinaci\u00f3n y comunicaci\u00f3n asertiva, fundamentales para la gesti\u00f3n de sus proyectos y el logro de objetivos comunes. La jornada tambi\u00e9n incluy\u00f3 una visita a Quinta Tilcoco, donde los participantes conocieron iniciativas inclusivas y sustentables, como el proyecto Farmhability, que adapta la agricultura a personas con discapacidades.<\/p>\n<p style=\"text-align: justify;\">Con esta actividad, INDAP Ays\u00e9n reafirma su compromiso con el desarrollo de la juventud rural, trabajando activamente para crear oportunidades y derribar barreras que permitan a los j\u00f3venes convertirse en los agrol\u00edderes del futuro, conectando la visi\u00f3n local con un enfoque global.<\/p>\n<\/div><\/section><\/div><div  style='height:50px' class='hr hr-invisible   avia-builder-el-6  el_after_av_one_full  el_before_av_social_share '><span class='hr-inner ' ><span class='hr-inner-style'><\/span><\/span><\/div><\/p>\n<div  class='av-social-sharing-box  avia-builder-el-7  el_after_av_hr  el_before_av_hr  '><div class='av-share-box'><h5 class='av-share-link-description av-no-toc '>Compartir esta noticia<\/h5><ul class='av-share-box-list noLightbox'><li class='av-share-link av-social-link-facebook' ><a target=\"_blank\" aria-label=\"Compartir en Facebook\" href='https:\/\/www.facebook.com\/sharer.php?u=https:\/\/radiorevelacionfm.cl\/?p=46462&#038;t=Regi%C3%B3n%20de%20Ays%C3%A9n%20se%20destac%C3%B3%20en%20el%20Primer%20Foro%20LATAM%20de%20J%C3%B3venes%20L%C3%ADderes%20Rurales%20gracias%20al%20compromiso%20de%20INDAP' aria-hidden='false' data-av_icon='\ue8f3' data-av_iconfont='entypo-fontello' title='' data-avia-related-tooltip='Compartir en Facebook' rel=\"noopener\"><span class='avia_hidden_link_text'>Compartir en Facebook<\/span><\/a><\/li><li class='av-share-link av-social-link-twitter' ><a target=\"_blank\" aria-label=\"Compartir en Twitter\" href='https:\/\/twitter.com\/share?text=Regi%C3%B3n%20de%20Ays%C3%A9n%20se%20destac%C3%B3%20en%20el%20Primer%20Foro%20LATAM%20de%20J%C3%B3venes%20L%C3%ADderes%20Rurales%20gracias%20al%20compromiso%20de%20INDAP&#038;url=https:\/\/radiorevelacionfm.cl\/?p=46462' aria-hidden='false' data-av_icon='\ue8f1' data-av_iconfont='entypo-fontello' title='' data-avia-related-tooltip='Compartir en Twitter' rel=\"noopener\"><span class='avia_hidden_link_text'>Compartir en Twitter<\/span><\/a><\/li><li class='av-share-link av-social-link-whatsapp' ><a target=\"_blank\" aria-label=\"Compartir en Whatsapp\" href='https:\/\/api.whatsapp.com\/send?text=https:\/\/radiorevelacionfm.cl\/?p=46462' aria-hidden='false' data-av_icon='\uf232' data-av_iconfont='entypo-fontello' title='' data-avia-related-tooltip='Compartir en Whatsapp' rel=\"noopener\"><span class='avia_hidden_link_text'>Compartir en Whatsapp<\/span><\/a><\/li><li class='av-share-link av-social-link-linkedin' ><a target=\"_blank\" aria-label=\"Compartir en LinkedIn\" href='https:\/\/linkedin.com\/shareArticle?mini=true&#038;title=Regi%C3%B3n%20de%20Ays%C3%A9n%20se%20destac%C3%B3%20en%20el%20Primer%20Foro%20LATAM%20de%20J%C3%B3venes%20L%C3%ADderes%20Rurales%20gracias%20al%20compromiso%20de%20INDAP&#038;url=https:\/\/radiorevelacionfm.cl\/?p=46462' aria-hidden='false' data-av_icon='\ue8fc' data-av_iconfont='entypo-fontello' title='' data-avia-related-tooltip='Compartir en LinkedIn' rel=\"noopener\"><span class='avia_hidden_link_text'>Compartir en LinkedIn<\/span><\/a><\/li><li class='av-share-link av-social-link-mail' ><a  aria-label=\"Compartir por correo\" href='mailto:?subject=Regi%C3%B3n%20de%20Ays%C3%A9n%20se%20destac%C3%B3%20en%20el%20Primer%20Foro%20LATAM%20de%20J%C3%B3venes%20L%C3%ADderes%20Rurales%20gracias%20al%20compromiso%20de%20INDAP&#038;body=https:\/\/radiorevelacionfm.cl\/?p=46462' aria-hidden='false' data-av_icon='\ue805' data-av_iconfont='entypo-fontello' title='' data-avia-related-tooltip='Compartir por correo'><span class='avia_hidden_link_text'>Compartir por correo<\/span><\/a><\/li><\/ul><\/div><\/div>\n<div  style='height:50px' class='hr hr-invisible   avia-builder-el-8  el_after_av_social_share  el_before_av_comments_list '><span class='hr-inner ' ><span class='hr-inner-style'><\/span><\/span><\/div>\n<div  class='av-buildercomment  av-blog-meta-html-info-disabled av-blog-meta-tag-disabled  '><\/div>\n","protected":false},"excerpt":{"rendered":"","protected":false},"author":1,"featured_media":46463,"comment_status":"open","ping_status":"open","sticky":false,"template":"","format":"standard","meta":{"footnotes":""},"categories":[58],"tags":[],"class_list":["post-46462","post","type-post","status-publish","format-standard","has-post-thumbnail","hentry","category-agricultura"],"jetpack_featured_media_url":"https:\/\/radiorevelacionfm.cl\/wp-content\/uploads\/2024\/09\/foro-latam-jovenes-rurales-1-1_optimized-1.jpeg","_links":{"self":[{"href":"https:\/\/radiorevelacionfm.cl\/index.php?rest_route=\/wp\/v2\/posts\/46462","targetHints":{"allow":["GET"]}}],"collection":[{"href":"https:\/\/radiorevelacionfm.cl\/index.php?rest_route=\/wp\/v2\/posts"}],"about":[{"href":"https:\/\/radiorevelacionfm.cl\/index.php?rest_route=\/wp\/v2\/types\/post"}],"author":[{"embeddable":true,"href":"https:\/\/radiorevelacionfm.cl\/index.php?rest_route=\/wp\/v2\/users\/1"}],"replies":[{"embeddable":true,"href":"https:\/\/radiorevelacionfm.cl\/index.php?rest_route=%2Fwp%2Fv2%2Fcomments&post=46462"}],"version-history":[{"count":2,"href":"https:\/\/radiorevelacionfm.cl\/index.php?rest_route=\/wp\/v2\/posts\/46462\/revisions"}],"predecessor-version":[{"id":46490,"href":"https:\/\/radiorevelacionfm.cl\/index.php?rest_route=\/wp\/v2\/posts\/46462\/revisions\/46490"}],"wp:featuredmedia":[{"embeddable":true,"href":"https:\/\/radiorevelacionfm.cl\/index.php?rest_route=\/wp\/v2\/media\/46463"}],"wp:attachment":[{"href":"https:\/\/radiorevelacionfm.cl\/index.php?rest_route=%2Fwp%2Fv2%2Fmedia&parent=46462"}],"wp:term":[{"taxonomy":"category","embeddable":true,"href":"https:\/\/radiorevelacionfm.cl\/index.php?rest_route=%2Fwp%2Fv2%2Fcategories&post=46462"},{"taxonomy":"post_tag","embeddable":true,"href":"https:\/\/radiorevelacionfm.cl\/index.php?rest_route=%2Fwp%2Fv2%2Ftags&post=46462"}],"curies":[{"name":"wp","href":"https:\/\/api.w.org\/{rel}","templated":true}]}}