{"id":46460,"date":"2024-09-26T11:06:31","date_gmt":"2024-09-26T14:06:31","guid":{"rendered":"https:\/\/radiorevelacionfm.cl\/?p=46460"},"modified":"2024-09-26T11:06:31","modified_gmt":"2024-09-26T14:06:31","slug":"aysen-evidencia-el-peor-desempeno-economico-del-pais-en-el-segundo-trimestre-de-2024","status":"publish","type":"post","link":"https:\/\/radiorevelacionfm.cl\/?p=46460","title":{"rendered":"Ays\u00e9n evidencia el peor desempe\u00f1o econ\u00f3mico del pa\u00eds en el segundo trimestre de 2024"},"content":{"rendered":"<div class=\"flex_column av_one_full  flex_column_div av-zero-column-padding first  avia-builder-el-0  el_before_av_one_full  avia-builder-el-first  \" style='border-radius:0px; '><div  class='avia-image-container  av-styling-    avia-builder-el-1  avia-builder-el-no-sibling  avia-align-center '  itemprop=\"image\" itemscope=\"itemscope\" itemtype=\"https:\/\/schema.org\/ImageObject\"  ><div class='avia-image-container-inner'><div class='avia-image-overlay-wrap'><img decoding=\"async\" class='wp-image-22908 avia-img-lazy-loading-not-22908 avia_image' src=\"https:\/\/radiorevelacionfm.cl\/wp-content\/uploads\/2022\/10\/puerto-aysen1-1_optimized-1.jpg\" alt='' title='puerto-aysen1-(1)_optimized (1)' height=\"600\" width=\"1000\"  itemprop=\"thumbnailUrl\" srcset=\"https:\/\/radiorevelacionfm.cl\/wp-content\/uploads\/2022\/10\/puerto-aysen1-1_optimized-1.jpg 1000w, https:\/\/radiorevelacionfm.cl\/wp-content\/uploads\/2022\/10\/puerto-aysen1-1_optimized-1-300x180.jpg 300w, https:\/\/radiorevelacionfm.cl\/wp-content\/uploads\/2022\/10\/puerto-aysen1-1_optimized-1-768x461.jpg 768w, https:\/\/radiorevelacionfm.cl\/wp-content\/uploads\/2022\/10\/puerto-aysen1-1_optimized-1-705x423.jpg 705w, https:\/\/radiorevelacionfm.cl\/wp-content\/uploads\/2022\/10\/puerto-aysen1-1_optimized-1-600x360.jpg 600w\" sizes=\"(max-width: 1000px) 100vw, 1000px\" \/><\/div><\/div><\/div><\/div><div class=\"flex_column av_one_full  flex_column_div av-zero-column-padding first  avia-builder-el-2  el_after_av_one_full  el_before_av_one_full  column-top-margin\" style='border-radius:0px; '><section class=\"av_textblock_section \"  itemscope=\"itemscope\" itemtype=\"https:\/\/schema.org\/BlogPosting\" itemprop=\"blogPost\" ><div class='avia_textblock  '   itemprop=\"text\" ><p style=\"font-weight: 400; text-align: center;\"><span style=\"font-size: 18pt;\"><strong>Ays\u00e9n evidencia el peor desempe\u00f1o econ\u00f3mico <\/strong><strong>del pa\u00eds en el segundo trimestre de 2024<\/strong><\/span><\/p>\n<div id=\"gtx-trans\" style=\"position: absolute; left: -50px; top: 4.31534px;\">\n<div class=\"gtx-trans-icon\"><\/div>\n<\/div>\n<\/div><\/section><\/div><div class=\"flex_column av_one_full  flex_column_div av-zero-column-padding first  avia-builder-el-4  el_after_av_one_full  el_before_av_hr  column-top-margin\" style='border-radius:0px; '><section class=\"av_textblock_section \"  itemscope=\"itemscope\" itemtype=\"https:\/\/schema.org\/BlogPosting\" itemprop=\"blogPost\" ><div class='avia_textblock  '   itemprop=\"text\" ><p style=\"font-weight: 400; text-align: justify;\"><em>Desde el gremio del Comercio de Coyhaique, llamaron con urgencia a poner freno a la \u201cca\u00edda libre\u201d que vive la regi\u00f3n y el impacto negativo para las familias y las Pymes.\u00a0<\/em><\/p>\n<p style=\"font-weight: 400; text-align: justify;\">La Regi\u00f3n de Ays\u00e9n contin\u00faa registrando una alarmante contracci\u00f3n econ\u00f3mica, consolid\u00e1ndose como el territorio de peor desempe\u00f1o del pa\u00eds por segundo trimestre consecutivo. Seg\u00fan los \u00faltimos datos del Banco Central, el Producto Interno Bruto (PIB) de Ays\u00e9n cay\u00f3 un 3,6% entre abril y junio de 2024, tras haber experimentado su baja a\u00fan m\u00e1s severa del 9,7% en el primer trimestre.<\/p>\n<p style=\"font-weight: 400; text-align: justify;\">El Banco Central atribuy\u00f3 esta ca\u00edda principalmente al retroceso en el sector manufacturero, particularmente en la industria pesquera y acu\u00edcola, que han sido gravemente afectadas. A pesar de un leve aumento en los servicios, con un mayor gasto en restaurantes, hoteles y servicios personales, el consumo de bienes no durables, como alimentos y combustibles, no logr\u00f3 compensar el mal desempe\u00f1o general. El consumo de hogares en Ays\u00e9n apenas creci\u00f3 un 0,1%, reflejando una d\u00e9bil demanda interna.<\/p>\n<p style=\"font-weight: 400; text-align: justify;\">\u201cEstamos en una especie de \u2018ca\u00edda libre\u2019 y no vemos acciones que apunten a frenar esta situaci\u00f3n que -por meses- est\u00e1 afectando a las Pymes, pero a\u00fan m\u00e1s dram\u00e1ticamente a las familias de la regi\u00f3n. Por el contrario, en las \u00faltimas semanas hemos conocido, adem\u00e1s, que desde el sector p\u00fablico la inversi\u00f3n regional en los primeros siete meses del a\u00f1o supera levemente el 13% de ejecuci\u00f3n\u201d, coment\u00f3 la presidenta de la C\u00e1mara de Comercio, Servicios, Industrias y Turismo de Coyhaique A.G., Daissy Mondelo.<\/p>\n<p style=\"font-weight: 400; text-align: justify;\">La dirigente gremial llam\u00f3 con urgencia a que las autoridades regionales y quienes tienen a cargo la conducci\u00f3n de las pol\u00edticas econ\u00f3micas en la zona, asuman un rol activo en propiciar estrategias acorde a las demandas locales y lograr repuntar las cifras.<\/p>\n<p style=\"font-weight: 400; text-align: justify;\">\u201cAys\u00e9n, enfrenta hoy una creciente preocupaci\u00f3n ante la falta de diversificaci\u00f3n econ\u00f3mica y la dependencia de sectores que est\u00e1n en declive, y ello plantea un desaf\u00edo a todos los actores, pero urgentemente a las autoridades locales y nacionales de cara a la recuperaci\u00f3n econ\u00f3mica de la regi\u00f3n\u201d, plante\u00f3 Mondelo.<\/p>\n<p style=\"font-weight: 400; text-align: justify;\">En el contraste nacional, las regiones del norte, como Tarapac\u00e1 y Antofagasta, presentaron los mayores incrementos con un s\u00f3lido crecimiento del 9,1%, impulsado por la miner\u00eda y la generaci\u00f3n el\u00e9ctrica.<\/p>\n<\/div><\/section><\/div><div  style='height:50px' class='hr hr-invisible   avia-builder-el-6  el_after_av_one_full  el_before_av_social_share '><span class='hr-inner ' ><span class='hr-inner-style'><\/span><\/span><\/div><\/p>\n<div  class='av-social-sharing-box  avia-builder-el-7  el_after_av_hr  el_before_av_hr  '><div class='av-share-box'><h5 class='av-share-link-description av-no-toc '>Compartir esta noticia<\/h5><ul class='av-share-box-list noLightbox'><li class='av-share-link av-social-link-facebook' ><a target=\"_blank\" aria-label=\"Compartir en Facebook\" href='https:\/\/www.facebook.com\/sharer.php?u=https:\/\/radiorevelacionfm.cl\/?p=46460&#038;t=Ays%C3%A9n%20evidencia%20el%20peor%20desempe%C3%B1o%20econ%C3%B3mico%20del%20pa%C3%ADs%20en%20el%20segundo%20trimestre%20de%202024' aria-hidden='false' data-av_icon='\ue8f3' data-av_iconfont='entypo-fontello' title='' data-avia-related-tooltip='Compartir en Facebook' rel=\"noopener\"><span class='avia_hidden_link_text'>Compartir en Facebook<\/span><\/a><\/li><li class='av-share-link av-social-link-twitter' ><a target=\"_blank\" aria-label=\"Compartir en Twitter\" href='https:\/\/twitter.com\/share?text=Ays%C3%A9n%20evidencia%20el%20peor%20desempe%C3%B1o%20econ%C3%B3mico%20del%20pa%C3%ADs%20en%20el%20segundo%20trimestre%20de%202024&#038;url=https:\/\/radiorevelacionfm.cl\/?p=46460' aria-hidden='false' data-av_icon='\ue8f1' data-av_iconfont='entypo-fontello' title='' data-avia-related-tooltip='Compartir en Twitter' rel=\"noopener\"><span class='avia_hidden_link_text'>Compartir en Twitter<\/span><\/a><\/li><li class='av-share-link av-social-link-whatsapp' ><a target=\"_blank\" aria-label=\"Compartir en Whatsapp\" href='https:\/\/api.whatsapp.com\/send?text=https:\/\/radiorevelacionfm.cl\/?p=46460' aria-hidden='false' data-av_icon='\uf232' data-av_iconfont='entypo-fontello' title='' data-avia-related-tooltip='Compartir en Whatsapp' rel=\"noopener\"><span class='avia_hidden_link_text'>Compartir en Whatsapp<\/span><\/a><\/li><li class='av-share-link av-social-link-linkedin' ><a target=\"_blank\" aria-label=\"Compartir en LinkedIn\" href='https:\/\/linkedin.com\/shareArticle?mini=true&#038;title=Ays%C3%A9n%20evidencia%20el%20peor%20desempe%C3%B1o%20econ%C3%B3mico%20del%20pa%C3%ADs%20en%20el%20segundo%20trimestre%20de%202024&#038;url=https:\/\/radiorevelacionfm.cl\/?p=46460' aria-hidden='false' data-av_icon='\ue8fc' data-av_iconfont='entypo-fontello' title='' data-avia-related-tooltip='Compartir en LinkedIn' rel=\"noopener\"><span class='avia_hidden_link_text'>Compartir en LinkedIn<\/span><\/a><\/li><li class='av-share-link av-social-link-mail' ><a  aria-label=\"Compartir por correo\" href='mailto:?subject=Ays%C3%A9n%20evidencia%20el%20peor%20desempe%C3%B1o%20econ%C3%B3mico%20del%20pa%C3%ADs%20en%20el%20segundo%20trimestre%20de%202024&#038;body=https:\/\/radiorevelacionfm.cl\/?p=46460' aria-hidden='false' data-av_icon='\ue805' data-av_iconfont='entypo-fontello' title='' data-avia-related-tooltip='Compartir por correo'><span class='avia_hidden_link_text'>Compartir por correo<\/span><\/a><\/li><\/ul><\/div><\/div>\n<div  style='height:50px' class='hr hr-invisible   avia-builder-el-8  el_after_av_social_share  el_before_av_comments_list '><span class='hr-inner ' ><span class='hr-inner-style'><\/span><\/span><\/div>\n<div  class='av-buildercomment  av-blog-meta-html-info-disabled av-blog-meta-tag-disabled  '><\/div>\n","protected":false},"excerpt":{"rendered":"","protected":false},"author":1,"featured_media":22908,"comment_status":"open","ping_status":"open","sticky":false,"template":"","format":"standard","meta":{"footnotes":""},"categories":[37],"tags":[],"class_list":["post-46460","post","type-post","status-publish","format-standard","has-post-thumbnail","hentry","category-economia"],"jetpack_featured_media_url":"https:\/\/radiorevelacionfm.cl\/wp-content\/uploads\/2022\/10\/puerto-aysen1-1_optimized-1.jpg","_links":{"self":[{"href":"https:\/\/radiorevelacionfm.cl\/index.php?rest_route=\/wp\/v2\/posts\/46460","targetHints":{"allow":["GET"]}}],"collection":[{"href":"https:\/\/radiorevelacionfm.cl\/index.php?rest_route=\/wp\/v2\/posts"}],"about":[{"href":"https:\/\/radiorevelacionfm.cl\/index.php?rest_route=\/wp\/v2\/types\/post"}],"author":[{"embeddable":true,"href":"https:\/\/radiorevelacionfm.cl\/index.php?rest_route=\/wp\/v2\/users\/1"}],"replies":[{"embeddable":true,"href":"https:\/\/radiorevelacionfm.cl\/index.php?rest_route=%2Fwp%2Fv2%2Fcomments&post=46460"}],"version-history":[{"count":1,"href":"https:\/\/radiorevelacionfm.cl\/index.php?rest_route=\/wp\/v2\/posts\/46460\/revisions"}],"predecessor-version":[{"id":46461,"href":"https:\/\/radiorevelacionfm.cl\/index.php?rest_route=\/wp\/v2\/posts\/46460\/revisions\/46461"}],"wp:featuredmedia":[{"embeddable":true,"href":"https:\/\/radiorevelacionfm.cl\/index.php?rest_route=\/wp\/v2\/media\/22908"}],"wp:attachment":[{"href":"https:\/\/radiorevelacionfm.cl\/index.php?rest_route=%2Fwp%2Fv2%2Fmedia&parent=46460"}],"wp:term":[{"taxonomy":"category","embeddable":true,"href":"https:\/\/radiorevelacionfm.cl\/index.php?rest_route=%2Fwp%2Fv2%2Fcategories&post=46460"},{"taxonomy":"post_tag","embeddable":true,"href":"https:\/\/radiorevelacionfm.cl\/index.php?rest_route=%2Fwp%2Fv2%2Ftags&post=46460"}],"curies":[{"name":"wp","href":"https:\/\/api.w.org\/{rel}","templated":true}]}}