{"id":4646,"date":"2021-05-28T18:43:55","date_gmt":"2021-05-28T21:43:55","guid":{"rendered":"https:\/\/radiorevelacionfm.cl\/?p=4646"},"modified":"2021-05-28T18:43:55","modified_gmt":"2021-05-28T21:43:55","slug":"diseno-para-restaurar-monumento-nacional-bodegas-portuarias-de-puerto-ibanez-presenta-un-50-de-avance","status":"publish","type":"post","link":"https:\/\/radiorevelacionfm.cl\/?p=4646","title":{"rendered":"Dise\u00f1o para restaurar Monumento Nacional Bodegas Portuarias de Puerto Ib\u00e1\u00f1ez presenta un 50% de avance"},"content":{"rendered":"<div class=\"flex_column av_one_full  flex_column_div av-zero-column-padding first  avia-builder-el-0  el_before_av_one_full  avia-builder-el-first  \" style='border-radius:0px; '><div  class='avia-image-container  av-styling-    avia-builder-el-1  avia-builder-el-no-sibling  avia-align-center '  itemprop=\"image\" itemscope=\"itemscope\" itemtype=\"https:\/\/schema.org\/ImageObject\"  ><div class='avia-image-container-inner'><div class='avia-image-overlay-wrap'><img decoding=\"async\" class='wp-image-4647 avia-img-lazy-loading-not-4647 avia_image' src=\"https:\/\/radiorevelacionfm.cl\/wp-content\/uploads\/2021\/05\/BODEGAS-1-1.jpg\" alt='' title='BODEGAS (1) (1)' height=\"600\" width=\"800\"  itemprop=\"thumbnailUrl\" srcset=\"https:\/\/radiorevelacionfm.cl\/wp-content\/uploads\/2021\/05\/BODEGAS-1-1.jpg 800w, https:\/\/radiorevelacionfm.cl\/wp-content\/uploads\/2021\/05\/BODEGAS-1-1-300x225.jpg 300w, https:\/\/radiorevelacionfm.cl\/wp-content\/uploads\/2021\/05\/BODEGAS-1-1-768x576.jpg 768w, https:\/\/radiorevelacionfm.cl\/wp-content\/uploads\/2021\/05\/BODEGAS-1-1-705x529.jpg 705w, https:\/\/radiorevelacionfm.cl\/wp-content\/uploads\/2021\/05\/BODEGAS-1-1-600x450.jpg 600w\" sizes=\"(max-width: 800px) 100vw, 800px\" \/><\/div><\/div><\/div><\/div><div class=\"flex_column av_one_full  flex_column_div av-zero-column-padding first  avia-builder-el-2  el_after_av_one_full  el_before_av_one_full  column-top-margin\" style='border-radius:0px; '><section class=\"av_textblock_section \"  itemscope=\"itemscope\" itemtype=\"https:\/\/schema.org\/BlogPosting\" itemprop=\"blogPost\" ><div class='avia_textblock  '   itemprop=\"text\" ><p style=\"text-align: center;\"><strong><span style=\"font-size: 18pt;\">Dise\u00f1o para restaurar Monumento Nacional Bodegas Portuarias de Puerto Ib\u00e1\u00f1ez presenta un 50% de avance<\/span><\/strong><\/p>\n<div id=\"gtx-trans\" style=\"position: absolute; left: -50px; top: 4.31534px;\">\n<div class=\"gtx-trans-icon\"><\/div>\n<\/div>\n<\/div><\/section><\/div><div class=\"flex_column av_one_full  flex_column_div av-zero-column-padding first  avia-builder-el-4  el_after_av_one_full  el_before_av_hr  column-top-margin\" style='border-radius:0px; '><section class=\"av_textblock_section \"  itemscope=\"itemscope\" itemtype=\"https:\/\/schema.org\/BlogPosting\" itemprop=\"blogPost\" ><div class='avia_textblock  '   itemprop=\"text\" ><p style=\"text-align: justify;\">Un importante avance a la fecha presenta la realizaci\u00f3n del Dise\u00f1o para restaurar el Monumento Nacional Bodegas Portuarias ubicado en la localidad de Puerto Ib\u00e1\u00f1ez. As\u00ed lo dio a conocer hoy, el Secretario Regional Ministerial de Obras P\u00fablicas, N\u00e9stor Mera Mu\u00f1oz con ocasi\u00f3n de la celebraci\u00f3n esta semana del D\u00eda del Patrimonio.<\/p>\n<p style=\"text-align: justify;\">La autoridad regional de Obras P\u00fablicas destac\u00f3 la importancia que tiene para el gobierno del presidente Sebasti\u00e1n Pi\u00f1era y para el Ministerio de Obras P\u00fablicas generar Dise\u00f1os y obras que rescaten y pongan en valor nuestro patrimonio regional. \u201cQueremos destacar la identidad y cultura de lugares y obras que se encuentran en diversos sectores de nuestra regi\u00f3n y que para nuestros vecinos son parte fundamental de su historia como comunidad y del territorio donde se emplaza, por esta raz\u00f3n es que en estos tres a\u00f1os y medio de gobierno hemos generado un programa muy completo que diagnostica, identifica, integra y promueve el rescate y puesta en valor de estos sectores y\/o inmuebles y los restauramos para uso de la comunidad y para que sirva de herramienta para\u00a0 impulsar el turismo en esas zonas. Las Bodegas Portuarias ubicadas en la costanera de Puerto Ib\u00e1\u00f1ez,\u00a0 responde justamente a ello, porque fueron parte del proceso de poblamiento de nuestra regi\u00f3n acontecido en 1930 y de la actividad comercial y productiva que se desarrollaba en esa \u00e9poca en la cuenca del lago General Carrera, por lo tanto este Dise\u00f1o que estamos realizando a trav\u00e9s de nuestra Direcci\u00f3n Regional de Arquitectura refleja el patrimonio vivo de esta comunidad y se convertir\u00e1 en un espacio de encuentro para los vecinos \u00a0en torno a la cultura y su historia, as\u00ed como tambi\u00e9n hoy y en el futuro traer\u00e1 empleo y nuevas oportunidades econ\u00f3micas y de emprendimiento para las familias de Puerto Ib\u00e1\u00f1ez\u201d<\/p>\n<p style=\"text-align: justify;\">Este Dise\u00f1o \u00a0cuenta con una inversi\u00f3n del Consejo Regional de Ays\u00e9n a trav\u00e9s del Fondo Nacional de Desarrollo Regional (FNDR) que alcanza los $164 millones y cuenta con 605 d\u00edas de plazo para su ejecuci\u00f3n.<\/p>\n<p style=\"text-align: justify;\">\u201cCon la ejecuci\u00f3n de este Dise\u00f1o, buscamos recuperar estos inmuebles para darles uso para actividades de tipo cultural y de uso p\u00fablico asociadas al hermoso Borde Costero que presenta esta zona de la regi\u00f3n. A esta\u00a0 iniciativa se agregan otros proyectos que forman parte de la Cartera de Inversiones en Patrimonio de la regi\u00f3n de Ays\u00e9n, cuya Unidad T\u00e9cnica es nuestra \u00a0Direcci\u00f3n Regional de Arquitectura MOP y que ya cuentan con financiamiento comprometido. Pr\u00f3ximo a comenzar se encuentra el proceso de Dise\u00f1o para la restauraci\u00f3n del Monumento Nacional Casona Fundacional de la Estancia R\u00edo Cisnes y\u00a0las obras de conservaci\u00f3n y puesta en valor del circuito Cueva de las Manos, sector Jeinimeni, Parque Nacional Patagonia, el que contempla la habilitaci\u00f3n de dos sitios arqueol\u00f3gicos, infraestructura para la recepci\u00f3n de visitantes y administraci\u00f3n por parte de la Corporaci\u00f3n Nacional Forestal, CONAF. Se suma tambi\u00e9n a estos proyectos, el trabajo que estamos realizando para el logro de la recomendaci\u00f3n t\u00e9cnica de dos iniciativas m\u00e1s: El Dise\u00f1o para las obras de protecci\u00f3n y puesta en valor del Monumento Nacional Paso\u00a0San Carlos en la comuna de Cochrane y para las obras de restauraci\u00f3n del edificio patrimonial Casa Hopperdietzel en la comuna de Cisnes, labor coordinada con el Municipio de Cisnes y la comunidad local, y que busca recuperar este inmueble para albergar un Museo Comunitario\u201d, concluy\u00f3 el Director Regional de Arquitectura del MOP Claudio Correa Barahona.<\/p>\n<\/div><\/section><\/div><div  style='height:50px' class='hr hr-invisible   avia-builder-el-6  el_after_av_one_full  el_before_av_social_share '><span class='hr-inner ' ><span class='hr-inner-style'><\/span><\/span><\/div><\/p>\n<div  class='av-social-sharing-box  avia-builder-el-7  el_after_av_hr  el_before_av_hr  '><div class='av-share-box'><h5 class='av-share-link-description av-no-toc '>Compartir esta noticia<\/h5><ul class='av-share-box-list noLightbox'><li class='av-share-link av-social-link-facebook' ><a target=\"_blank\" aria-label=\"Compartir en Facebook\" href='https:\/\/www.facebook.com\/sharer.php?u=https:\/\/radiorevelacionfm.cl\/?p=4646&#038;t=Dise%C3%B1o%20para%20restaurar%20Monumento%20Nacional%20Bodegas%20Portuarias%20de%20Puerto%20Ib%C3%A1%C3%B1ez%20presenta%20un%2050%25%20de%20avance' aria-hidden='false' data-av_icon='\ue8f3' data-av_iconfont='entypo-fontello' title='' data-avia-related-tooltip='Compartir en Facebook' rel=\"noopener\"><span class='avia_hidden_link_text'>Compartir en Facebook<\/span><\/a><\/li><li class='av-share-link av-social-link-twitter' ><a target=\"_blank\" aria-label=\"Compartir en Twitter\" href='https:\/\/twitter.com\/share?text=Dise%C3%B1o%20para%20restaurar%20Monumento%20Nacional%20Bodegas%20Portuarias%20de%20Puerto%20Ib%C3%A1%C3%B1ez%20presenta%20un%2050%25%20de%20avance&#038;url=https:\/\/radiorevelacionfm.cl\/?p=4646' aria-hidden='false' data-av_icon='\ue8f1' data-av_iconfont='entypo-fontello' title='' data-avia-related-tooltip='Compartir en Twitter' rel=\"noopener\"><span class='avia_hidden_link_text'>Compartir en Twitter<\/span><\/a><\/li><li class='av-share-link av-social-link-whatsapp' ><a target=\"_blank\" aria-label=\"Compartir en Whatsapp\" href='https:\/\/api.whatsapp.com\/send?text=https:\/\/radiorevelacionfm.cl\/?p=4646' aria-hidden='false' data-av_icon='\uf232' data-av_iconfont='entypo-fontello' title='' data-avia-related-tooltip='Compartir en Whatsapp' rel=\"noopener\"><span class='avia_hidden_link_text'>Compartir en Whatsapp<\/span><\/a><\/li><li class='av-share-link av-social-link-linkedin' ><a target=\"_blank\" aria-label=\"Compartir en LinkedIn\" href='https:\/\/linkedin.com\/shareArticle?mini=true&#038;title=Dise%C3%B1o%20para%20restaurar%20Monumento%20Nacional%20Bodegas%20Portuarias%20de%20Puerto%20Ib%C3%A1%C3%B1ez%20presenta%20un%2050%25%20de%20avance&#038;url=https:\/\/radiorevelacionfm.cl\/?p=4646' aria-hidden='false' data-av_icon='\ue8fc' data-av_iconfont='entypo-fontello' title='' data-avia-related-tooltip='Compartir en LinkedIn' rel=\"noopener\"><span class='avia_hidden_link_text'>Compartir en LinkedIn<\/span><\/a><\/li><li class='av-share-link av-social-link-mail' ><a  aria-label=\"Compartir por correo\" href='mailto:?subject=Dise%C3%B1o%20para%20restaurar%20Monumento%20Nacional%20Bodegas%20Portuarias%20de%20Puerto%20Ib%C3%A1%C3%B1ez%20presenta%20un%2050%25%20de%20avance&#038;body=https:\/\/radiorevelacionfm.cl\/?p=4646' aria-hidden='false' data-av_icon='\ue805' data-av_iconfont='entypo-fontello' title='' data-avia-related-tooltip='Compartir por correo'><span class='avia_hidden_link_text'>Compartir por correo<\/span><\/a><\/li><\/ul><\/div><\/div>\n<div  style='height:50px' class='hr hr-invisible   avia-builder-el-8  el_after_av_social_share  el_before_av_comments_list '><span class='hr-inner ' ><span class='hr-inner-style'><\/span><\/span><\/div>\n<div  class='av-buildercomment  av-blog-meta-html-info-disabled av-blog-meta-tag-disabled  '><\/div>\n","protected":false},"excerpt":{"rendered":"","protected":false},"author":1,"featured_media":4647,"comment_status":"open","ping_status":"open","sticky":false,"template":"","format":"standard","meta":{"footnotes":""},"categories":[38],"tags":[],"class_list":["post-4646","post","type-post","status-publish","format-standard","has-post-thumbnail","hentry","category-regional"],"jetpack_featured_media_url":"https:\/\/radiorevelacionfm.cl\/wp-content\/uploads\/2021\/05\/BODEGAS-1-1.jpg","_links":{"self":[{"href":"https:\/\/radiorevelacionfm.cl\/index.php?rest_route=\/wp\/v2\/posts\/4646","targetHints":{"allow":["GET"]}}],"collection":[{"href":"https:\/\/radiorevelacionfm.cl\/index.php?rest_route=\/wp\/v2\/posts"}],"about":[{"href":"https:\/\/radiorevelacionfm.cl\/index.php?rest_route=\/wp\/v2\/types\/post"}],"author":[{"embeddable":true,"href":"https:\/\/radiorevelacionfm.cl\/index.php?rest_route=\/wp\/v2\/users\/1"}],"replies":[{"embeddable":true,"href":"https:\/\/radiorevelacionfm.cl\/index.php?rest_route=%2Fwp%2Fv2%2Fcomments&post=4646"}],"version-history":[{"count":1,"href":"https:\/\/radiorevelacionfm.cl\/index.php?rest_route=\/wp\/v2\/posts\/4646\/revisions"}],"predecessor-version":[{"id":4648,"href":"https:\/\/radiorevelacionfm.cl\/index.php?rest_route=\/wp\/v2\/posts\/4646\/revisions\/4648"}],"wp:featuredmedia":[{"embeddable":true,"href":"https:\/\/radiorevelacionfm.cl\/index.php?rest_route=\/wp\/v2\/media\/4647"}],"wp:attachment":[{"href":"https:\/\/radiorevelacionfm.cl\/index.php?rest_route=%2Fwp%2Fv2%2Fmedia&parent=4646"}],"wp:term":[{"taxonomy":"category","embeddable":true,"href":"https:\/\/radiorevelacionfm.cl\/index.php?rest_route=%2Fwp%2Fv2%2Fcategories&post=4646"},{"taxonomy":"post_tag","embeddable":true,"href":"https:\/\/radiorevelacionfm.cl\/index.php?rest_route=%2Fwp%2Fv2%2Ftags&post=4646"}],"curies":[{"name":"wp","href":"https:\/\/api.w.org\/{rel}","templated":true}]}}