{"id":46457,"date":"2024-09-25T21:26:08","date_gmt":"2024-09-26T00:26:08","guid":{"rendered":"https:\/\/radiorevelacionfm.cl\/?p=46457"},"modified":"2024-09-25T21:26:08","modified_gmt":"2024-09-26T00:26:08","slug":"red-cultura-financia-elaboracion-de-planes-de-gestion-de-casa-alerce-y-espacio-abierto-en-puerto-aysen","status":"publish","type":"post","link":"https:\/\/radiorevelacionfm.cl\/?p=46457","title":{"rendered":"Red Cultura financia elaboraci\u00f3n de planes de gesti\u00f3n de Casa Alerce y Espacio Abierto en Puerto Ays\u00e9n"},"content":{"rendered":"<div class=\"flex_column av_one_full  flex_column_div av-zero-column-padding first  avia-builder-el-0  el_before_av_one_full  avia-builder-el-first  \" style='border-radius:0px; '><div  class='avia-image-container  av-styling-    avia-builder-el-1  avia-builder-el-no-sibling  avia-align-center '  itemprop=\"image\" itemscope=\"itemscope\" itemtype=\"https:\/\/schema.org\/ImageObject\"  ><div class='avia-image-container-inner'><div class='avia-image-overlay-wrap'><img decoding=\"async\" class='wp-image-46458 avia-img-lazy-loading-not-46458 avia_image' src=\"https:\/\/radiorevelacionfm.cl\/wp-content\/uploads\/2024\/09\/casaalerce-taller-aaee4-1_optimized.jpg\" alt='' title='casaalerce-taller-aaee4-(1)_optimized' height=\"600\" width=\"899\"  itemprop=\"thumbnailUrl\" srcset=\"https:\/\/radiorevelacionfm.cl\/wp-content\/uploads\/2024\/09\/casaalerce-taller-aaee4-1_optimized.jpg 899w, https:\/\/radiorevelacionfm.cl\/wp-content\/uploads\/2024\/09\/casaalerce-taller-aaee4-1_optimized-300x200.jpg 300w, https:\/\/radiorevelacionfm.cl\/wp-content\/uploads\/2024\/09\/casaalerce-taller-aaee4-1_optimized-768x513.jpg 768w, https:\/\/radiorevelacionfm.cl\/wp-content\/uploads\/2024\/09\/casaalerce-taller-aaee4-1_optimized-705x471.jpg 705w, https:\/\/radiorevelacionfm.cl\/wp-content\/uploads\/2024\/09\/casaalerce-taller-aaee4-1_optimized-450x300.jpg 450w, https:\/\/radiorevelacionfm.cl\/wp-content\/uploads\/2024\/09\/casaalerce-taller-aaee4-1_optimized-600x400.jpg 600w\" sizes=\"(max-width: 899px) 100vw, 899px\" \/><\/div><\/div><\/div><\/div><div class=\"flex_column av_one_full  flex_column_div av-zero-column-padding first  avia-builder-el-2  el_after_av_one_full  el_before_av_one_full  column-top-margin\" style='border-radius:0px; '><section class=\"av_textblock_section \"  itemscope=\"itemscope\" itemtype=\"https:\/\/schema.org\/BlogPosting\" itemprop=\"blogPost\" ><div class='avia_textblock  '   itemprop=\"text\" ><div style=\"text-align: center;\"><\/div>\n<div>\n<div style=\"text-align: center;\"><span style=\"font-size: 18pt;\"><b>Red Cultura financia elaboraci\u00f3n de planes de gesti\u00f3n de Casa Alerce y Espacio Abierto en Puerto Ays\u00e9n<\/b><\/span><\/div>\n<\/div>\n<div id=\"gtx-trans\" style=\"position: absolute; left: -50px; top: 4.31534px;\">\n<div class=\"gtx-trans-icon\"><\/div>\n<\/div>\n<\/div><\/section><\/div><div class=\"flex_column av_one_full  flex_column_div av-zero-column-padding first  avia-builder-el-4  el_after_av_one_full  el_before_av_hr  column-top-margin\" style='border-radius:0px; '><section class=\"av_textblock_section \"  itemscope=\"itemscope\" itemtype=\"https:\/\/schema.org\/BlogPosting\" itemprop=\"blogPost\" ><div class='avia_textblock  '   itemprop=\"text\" ><p style=\"text-align: justify;\">\u00abPara que la cultura y los contenidos lleguen de manera adecuada a las audiencias, es muy importante que los espacios cuenten con planes de gesti\u00f3n. Esto ordena el trabajo cultural y sostiene una hoja de ruta\u00bb. As\u00ed expone el Seremi de Culturas Ays\u00e9n, Felipe Quiroz, la importancia del trabajo que el programa Red Cultura del Ministerio de las Culturas est\u00e1 desarrollando con los espacios autogestionados en Puerto Ays\u00e9n, Casa Alerce y Espacio Abierto. Quiroz dice que \u00abbuscamos fortalecer su gesti\u00f3n y favorecer una parrilla program\u00e1tica atractiva y un plan de gesti\u00f3n que respalde todo el trabajo que hay detr\u00e1s de las iniciativas\u00bb.<\/p>\n<p style=\"text-align: justify;\">Red Cultura, programa alojado en la Unidad de Ciudadan\u00eda Cultural de la Seremi de Culturas Ays\u00e9n, trabaja la vinculaci\u00f3n entre la comunidad y el sector cultural, acerca a los gobiernos locales y relaciona los espacios culturales con los habitantes de cada localidad.<\/p>\n<p style=\"text-align: justify;\">Para Pedro Urbano, parte del equipo de Casa Alerce en Puerto Ays\u00e9n, este proyecto piloto\u00a0 y el trabajo con Red Cultura \u00abfue muy enriquecedor para nuestra organizaci\u00f3n. Para el centro cultural contar con un plan de gesti\u00f3n nos permite visualizar y proyectarnos en el tiempo, en este caso, cuatro a\u00f1os de plazo; tambi\u00e9n ordenarnos, saber para d\u00f3nde vamos y lo que necesitamos; tambi\u00e9n tener conciencia de lo que hemos hecho y lo que hemos logrado. Y por otra parte, y creo que es lo m\u00e1s importante, tambi\u00e9n nos permiti\u00f3 generar una herramienta que surge a partir de las\u00a0 comunidades. Tuvimos distintos encuentros con distintos grupos: adultos mayores, p\u00fablicos cautivos, colaboradores de la casa, establecimientos educacionales, en donde logramos identificar las necesidades y las expectativas, la visi\u00f3n que tienen ellos en miras del desarrollo art\u00edstico cultural ac\u00e1 en Puerto Ays\u00e9n\u00bb.<\/p>\n<p style=\"text-align: justify;\">Jimena Mu\u00f1oz, de Espacio Abierto, piensa que \u00abla importancia de Red Cultura radica precisamente en que ellos fueron quienes nos descubrieron, ellos descubrieron la existencia de este centro cultural autogestionado. Al principio no comprend\u00edamos toda la relevancia de contar con un plan de gesti\u00f3n porque todo era para nosotros nuevo, pero con la participaci\u00f3n y el desarrollo del instrumento nos dimos cuenta del impacto que este genera. Agradecemos que nos hayan hecho sentir que no estamos solos como artistas.\u00bb<\/p>\n<\/div><\/section><\/div><div  style='height:50px' class='hr hr-invisible   avia-builder-el-6  el_after_av_one_full  el_before_av_social_share '><span class='hr-inner ' ><span class='hr-inner-style'><\/span><\/span><\/div><\/p>\n<div  class='av-social-sharing-box  avia-builder-el-7  el_after_av_hr  el_before_av_hr  '><div class='av-share-box'><h5 class='av-share-link-description av-no-toc '>Compartir esta noticia<\/h5><ul class='av-share-box-list noLightbox'><li class='av-share-link av-social-link-facebook' ><a target=\"_blank\" aria-label=\"Compartir en Facebook\" href='https:\/\/www.facebook.com\/sharer.php?u=https:\/\/radiorevelacionfm.cl\/?p=46457&#038;t=Red%20Cultura%20financia%20elaboraci%C3%B3n%20de%20planes%20de%20gesti%C3%B3n%20de%20Casa%20Alerce%20y%20Espacio%20Abierto%20en%20Puerto%20Ays%C3%A9n' aria-hidden='false' data-av_icon='\ue8f3' data-av_iconfont='entypo-fontello' title='' data-avia-related-tooltip='Compartir en Facebook' rel=\"noopener\"><span class='avia_hidden_link_text'>Compartir en Facebook<\/span><\/a><\/li><li class='av-share-link av-social-link-twitter' ><a target=\"_blank\" aria-label=\"Compartir en Twitter\" href='https:\/\/twitter.com\/share?text=Red%20Cultura%20financia%20elaboraci%C3%B3n%20de%20planes%20de%20gesti%C3%B3n%20de%20Casa%20Alerce%20y%20Espacio%20Abierto%20en%20Puerto%20Ays%C3%A9n&#038;url=https:\/\/radiorevelacionfm.cl\/?p=46457' aria-hidden='false' data-av_icon='\ue8f1' data-av_iconfont='entypo-fontello' title='' data-avia-related-tooltip='Compartir en Twitter' rel=\"noopener\"><span class='avia_hidden_link_text'>Compartir en Twitter<\/span><\/a><\/li><li class='av-share-link av-social-link-whatsapp' ><a target=\"_blank\" aria-label=\"Compartir en Whatsapp\" href='https:\/\/api.whatsapp.com\/send?text=https:\/\/radiorevelacionfm.cl\/?p=46457' aria-hidden='false' data-av_icon='\uf232' data-av_iconfont='entypo-fontello' title='' data-avia-related-tooltip='Compartir en Whatsapp' rel=\"noopener\"><span class='avia_hidden_link_text'>Compartir en Whatsapp<\/span><\/a><\/li><li class='av-share-link av-social-link-linkedin' ><a target=\"_blank\" aria-label=\"Compartir en LinkedIn\" href='https:\/\/linkedin.com\/shareArticle?mini=true&#038;title=Red%20Cultura%20financia%20elaboraci%C3%B3n%20de%20planes%20de%20gesti%C3%B3n%20de%20Casa%20Alerce%20y%20Espacio%20Abierto%20en%20Puerto%20Ays%C3%A9n&#038;url=https:\/\/radiorevelacionfm.cl\/?p=46457' aria-hidden='false' data-av_icon='\ue8fc' data-av_iconfont='entypo-fontello' title='' data-avia-related-tooltip='Compartir en LinkedIn' rel=\"noopener\"><span class='avia_hidden_link_text'>Compartir en LinkedIn<\/span><\/a><\/li><li class='av-share-link av-social-link-mail' ><a  aria-label=\"Compartir por correo\" href='mailto:?subject=Red%20Cultura%20financia%20elaboraci%C3%B3n%20de%20planes%20de%20gesti%C3%B3n%20de%20Casa%20Alerce%20y%20Espacio%20Abierto%20en%20Puerto%20Ays%C3%A9n&#038;body=https:\/\/radiorevelacionfm.cl\/?p=46457' aria-hidden='false' data-av_icon='\ue805' data-av_iconfont='entypo-fontello' title='' data-avia-related-tooltip='Compartir por correo'><span class='avia_hidden_link_text'>Compartir por correo<\/span><\/a><\/li><\/ul><\/div><\/div>\n<div  style='height:50px' class='hr hr-invisible   avia-builder-el-8  el_after_av_social_share  el_before_av_comments_list '><span class='hr-inner ' ><span class='hr-inner-style'><\/span><\/span><\/div>\n<div  class='av-buildercomment  av-blog-meta-html-info-disabled av-blog-meta-tag-disabled  '><\/div>\n","protected":false},"excerpt":{"rendered":"","protected":false},"author":1,"featured_media":46458,"comment_status":"open","ping_status":"open","sticky":false,"template":"","format":"standard","meta":{"footnotes":""},"categories":[52],"tags":[],"class_list":["post-46457","post","type-post","status-publish","format-standard","has-post-thumbnail","hentry","category-cultura"],"jetpack_featured_media_url":"https:\/\/radiorevelacionfm.cl\/wp-content\/uploads\/2024\/09\/casaalerce-taller-aaee4-1_optimized.jpg","_links":{"self":[{"href":"https:\/\/radiorevelacionfm.cl\/index.php?rest_route=\/wp\/v2\/posts\/46457","targetHints":{"allow":["GET"]}}],"collection":[{"href":"https:\/\/radiorevelacionfm.cl\/index.php?rest_route=\/wp\/v2\/posts"}],"about":[{"href":"https:\/\/radiorevelacionfm.cl\/index.php?rest_route=\/wp\/v2\/types\/post"}],"author":[{"embeddable":true,"href":"https:\/\/radiorevelacionfm.cl\/index.php?rest_route=\/wp\/v2\/users\/1"}],"replies":[{"embeddable":true,"href":"https:\/\/radiorevelacionfm.cl\/index.php?rest_route=%2Fwp%2Fv2%2Fcomments&post=46457"}],"version-history":[{"count":1,"href":"https:\/\/radiorevelacionfm.cl\/index.php?rest_route=\/wp\/v2\/posts\/46457\/revisions"}],"predecessor-version":[{"id":46459,"href":"https:\/\/radiorevelacionfm.cl\/index.php?rest_route=\/wp\/v2\/posts\/46457\/revisions\/46459"}],"wp:featuredmedia":[{"embeddable":true,"href":"https:\/\/radiorevelacionfm.cl\/index.php?rest_route=\/wp\/v2\/media\/46458"}],"wp:attachment":[{"href":"https:\/\/radiorevelacionfm.cl\/index.php?rest_route=%2Fwp%2Fv2%2Fmedia&parent=46457"}],"wp:term":[{"taxonomy":"category","embeddable":true,"href":"https:\/\/radiorevelacionfm.cl\/index.php?rest_route=%2Fwp%2Fv2%2Fcategories&post=46457"},{"taxonomy":"post_tag","embeddable":true,"href":"https:\/\/radiorevelacionfm.cl\/index.php?rest_route=%2Fwp%2Fv2%2Ftags&post=46457"}],"curies":[{"name":"wp","href":"https:\/\/api.w.org\/{rel}","templated":true}]}}