{"id":46454,"date":"2024-09-25T17:41:47","date_gmt":"2024-09-25T20:41:47","guid":{"rendered":"https:\/\/radiorevelacionfm.cl\/?p=46454"},"modified":"2024-09-25T17:41:47","modified_gmt":"2024-09-25T20:41:47","slug":"joven-aysenina-representara-a-la-region-en-importante-feria-cientifica-de-paraguay","status":"publish","type":"post","link":"https:\/\/radiorevelacionfm.cl\/?p=46454","title":{"rendered":"Joven aysenina representar\u00e1 a la regi\u00f3n en importante feria cient\u00edfica de Paraguay"},"content":{"rendered":"<div class=\"flex_column av_one_full  flex_column_div av-zero-column-padding first  avia-builder-el-0  el_before_av_one_full  avia-builder-el-first  \" style='border-radius:0px; '><div  class='avia-image-container  av-styling-    avia-builder-el-1  avia-builder-el-no-sibling  avia-align-center '  itemprop=\"image\" itemscope=\"itemscope\" itemtype=\"https:\/\/schema.org\/ImageObject\"  ><div class='avia-image-container-inner'><div class='avia-image-overlay-wrap'><img decoding=\"async\" class='wp-image-46455 avia-img-lazy-loading-not-46455 avia_image' src=\"https:\/\/radiorevelacionfm.cl\/wp-content\/uploads\/2024\/09\/FOTO-2-55-1-1.jpg\" alt='' title='FOTO 2 (55) (1) (1)' height=\"645\" width=\"804\"  itemprop=\"thumbnailUrl\" srcset=\"https:\/\/radiorevelacionfm.cl\/wp-content\/uploads\/2024\/09\/FOTO-2-55-1-1.jpg 804w, https:\/\/radiorevelacionfm.cl\/wp-content\/uploads\/2024\/09\/FOTO-2-55-1-1-300x241.jpg 300w, https:\/\/radiorevelacionfm.cl\/wp-content\/uploads\/2024\/09\/FOTO-2-55-1-1-768x616.jpg 768w, https:\/\/radiorevelacionfm.cl\/wp-content\/uploads\/2024\/09\/FOTO-2-55-1-1-705x566.jpg 705w, https:\/\/radiorevelacionfm.cl\/wp-content\/uploads\/2024\/09\/FOTO-2-55-1-1-450x361.jpg 450w, https:\/\/radiorevelacionfm.cl\/wp-content\/uploads\/2024\/09\/FOTO-2-55-1-1-600x481.jpg 600w\" sizes=\"(max-width: 804px) 100vw, 804px\" \/><\/div><\/div><\/div><\/div><div class=\"flex_column av_one_full  flex_column_div av-zero-column-padding first  avia-builder-el-2  el_after_av_one_full  el_before_av_one_full  column-top-margin\" style='border-radius:0px; '><section class=\"av_textblock_section \"  itemscope=\"itemscope\" itemtype=\"https:\/\/schema.org\/BlogPosting\" itemprop=\"blogPost\" ><div class='avia_textblock  '   itemprop=\"text\" ><p style=\"text-align: center;\"><strong><span style=\"font-size: 18pt;\">Joven aysenina representar\u00e1 a la regi\u00f3n en importante feria cient\u00edfica de Paraguay<\/span><\/strong><\/p>\n<div id=\"gtx-trans\" style=\"position: absolute; left: -50px; top: 4.31534px;\">\n<div class=\"gtx-trans-icon\"><\/div>\n<\/div>\n<\/div><\/section><\/div><div class=\"flex_column av_one_full  flex_column_div av-zero-column-padding first  avia-builder-el-4  el_after_av_one_full  el_before_av_hr  column-top-margin\" style='border-radius:0px; '><section class=\"av_textblock_section \"  itemscope=\"itemscope\" itemtype=\"https:\/\/schema.org\/BlogPosting\" itemprop=\"blogPost\" ><div class='avia_textblock  '   itemprop=\"text\" ><p style=\"text-align: justify;\"><em>La estudiante estar\u00e1 por una semana y presentar\u00e1 su proyecto enfocado en los modos de vida de los canoeros.<\/em><\/p>\n<p style=\"text-align: justify;\">Florencia Sol\u00eds Garc\u00eda, joven estudiante del Liceo Bicentenario Altos del Mackay,\u00a0 participar\u00e1 en la Feria Cient\u00edfica y Tecnol\u00f3gica Internacional CIENCAP, plataforma que re\u00fane a estudiantes, investigadores y profesionales para compartir conocimientos y proyectos innovadores en ciencia y tecnolog\u00eda. Se lleva a cabo anualmente en Asunci\u00f3n, Paraguay, y ha crecido hasta convertirse en un evento internacional que atrae a participantes de diferentes pa\u00edses del mundo.<\/p>\n<p style=\"text-align: justify;\">La Feria CIENCAP tiene por objetivos fomentar la innovaci\u00f3n y el emprendimiento en \u00e1reas como ciencias exactas, tecnolog\u00eda, ingenier\u00eda y matem\u00e1ticas, y estimular la colaboraci\u00f3n y el intercambio de ideas entre estudiantes, investigadores y profesionales.<\/p>\n<p style=\"text-align: justify;\">La joven estudiante llegar\u00e1 hasta Asunci\u00f3n en octubre del presente a\u00f1o, \u00a0luego de adjudicarse un premio en el congreso ValdiCiencias el a\u00f1o 2023, representando a su establecimiento educacional \u00a0con su proyecto \u201c<em>Persistencias de modos de vida de canoeros en el \u00e1rea de fiordos, zona norte de la regi\u00f3n de Ays\u00e9n<\/em>\u201d.<\/p>\n<p style=\"text-align: justify;\">\u201cLa importancia de los establecimientos educacionales no solo radica en su rol formador, sino tambi\u00e9n en su capacidad para fomentar el desarrollo de la curiosidad y el pensamiento cr\u00edtico en las juventudes. Es por esto que destacamos enormemente el que, dentro de las escuelas y liceos permitan que estudiantes puedan explorar sus intereses, generar nuevas ideas y soluciones a los desaf\u00edos que enfrentan sus comunidades. Estos espacios se convierten en una plataforma clave para cultivar futuros l\u00edderes y lideresas, enriqueciendo tanto su aprendizaje como su contribuci\u00f3n al bienestar social y cient\u00edfico del pa\u00eds2, sostuvo el Director Regional de INJUV Ays\u00e9n, Camilo Trivi\u00f1o Urtubia.<\/p>\n<p style=\"text-align: justify;\">\u201cFlorencia ha realizado un trabajo social acucioso donde ha aprendido sobre metodolog\u00edas de investigaci\u00f3n, etnograf\u00eda, historia acerca de los chonos, un pueblo que hoy se considera extinto de la regi\u00f3n de Ays\u00e9n y luch\u00f3 sobre las comunidades costeras actuales en los fiordos de Ays\u00e9n, pero lo m\u00e1s importante, ha aprendido\u00a0mucho sobre c\u00f3mo comunicar lo que aprende, lo que la ha llevado a obtener la atenci\u00f3n y el reconocimiento de un p\u00fablico que vio en su historia un aporte al conocimiento y al futuro de estas mismas comunidades. Estamos muy orgullosos de su entrega y dedicaci\u00f3n al bienestar de la comunidad y su propia formaci\u00f3n\u201d, afirm\u00f3 el docente del Liceo Bicentenario Altos del Mackay, Luis L\u00f3pez Saravia.<\/p>\n<p style=\"text-align: justify;\">Finalmente la estudiante Florencia Sol\u00eds Garc\u00eda, indic\u00f3 que \u201cme siento s\u00faper orgullosa y s\u00faper feliz, de verdad creo que es un desaf\u00edo muy bac\u00e1n, en el t\u00e9rmino que me va a poder\u00a0 hacer explorar cosas que nunca he hecho antes,\u00a0 como viajar sola y a otro pa\u00eds y representar a la ciencia, \u00a0que es lo que m\u00e1s me motiva, poder hacer que la gente conozca la regi\u00f3n y conozca las pasiones que todo el mundo tiene, poder hacer que el litoral se difunda y que las personas conozcan respecto a su regi\u00f3n para mi es sumamente importante, estoy s\u00faper orgullosa\u201d.<\/p>\n<\/div><\/section><\/div><div  style='height:50px' class='hr hr-invisible   avia-builder-el-6  el_after_av_one_full  el_before_av_social_share '><span class='hr-inner ' ><span class='hr-inner-style'><\/span><\/span><\/div><\/p>\n<div  class='av-social-sharing-box  avia-builder-el-7  el_after_av_hr  el_before_av_hr  '><div class='av-share-box'><h5 class='av-share-link-description av-no-toc '>Compartir esta noticia<\/h5><ul class='av-share-box-list noLightbox'><li class='av-share-link av-social-link-facebook' ><a target=\"_blank\" aria-label=\"Compartir en Facebook\" href='https:\/\/www.facebook.com\/sharer.php?u=https:\/\/radiorevelacionfm.cl\/?p=46454&#038;t=Joven%20aysenina%20representar%C3%A1%20a%20la%20regi%C3%B3n%20en%20importante%20feria%20cient%C3%ADfica%20de%20Paraguay' aria-hidden='false' data-av_icon='\ue8f3' data-av_iconfont='entypo-fontello' title='' data-avia-related-tooltip='Compartir en Facebook' rel=\"noopener\"><span class='avia_hidden_link_text'>Compartir en Facebook<\/span><\/a><\/li><li class='av-share-link av-social-link-twitter' ><a target=\"_blank\" aria-label=\"Compartir en Twitter\" href='https:\/\/twitter.com\/share?text=Joven%20aysenina%20representar%C3%A1%20a%20la%20regi%C3%B3n%20en%20importante%20feria%20cient%C3%ADfica%20de%20Paraguay&#038;url=https:\/\/radiorevelacionfm.cl\/?p=46454' aria-hidden='false' data-av_icon='\ue8f1' data-av_iconfont='entypo-fontello' title='' data-avia-related-tooltip='Compartir en Twitter' rel=\"noopener\"><span class='avia_hidden_link_text'>Compartir en Twitter<\/span><\/a><\/li><li class='av-share-link av-social-link-whatsapp' ><a target=\"_blank\" aria-label=\"Compartir en Whatsapp\" href='https:\/\/api.whatsapp.com\/send?text=https:\/\/radiorevelacionfm.cl\/?p=46454' aria-hidden='false' data-av_icon='\uf232' data-av_iconfont='entypo-fontello' title='' data-avia-related-tooltip='Compartir en Whatsapp' rel=\"noopener\"><span class='avia_hidden_link_text'>Compartir en Whatsapp<\/span><\/a><\/li><li class='av-share-link av-social-link-linkedin' ><a target=\"_blank\" aria-label=\"Compartir en LinkedIn\" href='https:\/\/linkedin.com\/shareArticle?mini=true&#038;title=Joven%20aysenina%20representar%C3%A1%20a%20la%20regi%C3%B3n%20en%20importante%20feria%20cient%C3%ADfica%20de%20Paraguay&#038;url=https:\/\/radiorevelacionfm.cl\/?p=46454' aria-hidden='false' data-av_icon='\ue8fc' data-av_iconfont='entypo-fontello' title='' data-avia-related-tooltip='Compartir en LinkedIn' rel=\"noopener\"><span class='avia_hidden_link_text'>Compartir en LinkedIn<\/span><\/a><\/li><li class='av-share-link av-social-link-mail' ><a  aria-label=\"Compartir por correo\" href='mailto:?subject=Joven%20aysenina%20representar%C3%A1%20a%20la%20regi%C3%B3n%20en%20importante%20feria%20cient%C3%ADfica%20de%20Paraguay&#038;body=https:\/\/radiorevelacionfm.cl\/?p=46454' aria-hidden='false' data-av_icon='\ue805' data-av_iconfont='entypo-fontello' title='' data-avia-related-tooltip='Compartir por correo'><span class='avia_hidden_link_text'>Compartir por correo<\/span><\/a><\/li><\/ul><\/div><\/div>\n<div  style='height:50px' class='hr hr-invisible   avia-builder-el-8  el_after_av_social_share  el_before_av_comments_list '><span class='hr-inner ' ><span class='hr-inner-style'><\/span><\/span><\/div>\n<div  class='av-buildercomment  av-blog-meta-html-info-disabled av-blog-meta-tag-disabled  '><\/div>\n","protected":false},"excerpt":{"rendered":"","protected":false},"author":1,"featured_media":46455,"comment_status":"open","ping_status":"open","sticky":false,"template":"","format":"standard","meta":{"footnotes":""},"categories":[38],"tags":[],"class_list":["post-46454","post","type-post","status-publish","format-standard","has-post-thumbnail","hentry","category-regional"],"jetpack_featured_media_url":"https:\/\/radiorevelacionfm.cl\/wp-content\/uploads\/2024\/09\/FOTO-2-55-1-1.jpg","_links":{"self":[{"href":"https:\/\/radiorevelacionfm.cl\/index.php?rest_route=\/wp\/v2\/posts\/46454","targetHints":{"allow":["GET"]}}],"collection":[{"href":"https:\/\/radiorevelacionfm.cl\/index.php?rest_route=\/wp\/v2\/posts"}],"about":[{"href":"https:\/\/radiorevelacionfm.cl\/index.php?rest_route=\/wp\/v2\/types\/post"}],"author":[{"embeddable":true,"href":"https:\/\/radiorevelacionfm.cl\/index.php?rest_route=\/wp\/v2\/users\/1"}],"replies":[{"embeddable":true,"href":"https:\/\/radiorevelacionfm.cl\/index.php?rest_route=%2Fwp%2Fv2%2Fcomments&post=46454"}],"version-history":[{"count":1,"href":"https:\/\/radiorevelacionfm.cl\/index.php?rest_route=\/wp\/v2\/posts\/46454\/revisions"}],"predecessor-version":[{"id":46456,"href":"https:\/\/radiorevelacionfm.cl\/index.php?rest_route=\/wp\/v2\/posts\/46454\/revisions\/46456"}],"wp:featuredmedia":[{"embeddable":true,"href":"https:\/\/radiorevelacionfm.cl\/index.php?rest_route=\/wp\/v2\/media\/46455"}],"wp:attachment":[{"href":"https:\/\/radiorevelacionfm.cl\/index.php?rest_route=%2Fwp%2Fv2%2Fmedia&parent=46454"}],"wp:term":[{"taxonomy":"category","embeddable":true,"href":"https:\/\/radiorevelacionfm.cl\/index.php?rest_route=%2Fwp%2Fv2%2Fcategories&post=46454"},{"taxonomy":"post_tag","embeddable":true,"href":"https:\/\/radiorevelacionfm.cl\/index.php?rest_route=%2Fwp%2Fv2%2Ftags&post=46454"}],"curies":[{"name":"wp","href":"https:\/\/api.w.org\/{rel}","templated":true}]}}