{"id":46450,"date":"2024-09-25T15:52:27","date_gmt":"2024-09-25T18:52:27","guid":{"rendered":"https:\/\/radiorevelacionfm.cl\/?p=46450"},"modified":"2024-09-25T15:52:27","modified_gmt":"2024-09-25T18:52:27","slug":"condenan-a-5-anos-y-un-dia-de-presidio-a-autor-de-trafico-de-drogas-via-encomienda","status":"publish","type":"post","link":"https:\/\/radiorevelacionfm.cl\/?p=46450","title":{"rendered":"Condenan a 5 a\u00f1os y un d\u00eda de presidio a autor de tr\u00e1fico de drogas v\u00eda encomienda"},"content":{"rendered":"<div class=\"flex_column av_one_full  flex_column_div av-zero-column-padding first  avia-builder-el-0  el_before_av_one_full  avia-builder-el-first  \" style='border-radius:0px; '><div  class='avia-image-container  av-styling-    avia-builder-el-1  avia-builder-el-no-sibling  avia-align-center '  itemprop=\"image\" itemscope=\"itemscope\" itemtype=\"https:\/\/schema.org\/ImageObject\"  ><div class='avia-image-container-inner'><div class='avia-image-overlay-wrap'><img decoding=\"async\" class='wp-image-43253 avia-img-lazy-loading-not-43253 avia_image' src=\"https:\/\/radiorevelacionfm.cl\/wp-content\/uploads\/2024\/06\/foto-garantia-1_optimized-1.jpg\" alt='' title='foto-garantia-(1)_optimized (1)' height=\"600\" width=\"1187\"  itemprop=\"thumbnailUrl\" srcset=\"https:\/\/radiorevelacionfm.cl\/wp-content\/uploads\/2024\/06\/foto-garantia-1_optimized-1.jpg 1187w, https:\/\/radiorevelacionfm.cl\/wp-content\/uploads\/2024\/06\/foto-garantia-1_optimized-1-300x152.jpg 300w, https:\/\/radiorevelacionfm.cl\/wp-content\/uploads\/2024\/06\/foto-garantia-1_optimized-1-1030x521.jpg 1030w, https:\/\/radiorevelacionfm.cl\/wp-content\/uploads\/2024\/06\/foto-garantia-1_optimized-1-768x388.jpg 768w, https:\/\/radiorevelacionfm.cl\/wp-content\/uploads\/2024\/06\/foto-garantia-1_optimized-1-705x356.jpg 705w, https:\/\/radiorevelacionfm.cl\/wp-content\/uploads\/2024\/06\/foto-garantia-1_optimized-1-450x227.jpg 450w, https:\/\/radiorevelacionfm.cl\/wp-content\/uploads\/2024\/06\/foto-garantia-1_optimized-1-600x303.jpg 600w\" sizes=\"(max-width: 1187px) 100vw, 1187px\" \/><\/div><\/div><\/div><\/div><div class=\"flex_column av_one_full  flex_column_div av-zero-column-padding first  avia-builder-el-2  el_after_av_one_full  el_before_av_one_full  column-top-margin\" style='border-radius:0px; '><section class=\"av_textblock_section \"  itemscope=\"itemscope\" itemtype=\"https:\/\/schema.org\/BlogPosting\" itemprop=\"blogPost\" ><div class='avia_textblock  '   itemprop=\"text\" ><p style=\"text-align: center;\"><strong><span style=\"font-size: 18pt;\">Condenan a 5 a\u00f1os y un d\u00eda de presidio a autor de tr\u00e1fico de drogas v\u00eda encomienda<\/span><\/strong><\/p>\n<div id=\"gtx-trans\" style=\"position: absolute; left: -50px; top: 4.31534px;\">\n<div class=\"gtx-trans-icon\"><\/div>\n<\/div>\n<\/div><\/section><\/div><div class=\"flex_column av_one_full  flex_column_div av-zero-column-padding first  avia-builder-el-4  el_after_av_one_full  el_before_av_hr  column-top-margin\" style='border-radius:0px; '><section class=\"av_textblock_section \"  itemscope=\"itemscope\" itemtype=\"https:\/\/schema.org\/BlogPosting\" itemprop=\"blogPost\" ><div class='avia_textblock  '   itemprop=\"text\" ><p class=\"v1MsoNormal\" style=\"text-align: justify;\">El Tribunal de Juicio Oral en lo Penal de Coyhaique conden\u00f3 a\u00a0Cristhian\u00a0Andr\u00e9s Sandoval Vidal a la pena de 5 a\u00f1os y un d\u00eda de presidio efectivo,\u00a0en calidad de autor del delito consumado de tr\u00e1fico de drogas. Il\u00edcito perpetrado en diciembre del a\u00f1o pasado, en la comuna de Ays\u00e9n.<\/p>\n<p class=\"v1MsoNormal\" style=\"text-align: justify;\">En fallo un\u00e1nime (causa rol 102-2024), el tribunal \u2013integrado por los magistrados M\u00f3nica Coloma Pulgar (presidenta), Pablo Freire Gavil\u00e1n, Rosal\u00eda Mansilla Quiroz (redactora)\u2013aplic\u00f3, adem\u00e1s, a\u00a0Sandoval Vidal\u00a0las accesorias legales de inhabilitaci\u00f3n absoluta perpetua para cargos y oficios p\u00fablicos y derechos pol\u00edticos\u00a0y la\u00a0inhabilitaci\u00f3n absoluta para profesiones titulares mientras dure la condena; m\u00e1s el pago de una multa de 12 UTM.<\/p>\n<p class=\"v1MsoNormal\" style=\"text-align: justify;\">Una vez que el fallo quede ejecutoriado, el tribunal dispuso que se proceda a la toma de muestras biol\u00f3gicas\u00a0del sentenciado para determinar huella gen\u00e9tica\u00a0e incorporaci\u00f3n en el registro nacional de ADN de condenados. Adem\u00e1s, se decret\u00f3 el comiso del tel\u00e9fono celular incautado.<\/p>\n<p class=\"v1MsoNormal\" style=\"text-align: justify;\">El tribunal dio por acreditado, m\u00e1s all\u00e1 de toda duda razonable, que el acusado Sandoval Vidal coordin\u00f3 con un tercero el traslado de droga (marihuana) hasta la regi\u00f3n, con destino final en Puerto Ays\u00e9n, mediante el env\u00edo de encomienda por la empresa Starken. En dicho contexto, el 11 de diciembre de 2023, personal de la PDI junto a un ejemplar canino, concurrieron hasta la bodega de Starken en la ciudad de Coyhaique, donde identificaron la encomienda, la que fue abierta con la autorizaci\u00f3n respectiva, constatando que en su interior hab\u00edan tres bolsas de nylon transparente que conten\u00edan marihuana o\u00a0cannabis sativa, con pesos netos de 397,94 gramos, 508,73 gramos y 53,27 gramos, respectivamente.<\/p>\n<p class=\"v1MsoNormal\" style=\"text-align: justify;\">Posteriormente, el 14 de diciembre de 2023, Sandoval Vidal concurri\u00f3 hasta la oficina de la empresa Starken de Puerto Ays\u00e9n, ubicada en calle Michimalonco N\u00b0502 y procedi\u00f3 a retirar la encomienda sujeta a entrega controlada. Al salir a la v\u00eda p\u00fablica, fue detenido por los efectivos policiales.<\/p>\n<\/div><\/section><\/div><div  style='height:50px' class='hr hr-invisible   avia-builder-el-6  el_after_av_one_full  el_before_av_social_share '><span class='hr-inner ' ><span class='hr-inner-style'><\/span><\/span><\/div><\/p>\n<div  class='av-social-sharing-box  avia-builder-el-7  el_after_av_hr  el_before_av_hr  '><div class='av-share-box'><h5 class='av-share-link-description av-no-toc '>Compartir esta noticia<\/h5><ul class='av-share-box-list noLightbox'><li class='av-share-link av-social-link-facebook' ><a target=\"_blank\" aria-label=\"Compartir en Facebook\" href='https:\/\/www.facebook.com\/sharer.php?u=https:\/\/radiorevelacionfm.cl\/?p=46450&#038;t=Condenan%20a%205%20a%C3%B1os%20y%20un%20d%C3%ADa%20de%20presidio%20a%20autor%20de%20tr%C3%A1fico%20de%20drogas%20v%C3%ADa%20encomienda' aria-hidden='false' data-av_icon='\ue8f3' data-av_iconfont='entypo-fontello' title='' data-avia-related-tooltip='Compartir en Facebook' rel=\"noopener\"><span class='avia_hidden_link_text'>Compartir en Facebook<\/span><\/a><\/li><li class='av-share-link av-social-link-twitter' ><a target=\"_blank\" aria-label=\"Compartir en Twitter\" href='https:\/\/twitter.com\/share?text=Condenan%20a%205%20a%C3%B1os%20y%20un%20d%C3%ADa%20de%20presidio%20a%20autor%20de%20tr%C3%A1fico%20de%20drogas%20v%C3%ADa%20encomienda&#038;url=https:\/\/radiorevelacionfm.cl\/?p=46450' aria-hidden='false' data-av_icon='\ue8f1' data-av_iconfont='entypo-fontello' title='' data-avia-related-tooltip='Compartir en Twitter' rel=\"noopener\"><span class='avia_hidden_link_text'>Compartir en Twitter<\/span><\/a><\/li><li class='av-share-link av-social-link-whatsapp' ><a target=\"_blank\" aria-label=\"Compartir en Whatsapp\" href='https:\/\/api.whatsapp.com\/send?text=https:\/\/radiorevelacionfm.cl\/?p=46450' aria-hidden='false' data-av_icon='\uf232' data-av_iconfont='entypo-fontello' title='' data-avia-related-tooltip='Compartir en Whatsapp' rel=\"noopener\"><span class='avia_hidden_link_text'>Compartir en Whatsapp<\/span><\/a><\/li><li class='av-share-link av-social-link-linkedin' ><a target=\"_blank\" aria-label=\"Compartir en LinkedIn\" href='https:\/\/linkedin.com\/shareArticle?mini=true&#038;title=Condenan%20a%205%20a%C3%B1os%20y%20un%20d%C3%ADa%20de%20presidio%20a%20autor%20de%20tr%C3%A1fico%20de%20drogas%20v%C3%ADa%20encomienda&#038;url=https:\/\/radiorevelacionfm.cl\/?p=46450' aria-hidden='false' data-av_icon='\ue8fc' data-av_iconfont='entypo-fontello' title='' data-avia-related-tooltip='Compartir en LinkedIn' rel=\"noopener\"><span class='avia_hidden_link_text'>Compartir en LinkedIn<\/span><\/a><\/li><li class='av-share-link av-social-link-mail' ><a  aria-label=\"Compartir por correo\" href='mailto:?subject=Condenan%20a%205%20a%C3%B1os%20y%20un%20d%C3%ADa%20de%20presidio%20a%20autor%20de%20tr%C3%A1fico%20de%20drogas%20v%C3%ADa%20encomienda&#038;body=https:\/\/radiorevelacionfm.cl\/?p=46450' aria-hidden='false' data-av_icon='\ue805' data-av_iconfont='entypo-fontello' title='' data-avia-related-tooltip='Compartir por correo'><span class='avia_hidden_link_text'>Compartir por correo<\/span><\/a><\/li><\/ul><\/div><\/div>\n<div  style='height:50px' class='hr hr-invisible   avia-builder-el-8  el_after_av_social_share  el_before_av_comments_list '><span class='hr-inner ' ><span class='hr-inner-style'><\/span><\/span><\/div>\n<div  class='av-buildercomment  av-blog-meta-html-info-disabled av-blog-meta-tag-disabled  '><\/div>\n","protected":false},"excerpt":{"rendered":"","protected":false},"author":1,"featured_media":43253,"comment_status":"open","ping_status":"open","sticky":false,"template":"","format":"standard","meta":{"footnotes":""},"categories":[55],"tags":[],"class_list":["post-46450","post","type-post","status-publish","format-standard","has-post-thumbnail","hentry","category-justicia"],"jetpack_featured_media_url":"https:\/\/radiorevelacionfm.cl\/wp-content\/uploads\/2024\/06\/foto-garantia-1_optimized-1.jpg","_links":{"self":[{"href":"https:\/\/radiorevelacionfm.cl\/index.php?rest_route=\/wp\/v2\/posts\/46450","targetHints":{"allow":["GET"]}}],"collection":[{"href":"https:\/\/radiorevelacionfm.cl\/index.php?rest_route=\/wp\/v2\/posts"}],"about":[{"href":"https:\/\/radiorevelacionfm.cl\/index.php?rest_route=\/wp\/v2\/types\/post"}],"author":[{"embeddable":true,"href":"https:\/\/radiorevelacionfm.cl\/index.php?rest_route=\/wp\/v2\/users\/1"}],"replies":[{"embeddable":true,"href":"https:\/\/radiorevelacionfm.cl\/index.php?rest_route=%2Fwp%2Fv2%2Fcomments&post=46450"}],"version-history":[{"count":1,"href":"https:\/\/radiorevelacionfm.cl\/index.php?rest_route=\/wp\/v2\/posts\/46450\/revisions"}],"predecessor-version":[{"id":46451,"href":"https:\/\/radiorevelacionfm.cl\/index.php?rest_route=\/wp\/v2\/posts\/46450\/revisions\/46451"}],"wp:featuredmedia":[{"embeddable":true,"href":"https:\/\/radiorevelacionfm.cl\/index.php?rest_route=\/wp\/v2\/media\/43253"}],"wp:attachment":[{"href":"https:\/\/radiorevelacionfm.cl\/index.php?rest_route=%2Fwp%2Fv2%2Fmedia&parent=46450"}],"wp:term":[{"taxonomy":"category","embeddable":true,"href":"https:\/\/radiorevelacionfm.cl\/index.php?rest_route=%2Fwp%2Fv2%2Fcategories&post=46450"},{"taxonomy":"post_tag","embeddable":true,"href":"https:\/\/radiorevelacionfm.cl\/index.php?rest_route=%2Fwp%2Fv2%2Ftags&post=46450"}],"curies":[{"name":"wp","href":"https:\/\/api.w.org\/{rel}","templated":true}]}}