{"id":46447,"date":"2024-09-26T12:01:31","date_gmt":"2024-09-26T15:01:31","guid":{"rendered":"https:\/\/radiorevelacionfm.cl\/?p=46447"},"modified":"2024-09-26T12:03:24","modified_gmt":"2024-09-26T15:03:24","slug":"realizaran-capacitaciones-para-compradores-y-proveedores-de-la-region-de-aysen-sobre-cambios-de-nueva-ley-que-moderniza-sistema-de-compras-publicas","status":"publish","type":"post","link":"https:\/\/radiorevelacionfm.cl\/?p=46447","title":{"rendered":"ChileCompra realizar\u00e1 capacitaciones para compradores y proveedores de la Regi\u00f3n de Ays\u00e9n sobre cambios de nueva ley que moderniza sistema de compras p\u00fablicas"},"content":{"rendered":"<div class=\"flex_column av_one_full  flex_column_div av-zero-column-padding first  avia-builder-el-0  el_before_av_one_full  avia-builder-el-first  \" style='border-radius:0px; '><div  class='avia-image-container  av-styling-    avia-builder-el-1  avia-builder-el-no-sibling  avia-align-center '  itemprop=\"image\" itemscope=\"itemscope\" itemtype=\"https:\/\/schema.org\/ImageObject\"  ><div class='avia-image-container-inner'><div class='avia-image-overlay-wrap'><img decoding=\"async\" class='wp-image-46448 avia-img-lazy-loading-not-46448 avia_image' src=\"https:\/\/radiorevelacionfm.cl\/wp-content\/uploads\/2024\/09\/CHILECOMPRA-CAP1-1-1.jpeg\" alt='' title='CHILECOMPRA CAP1 (1) (1)' height=\"600\" width=\"801\"  itemprop=\"thumbnailUrl\" srcset=\"https:\/\/radiorevelacionfm.cl\/wp-content\/uploads\/2024\/09\/CHILECOMPRA-CAP1-1-1.jpeg 801w, https:\/\/radiorevelacionfm.cl\/wp-content\/uploads\/2024\/09\/CHILECOMPRA-CAP1-1-1-300x225.jpeg 300w, https:\/\/radiorevelacionfm.cl\/wp-content\/uploads\/2024\/09\/CHILECOMPRA-CAP1-1-1-768x575.jpeg 768w, https:\/\/radiorevelacionfm.cl\/wp-content\/uploads\/2024\/09\/CHILECOMPRA-CAP1-1-1-705x528.jpeg 705w, https:\/\/radiorevelacionfm.cl\/wp-content\/uploads\/2024\/09\/CHILECOMPRA-CAP1-1-1-450x337.jpeg 450w, https:\/\/radiorevelacionfm.cl\/wp-content\/uploads\/2024\/09\/CHILECOMPRA-CAP1-1-1-600x449.jpeg 600w\" sizes=\"(max-width: 801px) 100vw, 801px\" \/><\/div><\/div><\/div><\/div>\n<div class=\"flex_column av_one_full  flex_column_div av-zero-column-padding first  avia-builder-el-2  el_after_av_one_full  el_before_av_one_full  column-top-margin\" style='border-radius:0px; '><section class=\"av_textblock_section \"  itemscope=\"itemscope\" itemtype=\"https:\/\/schema.org\/BlogPosting\" itemprop=\"blogPost\" ><div class='avia_textblock  '   itemprop=\"text\" ><p style=\"text-align: center;\"><span style=\"font-size: 18pt;\"><strong>ChileCompra realizar\u00e1 capacitaciones para compradores y proveedores de la Regi\u00f3n <\/strong><strong>de Ays\u00e9n <\/strong><strong>sobre cambios de nueva ley que moderniza sistema de compras p\u00fablicas<\/strong><\/span><\/p>\n<div id=\"gtx-trans\" style=\"position: absolute; left: -50px; top: 4.31534px;\">\n<div class=\"gtx-trans-icon\"><\/div>\n<\/div>\n<\/div><\/section><\/div><div class=\"flex_column av_one_full  flex_column_div av-zero-column-padding first  avia-builder-el-4  el_after_av_one_full  el_before_av_hr  column-top-margin\" style='border-radius:0px; '><section class=\"av_textblock_section \"  itemscope=\"itemscope\" itemtype=\"https:\/\/schema.org\/BlogPosting\" itemprop=\"blogPost\" ><div class='avia_textblock  '   itemprop=\"text\" ><p style=\"text-align: justify;\"><em>El objetivo es orientar a los usuarios en las nuevas disposiciones que contempla la modernizaci\u00f3n del sistema de compras p\u00fablicas, as\u00ed como las nuevas oportunidades de negocio que se presentar\u00e1n para los proveedores locales.<\/em><\/p>\n<p style=\"text-align: justify;\">Con las reformas que implica La ley 21.634 que moderniza la ley 19.886 de compras p\u00fablicas y que fue publicada el 11 de diciembre de 2023, los compradores p\u00fablicos y proveedores del Estado de la regi\u00f3n de Ays\u00e9n tendr\u00e1n nuevas oportunidades para aumentar la transparencia, eficiencia y participaci\u00f3n en sus procesos de compra y venta en la plataforma de compras p\u00fablicas de ChileCompra www.mercadopublico.cl.<\/p>\n<p style=\"text-align: justify;\">La nueva ley busca mejorar la calidad del gasto p\u00fablico, aumentar los est\u00e1ndares de probidad y transparencia e introducir principios de econom\u00eda circular en las compras del Estado. La modernizaci\u00f3n de la Ley de Compras implicar\u00e1 que crezcan sustancialmente las transacciones, ya que se ampl\u00eda la cobertura de entidades p\u00fablicas que ahora se rigen por la normativa y deber\u00e1n comprar a trav\u00e9s de Mercado P\u00fablico. Junto con el aumento en la cantidad de usuarios compradores, tambi\u00e9n se incrementar\u00e1 el n\u00famero de proveedores, los que van a tener mayores oportunidades de vender sus productos y servicios al Estado.<\/p>\n<p style=\"text-align: justify;\">El Delegado Presidencial Regional, Rodrigo Araya Morales se refiri\u00f3 a esta importante capacitaci\u00f3n, mencionando que: <em>\u201cPara mejorar el uso de los recursos del Estado hay una reforma que moderniza la Ley de Compras P\u00fablicas. Por ello, ChileCompra realizar\u00e1 una capacitaci\u00f3n para compradores y proveedores de la Regi\u00f3n de Ays\u00e9n, el pr\u00f3ximo 1 y 2 de octubre. El objetivo es orientar a usuarias y usuarios de las disposiciones que contempla esta ley, para ver las\u00a0 oportunidades de negocio para compradores y proveedores del Estado. Les invitamos a participar, porque el Estado necesita de todos los empresarios y proveedores para lograr las mejoras en la calidad de vida de todos los ciudadanos de la regi\u00f3n\u201d.<\/em><\/p>\n<p style=\"text-align: justify;\">El Seremi de Econom\u00eda de la Regi\u00f3n de Ays\u00e9n; Felipe Rojas subray\u00f3 que: <em>\u201c<\/em><em>El equipo de profesionales de ChileCompra se har\u00e1 presente en Coyhaique los d\u00edas 1 y 2 de octubre en el Auditorio INACAP, ubicado en Las Violetas 171, donde el d\u00eda 1 se realizar\u00e1n dos j<\/em><em>ornadas preparatorias sobre las Modificaciones a la Ley de Compras P\u00fablicas para compradores de <\/em><em>10:00 a 13:00 horas y de 15:00 a 18:00 horas, y el d\u00eda 2 se llevar\u00e1 a cabo una capacitaci\u00f3n para los proveedores locales de 15:00 a 17:00 horas. Ambas jornadas se convierten en una inmensa oportunidad para conocer a fondo la ley que moderniza el sistema de compras p\u00fablicas, robusteciendo las oportunidades para que empresas de menor tama\u00f1o, puedan convertirse en proveedoras del Estado, aumentando sus ventas y dinamizando la econom\u00eda local\u201d.<\/em><\/p>\n<p style=\"text-align: justify;\"><strong>Cifras regionales<\/strong><\/p>\n<p style=\"text-align: justify;\">Durante el 2023 se transaron $203.297 millones a trav\u00e9s de www.mercadopublico.cl en la Regi\u00f3n de Ays\u00e9n, con 44.658 \u00f3rdenes de compra emitidas por los diferentes organismos p\u00fablicos. Las transacciones de Ays\u00e9n implican un aumento de 7,1% respecto del mismo periodo anterior, pasando de 41.712 en 2022 a 44.658 en 2023. De ese total, las Empresas de Menor Tama\u00f1o se adjudicaron $122.371 millones en la regi\u00f3n, es decir, un 60,2% del monto total.<\/p>\n<p style=\"text-align: justify;\">En cuanto la modalidad Compra \u00c1gil -que permite mayor participaci\u00f3n de las Empresas de Menor Tama\u00f1o en compras de menores montos (igual o menor a 30 UTM)- durante 2023 se registraron transacciones por un total de $9.965 millones en la Regi\u00f3n de Ays\u00e9n, ello implica un crecimiento real en montos de 9,9% respecto a los montos transados en el 2022 que ascendieron a $8.295 millones. Las entidades emitieron 15.200 \u00f3rdenes de compra, registrando un crecimiento de 11,0% que corresponde a 1.509 adicionales en comparaci\u00f3n con las emitidas el 2022 que sumaron 13.691.<\/p>\n<p style=\"text-align: justify;\">Tres pasos para ser proveedor del Estado<\/p>\n<p style=\"text-align: justify;\">Las personas naturales y empresas pueden vender sus productos y servicios a los diferentes organismos del Estado, entre los que se cuentan ministerios, hospitales, municipios y Fuerzas Armadas. \u00bfC\u00f3mo hacerlo?<\/p>\n<ol style=\"text-align: justify;\">\n<li>Reg\u00edstrate con tu Clave \u00danica en <a href=\"http:\/\/www.mercadopublico.cl\">mercadopublico.cl<\/a>, plataforma que opera ChileCompra y a trav\u00e9s de la cual los compradores publican sus procesos de adquisiciones. Con tu usuario creado podr\u00e1s ofertar, es decir participar de una licitaci\u00f3n u otro proceso de compra de los distintos organismos p\u00fablicos que sean de tu inter\u00e9s.<\/li>\n<li>Capac\u00edtate en compras p\u00fablicas. Puedes inscribirte de manera gratuita en los cursos disponibles en <a href=\"https:\/\/capacitacion.chilecompra.cl\/\">https:\/\/capacitacion.chilecompra.cl\/<\/a> As\u00ed aprender\u00e1s a mejorar tu gesti\u00f3n y buscar oportunidades.<\/li>\n<\/ol>\n<p style=\"text-align: justify;\">Mant\u00e9n actualizados tus datos en Mercado P\u00fablico, especialmente tu mail de contacto y rubros para recibir oportunidades de negocio y notificaciones oportunamente. Participa enviando tu oferta cumpliendo los plazos y requerimientos<\/p>\n<\/div><\/section><\/div><\/p>\n<div  style='height:50px' class='hr hr-invisible   avia-builder-el-6  el_after_av_one_full  el_before_av_social_share '><span class='hr-inner ' ><span class='hr-inner-style'><\/span><\/span><\/div>\n<div  class='av-social-sharing-box  avia-builder-el-7  el_after_av_hr  el_before_av_hr  '><div class='av-share-box'><h5 class='av-share-link-description av-no-toc '>Compartir esta noticia<\/h5><ul class='av-share-box-list noLightbox'><li class='av-share-link av-social-link-facebook' ><a target=\"_blank\" aria-label=\"Compartir en Facebook\" href='https:\/\/www.facebook.com\/sharer.php?u=https:\/\/radiorevelacionfm.cl\/?p=46447&#038;t=ChileCompra%20realizar%C3%A1%20capacitaciones%20para%20compradores%20y%20proveedores%20de%20la%20Regi%C3%B3n%20de%20Ays%C3%A9n%20sobre%20cambios%20de%20nueva%20ley%20que%20moderniza%20sistema%20de%20compras%20p%C3%BAblicas' aria-hidden='false' data-av_icon='\ue8f3' data-av_iconfont='entypo-fontello' title='' data-avia-related-tooltip='Compartir en Facebook' rel=\"noopener\"><span class='avia_hidden_link_text'>Compartir en Facebook<\/span><\/a><\/li><li class='av-share-link av-social-link-twitter' ><a target=\"_blank\" aria-label=\"Compartir en Twitter\" href='https:\/\/twitter.com\/share?text=ChileCompra%20realizar%C3%A1%20capacitaciones%20para%20compradores%20y%20proveedores%20de%20la%20Regi%C3%B3n%20de%20Ays%C3%A9n%20sobre%20cambios%20de%20nueva%20ley%20que%20moderniza%20sistema%20de%20compras%20p%C3%BAblicas&#038;url=https:\/\/radiorevelacionfm.cl\/?p=46447' aria-hidden='false' data-av_icon='\ue8f1' data-av_iconfont='entypo-fontello' title='' data-avia-related-tooltip='Compartir en Twitter' rel=\"noopener\"><span class='avia_hidden_link_text'>Compartir en Twitter<\/span><\/a><\/li><li class='av-share-link av-social-link-whatsapp' ><a target=\"_blank\" aria-label=\"Compartir en Whatsapp\" href='https:\/\/api.whatsapp.com\/send?text=https:\/\/radiorevelacionfm.cl\/?p=46447' aria-hidden='false' data-av_icon='\uf232' data-av_iconfont='entypo-fontello' title='' data-avia-related-tooltip='Compartir en Whatsapp' rel=\"noopener\"><span class='avia_hidden_link_text'>Compartir en Whatsapp<\/span><\/a><\/li><li class='av-share-link av-social-link-linkedin' ><a target=\"_blank\" aria-label=\"Compartir en LinkedIn\" href='https:\/\/linkedin.com\/shareArticle?mini=true&#038;title=ChileCompra%20realizar%C3%A1%20capacitaciones%20para%20compradores%20y%20proveedores%20de%20la%20Regi%C3%B3n%20de%20Ays%C3%A9n%20sobre%20cambios%20de%20nueva%20ley%20que%20moderniza%20sistema%20de%20compras%20p%C3%BAblicas&#038;url=https:\/\/radiorevelacionfm.cl\/?p=46447' aria-hidden='false' data-av_icon='\ue8fc' data-av_iconfont='entypo-fontello' title='' data-avia-related-tooltip='Compartir en LinkedIn' rel=\"noopener\"><span class='avia_hidden_link_text'>Compartir en LinkedIn<\/span><\/a><\/li><li class='av-share-link av-social-link-mail' ><a  aria-label=\"Compartir por correo\" href='mailto:?subject=ChileCompra%20realizar%C3%A1%20capacitaciones%20para%20compradores%20y%20proveedores%20de%20la%20Regi%C3%B3n%20de%20Ays%C3%A9n%20sobre%20cambios%20de%20nueva%20ley%20que%20moderniza%20sistema%20de%20compras%20p%C3%BAblicas&#038;body=https:\/\/radiorevelacionfm.cl\/?p=46447' aria-hidden='false' data-av_icon='\ue805' data-av_iconfont='entypo-fontello' title='' data-avia-related-tooltip='Compartir por correo'><span class='avia_hidden_link_text'>Compartir por correo<\/span><\/a><\/li><\/ul><\/div><\/div>\n<div  style='height:50px' class='hr hr-invisible   avia-builder-el-8  el_after_av_social_share  el_before_av_comments_list '><span class='hr-inner ' ><span class='hr-inner-style'><\/span><\/span><\/div>\n<div  class='av-buildercomment  av-blog-meta-html-info-disabled av-blog-meta-tag-disabled  '><\/div>\n","protected":false},"excerpt":{"rendered":"","protected":false},"author":1,"featured_media":46448,"comment_status":"open","ping_status":"open","sticky":false,"template":"","format":"standard","meta":{"footnotes":""},"categories":[37],"tags":[],"class_list":["post-46447","post","type-post","status-publish","format-standard","has-post-thumbnail","hentry","category-economia"],"jetpack_featured_media_url":"https:\/\/radiorevelacionfm.cl\/wp-content\/uploads\/2024\/09\/CHILECOMPRA-CAP1-1-1.jpeg","_links":{"self":[{"href":"https:\/\/radiorevelacionfm.cl\/index.php?rest_route=\/wp\/v2\/posts\/46447","targetHints":{"allow":["GET"]}}],"collection":[{"href":"https:\/\/radiorevelacionfm.cl\/index.php?rest_route=\/wp\/v2\/posts"}],"about":[{"href":"https:\/\/radiorevelacionfm.cl\/index.php?rest_route=\/wp\/v2\/types\/post"}],"author":[{"embeddable":true,"href":"https:\/\/radiorevelacionfm.cl\/index.php?rest_route=\/wp\/v2\/users\/1"}],"replies":[{"embeddable":true,"href":"https:\/\/radiorevelacionfm.cl\/index.php?rest_route=%2Fwp%2Fv2%2Fcomments&post=46447"}],"version-history":[{"count":3,"href":"https:\/\/radiorevelacionfm.cl\/index.php?rest_route=\/wp\/v2\/posts\/46447\/revisions"}],"predecessor-version":[{"id":46495,"href":"https:\/\/radiorevelacionfm.cl\/index.php?rest_route=\/wp\/v2\/posts\/46447\/revisions\/46495"}],"wp:featuredmedia":[{"embeddable":true,"href":"https:\/\/radiorevelacionfm.cl\/index.php?rest_route=\/wp\/v2\/media\/46448"}],"wp:attachment":[{"href":"https:\/\/radiorevelacionfm.cl\/index.php?rest_route=%2Fwp%2Fv2%2Fmedia&parent=46447"}],"wp:term":[{"taxonomy":"category","embeddable":true,"href":"https:\/\/radiorevelacionfm.cl\/index.php?rest_route=%2Fwp%2Fv2%2Fcategories&post=46447"},{"taxonomy":"post_tag","embeddable":true,"href":"https:\/\/radiorevelacionfm.cl\/index.php?rest_route=%2Fwp%2Fv2%2Ftags&post=46447"}],"curies":[{"name":"wp","href":"https:\/\/api.w.org\/{rel}","templated":true}]}}