{"id":46444,"date":"2024-09-25T20:01:51","date_gmt":"2024-09-25T23:01:51","guid":{"rendered":"https:\/\/radiorevelacionfm.cl\/?p=46444"},"modified":"2024-09-25T20:01:51","modified_gmt":"2024-09-25T23:01:51","slug":"vecinos-y-autoridades-inauguraron-anhelada-pavimentacion-en-la-faja-norte-de-avenida-divisadero-oriente-de-coyhaique","status":"publish","type":"post","link":"https:\/\/radiorevelacionfm.cl\/?p=46444","title":{"rendered":"Vecinos y autoridades inauguraron anhelada pavimentaci\u00f3n en la faja norte de Avenida Divisadero Oriente de Coyhaique"},"content":{"rendered":"<div class=\"flex_column av_one_full  flex_column_div av-zero-column-padding first  avia-builder-el-0  el_before_av_one_full  avia-builder-el-first  \" style='border-radius:0px; '><div  class='avia-image-container  av-styling-    avia-builder-el-1  avia-builder-el-no-sibling  avia-align-center '  itemprop=\"image\" itemscope=\"itemscope\" itemtype=\"https:\/\/schema.org\/ImageObject\"  ><div class='avia-image-container-inner'><div class='avia-image-overlay-wrap'><img decoding=\"async\" class='wp-image-46445 avia-img-lazy-loading-not-46445 avia_image' src=\"https:\/\/radiorevelacionfm.cl\/wp-content\/uploads\/2024\/09\/tradicional-corte-de-cinta-inauguracion-pavimentos-avenida-divisadero-oriente-coyhaique-1_optimized-1.jpg\" alt='' title='tradicional-corte-de-cinta-inauguraci\u00f3n-pavimentos-avenida-divisadero-oriente-coyhaique-(1)_optimized (1)' height=\"600\" width=\"1066\"  itemprop=\"thumbnailUrl\" srcset=\"https:\/\/radiorevelacionfm.cl\/wp-content\/uploads\/2024\/09\/tradicional-corte-de-cinta-inauguracion-pavimentos-avenida-divisadero-oriente-coyhaique-1_optimized-1.jpg 1066w, https:\/\/radiorevelacionfm.cl\/wp-content\/uploads\/2024\/09\/tradicional-corte-de-cinta-inauguracion-pavimentos-avenida-divisadero-oriente-coyhaique-1_optimized-1-300x169.jpg 300w, https:\/\/radiorevelacionfm.cl\/wp-content\/uploads\/2024\/09\/tradicional-corte-de-cinta-inauguracion-pavimentos-avenida-divisadero-oriente-coyhaique-1_optimized-1-1030x580.jpg 1030w, https:\/\/radiorevelacionfm.cl\/wp-content\/uploads\/2024\/09\/tradicional-corte-de-cinta-inauguracion-pavimentos-avenida-divisadero-oriente-coyhaique-1_optimized-1-768x432.jpg 768w, https:\/\/radiorevelacionfm.cl\/wp-content\/uploads\/2024\/09\/tradicional-corte-de-cinta-inauguracion-pavimentos-avenida-divisadero-oriente-coyhaique-1_optimized-1-705x397.jpg 705w, https:\/\/radiorevelacionfm.cl\/wp-content\/uploads\/2024\/09\/tradicional-corte-de-cinta-inauguracion-pavimentos-avenida-divisadero-oriente-coyhaique-1_optimized-1-450x253.jpg 450w, https:\/\/radiorevelacionfm.cl\/wp-content\/uploads\/2024\/09\/tradicional-corte-de-cinta-inauguracion-pavimentos-avenida-divisadero-oriente-coyhaique-1_optimized-1-600x338.jpg 600w\" sizes=\"(max-width: 1066px) 100vw, 1066px\" \/><\/div><\/div><\/div><\/div><div class=\"flex_column av_one_full  flex_column_div av-zero-column-padding first  avia-builder-el-2  el_after_av_one_full  el_before_av_one_full  column-top-margin\" style='border-radius:0px; '><section class=\"av_textblock_section \"  itemscope=\"itemscope\" itemtype=\"https:\/\/schema.org\/BlogPosting\" itemprop=\"blogPost\" ><div class='avia_textblock  '   itemprop=\"text\" ><p style=\"text-align: center;\"><strong><span style=\"font-size: 18pt;\">Vecinos y autoridades inauguraron anhelada pavimentaci\u00f3n en la faja norte de Avenida Divisadero Oriente de Coyhaique<\/span><\/strong><\/p>\n<div id=\"gtx-trans\" style=\"position: absolute; left: -50px; top: 4.31534px;\">\n<div class=\"gtx-trans-icon\"><\/div>\n<\/div>\n<\/div><\/section><\/div><div class=\"flex_column av_one_full  flex_column_div av-zero-column-padding first  avia-builder-el-4  el_after_av_one_full  el_before_av_hr  column-top-margin\" style='border-radius:0px; '><section class=\"av_textblock_section \"  itemscope=\"itemscope\" itemtype=\"https:\/\/schema.org\/BlogPosting\" itemprop=\"blogPost\" ><div class='avia_textblock  '   itemprop=\"text\" ><p style=\"text-align: justify;\">Con participaci\u00f3n de autoridades, dirigentes y vecinos se concret\u00f3 este martes la inauguraci\u00f3n de los nuevos pavimentos en m\u00e1s de 7 cuadras de la faja norte de Avenida Divisadero Oriente de Coyhaique, obra que fue solicitada durante m\u00e1s de dos d\u00e9cadas y que mejora la conectividad y la calidad de vida de m\u00e1s de 900 familias que viven en el sector alto de la capital regional.<\/p>\n<p style=\"text-align: justify;\">Tal como detall\u00f3 la Seremi de Vivienda y Urbanismo, Paulina Ruz, el anhelado proyecto se concret\u00f3 a trav\u00e9s del Programa de Pavimentaci\u00f3n Participativa del Ministerio de Vivienda y Urbanismo (Minvu), en un esfuerzo conjunto con el municipio de Coyhaique y el Gobierno Regional de Ays\u00e9n, que hizo un significativo aporte financiero para concretar la primera etapa de la Avenida, entre las calles Gast\u00f3n Adarme y \u00d3scar del R\u00edo. \u201cEsto tiene una importancia fundamental, ya que permite mejorar con inclusi\u00f3n la calidad de vida de las familias de Coyhaique. Directamente beneficia a 900 familias, pero indirectamente a toda la comunidad. Era una demanda muy sentida y nosotros, gracias al Programa de Pavimentaci\u00f3n Participativa, con el cual hemos pavimentado el 90 por ciento de la regi\u00f3n, lo hicimos posible. Fueron voluntades conjuntas del Gobierno Regional, quien entreg\u00f3 un financiamiento cercano a los 700 millones de pesos, el municipio de Coyhaique y por supuesto el Ministerio de Vivienda. Tenemos un programa que se llama Plan Ciudades Justas, que se refiere precisamente a c\u00f3mo mejorar entornos urbanos y sumado a ello, como fuerte reactivador econ\u00f3mico, fomentar el empleo a trav\u00e9s de nuestras obras de car\u00e1cter habitacional y urbano\u201d, precis\u00f3.<\/p>\n<p style=\"text-align: justify;\">La dirigenta de la Junta Vecinal Los \u00c1lamos, Miriam Navarro, fue una de las que coment\u00f3 el significado de este adelanto para los vecinos y vecinas del sector. \u201cMuy contenta y agradecida del Gobierno y de las autoridades de que se haya concretado esto. Tantos a\u00f1os peleando y al fin estamos con la calle pavimentada. As\u00ed que feliz y contenta, porque este es un beneficio para todos los vecinos en general. \u00a0Para Pampa Zurita, para la poblaci\u00f3n de Pablo Neruda, aqu\u00ed en Los \u00c1lamos, en la Villa Patagonia, en fin, vemos montones de vecinos y esto los favorece a todos\u201d, asegur\u00f3.<\/p>\n<p style=\"text-align: justify;\">La Gobernadora Regional, Andrea Mac\u00edas, destac\u00f3 la pertinencia del Programa y el positivo impacto que estas obras tienen para la comunidad. \u201cHay una mirada territorial que siempre es importante destacar. Hemos dicho que no toda la pol\u00edtica p\u00fablica es aplicable a cualquier territorio y en casos como Caleta Tortel, por ejemplo, relevar que el Ministerio ha tenido la apertura de que estos programas puedan responder, en ese caso, no con pavimento participativo, sino con pasarelas participativas, porque es la forma que tiene la gente de trasladarse al interior de la localidad.\u00a0 As\u00ed que, muy contenta y adem\u00e1s respondiendo a una necesidad hist\u00f3rica, m\u00e1s de 30 a\u00f1os que esta poblaci\u00f3n est\u00e1 pidiendo esta pavimentaci\u00f3n y con esto se resuelve y se mejora la calidad de vida de los vecinos, vecinas y vamos generando tambi\u00e9n una mejor infraestructura p\u00fablica para disposici\u00f3n de todos los habitantes de la comuna y quienes nos visitan\u201d, afirm\u00f3.<\/p>\n<p style=\"text-align: justify;\">Tambi\u00e9n el Delegado Presidencial Regional, Rodrigo Araya, valor\u00f3 la materializaci\u00f3n del proyecto que era tan esperado por la comunidad. \u201cPara nuestro Presidente, nuestro Gobierno, evidentemente que el progreso y la mejor calidad de vida de los ciudadanos de nuestra ciudad de Coyhaique, es tremendamente relevante, pero estamos viendo tambi\u00e9n c\u00f3mo se conjugan los esfuerzos de distintas entidades p\u00fablicas, el municipio a trav\u00e9s de toda su gesti\u00f3n, la Gobernadora regional, junto con la aprobaci\u00f3n del CORE con respecto a los recursos del Estado que se conjugan para poder lograr un hito tan trascendente como esta pavimentaci\u00f3n. Como dec\u00edan los vecinos, era una necesidad de tanto tiempo, d\u00e9cadas, donde en las \u00e9pocas dif\u00edciles de invierno en particular, con lluvia, con agua, con nieve, las casas se hab\u00edan afectado y hab\u00edan tenido que ir superando esos obst\u00e1culos permanentemente\u201d, indic\u00f3.<\/p>\n<p style=\"text-align: justify;\">Tras el tradicional corte de cinta, el Alcalde de Coyhaique, Carlos Gatica, se\u00f1al\u00f3 que ahora el objetivo es intervenir la faja sur de Avenida, proyecto que ya est\u00e1 ingresado a trav\u00e9s del Ministerio de Vivienda y que ayudar\u00eda a descongestionar y conectar el sector alto con el sector c\u00e9ntrico de la ciudad. \u201cAqu\u00ed donde los vecinos ve\u00edan mucho barro en invierno, mucho polvo en verano, hoy d\u00eda cuentan con una calle con los m\u00e1s altos est\u00e1ndares, con una pavimentaci\u00f3n espectacular que les va a permitir mejorar la condici\u00f3n de vida. Lo que queda hoy es poner los lomos de toro que los vecinos nos han pedido para que los imprudentes, que nunca faltan, puedan reducir la velocidad y no causar problemas a los vecinos que colindan con la Avenida. Por eso vamos a colocar tres l\u00edneas de lomillos de toro con el Departamento de Tr\u00e1nsito. Una vez entregada la obra, o sea ahora, vamos a poder intervenir con estos dispositivos de seguridad\u201d, asegur\u00f3.<\/p>\n<p style=\"text-align: justify;\">La pavimentaci\u00f3n de la faja norte de Avenida Divisadero Oriente de Coyhaique fue ejecutada por la empresa de Crist\u00f3bal Galleguillos Estay, con una inversi\u00f3n que borde\u00f3 los mil 100 millones de pesos. Implica 770 metros lineales de calzada y aceras de hormig\u00f3n, a lo que se suman obras anexas como evacuaci\u00f3n y drenaje de aguas y muros de contenci\u00f3n, beneficiando en forma directa e indirecta a cientos de familias de las poblaciones Pablo Neruda, en sus diferentes etapas; Valle Hermoso, poblaci\u00f3n Austral y Fronteras de la Patagonia, entre otras.<\/p>\n<\/div><\/section><\/div><div  style='height:50px' class='hr hr-invisible   avia-builder-el-6  el_after_av_one_full  el_before_av_social_share '><span class='hr-inner ' ><span class='hr-inner-style'><\/span><\/span><\/div><\/p>\n<div  class='av-social-sharing-box  avia-builder-el-7  el_after_av_hr  el_before_av_hr  '><div class='av-share-box'><h5 class='av-share-link-description av-no-toc '>Compartir esta noticia<\/h5><ul class='av-share-box-list noLightbox'><li class='av-share-link av-social-link-facebook' ><a target=\"_blank\" aria-label=\"Compartir en Facebook\" href='https:\/\/www.facebook.com\/sharer.php?u=https:\/\/radiorevelacionfm.cl\/?p=46444&#038;t=Vecinos%20y%20autoridades%20inauguraron%20anhelada%20pavimentaci%C3%B3n%20en%20la%20faja%20norte%20de%20Avenida%20Divisadero%20Oriente%20de%20Coyhaique' aria-hidden='false' data-av_icon='\ue8f3' data-av_iconfont='entypo-fontello' title='' data-avia-related-tooltip='Compartir en Facebook' rel=\"noopener\"><span class='avia_hidden_link_text'>Compartir en Facebook<\/span><\/a><\/li><li class='av-share-link av-social-link-twitter' ><a target=\"_blank\" aria-label=\"Compartir en Twitter\" href='https:\/\/twitter.com\/share?text=Vecinos%20y%20autoridades%20inauguraron%20anhelada%20pavimentaci%C3%B3n%20en%20la%20faja%20norte%20de%20Avenida%20Divisadero%20Oriente%20de%20Coyhaique&#038;url=https:\/\/radiorevelacionfm.cl\/?p=46444' aria-hidden='false' data-av_icon='\ue8f1' data-av_iconfont='entypo-fontello' title='' data-avia-related-tooltip='Compartir en Twitter' rel=\"noopener\"><span class='avia_hidden_link_text'>Compartir en Twitter<\/span><\/a><\/li><li class='av-share-link av-social-link-whatsapp' ><a target=\"_blank\" aria-label=\"Compartir en Whatsapp\" href='https:\/\/api.whatsapp.com\/send?text=https:\/\/radiorevelacionfm.cl\/?p=46444' aria-hidden='false' data-av_icon='\uf232' data-av_iconfont='entypo-fontello' title='' data-avia-related-tooltip='Compartir en Whatsapp' rel=\"noopener\"><span class='avia_hidden_link_text'>Compartir en Whatsapp<\/span><\/a><\/li><li class='av-share-link av-social-link-linkedin' ><a target=\"_blank\" aria-label=\"Compartir en LinkedIn\" href='https:\/\/linkedin.com\/shareArticle?mini=true&#038;title=Vecinos%20y%20autoridades%20inauguraron%20anhelada%20pavimentaci%C3%B3n%20en%20la%20faja%20norte%20de%20Avenida%20Divisadero%20Oriente%20de%20Coyhaique&#038;url=https:\/\/radiorevelacionfm.cl\/?p=46444' aria-hidden='false' data-av_icon='\ue8fc' data-av_iconfont='entypo-fontello' title='' data-avia-related-tooltip='Compartir en LinkedIn' rel=\"noopener\"><span class='avia_hidden_link_text'>Compartir en LinkedIn<\/span><\/a><\/li><li class='av-share-link av-social-link-mail' ><a  aria-label=\"Compartir por correo\" href='mailto:?subject=Vecinos%20y%20autoridades%20inauguraron%20anhelada%20pavimentaci%C3%B3n%20en%20la%20faja%20norte%20de%20Avenida%20Divisadero%20Oriente%20de%20Coyhaique&#038;body=https:\/\/radiorevelacionfm.cl\/?p=46444' aria-hidden='false' data-av_icon='\ue805' data-av_iconfont='entypo-fontello' title='' data-avia-related-tooltip='Compartir por correo'><span class='avia_hidden_link_text'>Compartir por correo<\/span><\/a><\/li><\/ul><\/div><\/div>\n<div  style='height:50px' class='hr hr-invisible   avia-builder-el-8  el_after_av_social_share  el_before_av_comments_list '><span class='hr-inner ' ><span class='hr-inner-style'><\/span><\/span><\/div>\n<div  class='av-buildercomment  av-blog-meta-html-info-disabled av-blog-meta-tag-disabled  '><\/div>\n","protected":false},"excerpt":{"rendered":"","protected":false},"author":1,"featured_media":46445,"comment_status":"open","ping_status":"open","sticky":false,"template":"","format":"standard","meta":{"footnotes":""},"categories":[38],"tags":[],"class_list":["post-46444","post","type-post","status-publish","format-standard","has-post-thumbnail","hentry","category-regional"],"jetpack_featured_media_url":"https:\/\/radiorevelacionfm.cl\/wp-content\/uploads\/2024\/09\/tradicional-corte-de-cinta-inauguracion-pavimentos-avenida-divisadero-oriente-coyhaique-1_optimized-1.jpg","_links":{"self":[{"href":"https:\/\/radiorevelacionfm.cl\/index.php?rest_route=\/wp\/v2\/posts\/46444","targetHints":{"allow":["GET"]}}],"collection":[{"href":"https:\/\/radiorevelacionfm.cl\/index.php?rest_route=\/wp\/v2\/posts"}],"about":[{"href":"https:\/\/radiorevelacionfm.cl\/index.php?rest_route=\/wp\/v2\/types\/post"}],"author":[{"embeddable":true,"href":"https:\/\/radiorevelacionfm.cl\/index.php?rest_route=\/wp\/v2\/users\/1"}],"replies":[{"embeddable":true,"href":"https:\/\/radiorevelacionfm.cl\/index.php?rest_route=%2Fwp%2Fv2%2Fcomments&post=46444"}],"version-history":[{"count":1,"href":"https:\/\/radiorevelacionfm.cl\/index.php?rest_route=\/wp\/v2\/posts\/46444\/revisions"}],"predecessor-version":[{"id":46446,"href":"https:\/\/radiorevelacionfm.cl\/index.php?rest_route=\/wp\/v2\/posts\/46444\/revisions\/46446"}],"wp:featuredmedia":[{"embeddable":true,"href":"https:\/\/radiorevelacionfm.cl\/index.php?rest_route=\/wp\/v2\/media\/46445"}],"wp:attachment":[{"href":"https:\/\/radiorevelacionfm.cl\/index.php?rest_route=%2Fwp%2Fv2%2Fmedia&parent=46444"}],"wp:term":[{"taxonomy":"category","embeddable":true,"href":"https:\/\/radiorevelacionfm.cl\/index.php?rest_route=%2Fwp%2Fv2%2Fcategories&post=46444"},{"taxonomy":"post_tag","embeddable":true,"href":"https:\/\/radiorevelacionfm.cl\/index.php?rest_route=%2Fwp%2Fv2%2Ftags&post=46444"}],"curies":[{"name":"wp","href":"https:\/\/api.w.org\/{rel}","templated":true}]}}