{"id":46439,"date":"2024-09-25T13:36:23","date_gmt":"2024-09-25T16:36:23","guid":{"rendered":"https:\/\/radiorevelacionfm.cl\/?p=46439"},"modified":"2024-09-25T13:36:23","modified_gmt":"2024-09-25T16:36:23","slug":"vecinos-de-caleta-tortel-y-villa-ohiggins-recibieron-permiso-de-ocupacion-para-emprender-en-inmuebles-fiscales","status":"publish","type":"post","link":"https:\/\/radiorevelacionfm.cl\/?p=46439","title":{"rendered":"Vecinos de Caleta Tortel y Villa O\u00b4Higgins recibieron permiso de ocupaci\u00f3n para emprender en inmuebles fiscales"},"content":{"rendered":"<div class=\"flex_column av_one_full  flex_column_div av-zero-column-padding first  avia-builder-el-0  el_before_av_one_full  avia-builder-el-first  \" style='border-radius:0px; '><div  class='avia-image-container  av-styling-    avia-builder-el-1  avia-builder-el-no-sibling  avia-align-center '  itemprop=\"image\" itemscope=\"itemscope\" itemtype=\"https:\/\/schema.org\/ImageObject\"  ><div class='avia-image-container-inner'><div class='avia-image-overlay-wrap'><img decoding=\"async\" class='wp-image-46440 avia-img-lazy-loading-not-46440 avia_image' src=\"https:\/\/radiorevelacionfm.cl\/wp-content\/uploads\/2024\/09\/IMG_1333-1-1.jpeg\" alt='' title='IMG_1333 (1) (1)' height=\"600\" width=\"800\"  itemprop=\"thumbnailUrl\" srcset=\"https:\/\/radiorevelacionfm.cl\/wp-content\/uploads\/2024\/09\/IMG_1333-1-1.jpeg 800w, https:\/\/radiorevelacionfm.cl\/wp-content\/uploads\/2024\/09\/IMG_1333-1-1-300x225.jpeg 300w, https:\/\/radiorevelacionfm.cl\/wp-content\/uploads\/2024\/09\/IMG_1333-1-1-768x576.jpeg 768w, https:\/\/radiorevelacionfm.cl\/wp-content\/uploads\/2024\/09\/IMG_1333-1-1-705x529.jpeg 705w, https:\/\/radiorevelacionfm.cl\/wp-content\/uploads\/2024\/09\/IMG_1333-1-1-450x338.jpeg 450w, https:\/\/radiorevelacionfm.cl\/wp-content\/uploads\/2024\/09\/IMG_1333-1-1-600x450.jpeg 600w\" sizes=\"(max-width: 800px) 100vw, 800px\" \/><\/div><\/div><\/div><\/div><div class=\"flex_column av_one_full  flex_column_div av-zero-column-padding first  avia-builder-el-2  el_after_av_one_full  el_before_av_one_full  column-top-margin\" style='border-radius:0px; '><section class=\"av_textblock_section \"  itemscope=\"itemscope\" itemtype=\"https:\/\/schema.org\/BlogPosting\" itemprop=\"blogPost\" ><div class='avia_textblock  '   itemprop=\"text\" ><p style=\"text-align: center;\"><span style=\"font-size: 18pt;\"><strong>Vecinos de Caleta Tortel y Villa O\u00b4Higgins recibieron permiso de ocupaci\u00f3n para emprender en inmuebles fiscales<\/strong><\/span><\/p>\n<div id=\"gtx-trans\" style=\"position: absolute; left: -50px; top: 4.31534px;\">\n<div class=\"gtx-trans-icon\"><\/div>\n<\/div>\n<\/div><\/section><\/div><div class=\"flex_column av_one_full  flex_column_div av-zero-column-padding first  avia-builder-el-4  el_after_av_one_full  el_before_av_hr  column-top-margin\" style='border-radius:0px; '><section class=\"av_textblock_section \"  itemscope=\"itemscope\" itemtype=\"https:\/\/schema.org\/BlogPosting\" itemprop=\"blogPost\" ><div class='avia_textblock  '   itemprop=\"text\" ><p style=\"text-align: justify;\"><em>Seremi de Bienes Nacionales destac\u00f3 a aquellas personas que han optado por regularizar la ocupaci\u00f3n de inmuebles fiscales a trav\u00e9s del arriendo productivo.<\/em><\/p>\n<p style=\"text-align: justify;\">Durante un reciente recorrido por el sur austral de la regi\u00f3n, la Seremi de Bienes Nacionales de Ays\u00e9n, Irina Morend Valdebenito, otorg\u00f3 Permisos de Ocupaci\u00f3n Anticipada de inmueble fiscal a dos vecinos de Caleta Tortel y Villa O\u00b4Higgins, quienes destacaron la importancia que tiene la regularizaci\u00f3n de la ocupaci\u00f3n de terrenos para desarrollar proyectos productivos, acto administrativo que proporciona formalidad y abre puertas a los emprendedores para optar a beneficios de otras instituciones del Estado.<\/p>\n<p style=\"text-align: justify;\">En ese contexto, durante el mes de septiembre, el equipo de profesionales del Programa de Regularizaci\u00f3n de la Provincia Capit\u00e1n Prat junto a la secretaria regional ministerial visitaron a Aladino Vargas de Caleta Tortel, hist\u00f3rico ocupante del sector Ventisquero Steffens y a Eduardo Forranca de Villa O\u00b4Higgins, uno de los principales proveedores de huevos de gallina de la comuna; ambos, solicitantes de arriendo de inmueble fiscal en sus respectivas comunas, con el fin de formalizar sus actividades productivas.<\/p>\n<p style=\"text-align: justify;\"><strong>\u201cDonde Aladino\u201d<\/strong><\/p>\n<p style=\"text-align: justify;\">Es el nombre del emprendimiento que desarrollar\u00e1 don Aladino Vargas en el sector Steffens, lugar donde por a\u00f1os ha trabajado en diversos rubros como maderero, ganadero y tambi\u00e9n incursionando en el turismo rural realizando cabalgatas, siendo un antiguo ocupante de predios fiscales en un \u00e1rea de dificil acceso y susceptible de inundaciones por la presencia de lagunas glaciares, lo que impidi\u00f3 la consolidaci\u00f3n para habitar, pero gener\u00f3 una oportunidad para emprender.<\/p>\n<p style=\"text-align: justify;\">\u201cEn el marco de tramitaciones de arriendo le estamos entregando un permiso de ocupaci\u00f3n. Don Aladino ha trabajado muchos a\u00f1os en el sector Steffens y postul\u00f3 a un arriendo para seguir con planes de manejo y trabajar con otras instituciones\u201d, sostuvo la Seremi Irina Morend respecto de don Aladino Vargas, quien con la regularizaci\u00f3n de la ocupaci\u00f3n de inmueble podr\u00e1 trabajar con tranquilidad ya que, \u201cle estamos dando legitimidad al trabajo que ha hecho durante a\u00f1os en este sector, as\u00ed que para nosotros, \u00e9l como otros usuarios, son colaboradores del Estado para poder realizar actividades productivas en estas zonas tan aisladas\u00a0 de la regi\u00f3n como es la comuna de Tortel\u201d, afirm\u00f3 la autoridad.<\/p>\n<p style=\"text-align: justify;\">En respuesta, don Aladino se mostr\u00f3 \u201cmuy contento porque muy r\u00e1pido anduvo el tr\u00e1mite, as\u00ed que, hay empe\u00f1o y trabajo. Har\u00e9 todo lo que s\u00e9 hacer, lo que se pueda, arar el campo, hacer galpones, echar animales y cuidar la tierra a la vez. Los papeles se hicieron r\u00e1pido y por eso, estoy contento y agradecido\u201d, coment\u00f3.<\/p>\n<p style=\"text-align: justify;\"><strong>\u201cDon Lalo\u201d<\/strong><\/p>\n<p style=\"text-align: justify;\">\u201cAhora vamos sacando como 25 a 30 huevos de gallinas casi todos los d\u00edas. Bien r\u00e1pido anduvo el tr\u00e1mite. Queremos trabajar con nuestras gallinas, hacer invernaderos, traer \u00e1rboles frutales como ciruela, manzana ya que aqu\u00ed hay m\u00e1s espacio, tenemos agua para tener gansitos, patos, todo lo que no podemos tener en la villa porque ya est\u00e1n reclamando los vecinos\u201d, sostuvo muy contento don Eduardo, \u201cLalo\u201d, como le dicen de cari\u00f1o, ya que gracias a este permiso de ocupaci\u00f3n \u00a0otorgado por la Seremi de Bienes Nacionales podr\u00e1 iniciar las mejoras en el predio fiscal a donde trasladar\u00e1 sus gallineros mientras contin\u00faa su tramitaci\u00f3n de arriendo y sobre todo antes del verano, ya que al ser un sector m\u00e1s alejado de la localidad, evitar\u00e1 molestias debido a que junto a su pareja, son due\u00f1os de m\u00e1s de 200 gallinas, patos y gansos, producci\u00f3n av\u00edcola con la que pr\u00e1cticamente abastecen de carne de aves y huevos a la comuna.<\/p>\n<p style=\"text-align: justify;\">Respecto de estos dos ejemplos, la Seremi relev\u00f3 la intenci\u00f3n de ambos vecinos de formalizar la ocupaci\u00f3n de inmuebles fiscales a trav\u00e9s de la figura del arriendo productivo, el que les otorgar\u00e1 una resoluci\u00f3n de contrato con el Fisco de Chile, permiti\u00e9ndoles optar a diferentes beneficios por contar con la administraci\u00f3n formal para implementar sus emprendimientos; y en ese sentido, Morend inst\u00f3 a la comunidad a informarse sobre el arriendo visitando el sitio web <a href=\"http:\/\/www.bienesnacionales.cl\">www.bienesnacionales.cl<\/a> o enviando un correo electr\u00f3nico a <a href=\"mailto:consulta11@mbienes.cl\">consulta11@mbienes.cl<\/a> o visitando la oficina ubicada en Calle Plaza 361, Coyhaique.<\/p>\n<\/div><\/section><\/div><div  style='height:50px' class='hr hr-invisible   avia-builder-el-6  el_after_av_one_full  el_before_av_social_share '><span class='hr-inner ' ><span class='hr-inner-style'><\/span><\/span><\/div><\/p>\n<div  class='av-social-sharing-box  avia-builder-el-7  el_after_av_hr  el_before_av_hr  '><div class='av-share-box'><h5 class='av-share-link-description av-no-toc '>Compartir esta noticia<\/h5><ul class='av-share-box-list noLightbox'><li class='av-share-link av-social-link-facebook' ><a target=\"_blank\" aria-label=\"Compartir en Facebook\" href='https:\/\/www.facebook.com\/sharer.php?u=https:\/\/radiorevelacionfm.cl\/?p=46439&#038;t=Vecinos%20de%20Caleta%20Tortel%20y%20Villa%20O%C2%B4Higgins%20recibieron%20permiso%20de%20ocupaci%C3%B3n%20para%20emprender%20en%20inmuebles%20fiscales' aria-hidden='false' data-av_icon='\ue8f3' data-av_iconfont='entypo-fontello' title='' data-avia-related-tooltip='Compartir en Facebook' rel=\"noopener\"><span class='avia_hidden_link_text'>Compartir en Facebook<\/span><\/a><\/li><li class='av-share-link av-social-link-twitter' ><a target=\"_blank\" aria-label=\"Compartir en Twitter\" href='https:\/\/twitter.com\/share?text=Vecinos%20de%20Caleta%20Tortel%20y%20Villa%20O%C2%B4Higgins%20recibieron%20permiso%20de%20ocupaci%C3%B3n%20para%20emprender%20en%20inmuebles%20fiscales&#038;url=https:\/\/radiorevelacionfm.cl\/?p=46439' aria-hidden='false' data-av_icon='\ue8f1' data-av_iconfont='entypo-fontello' title='' data-avia-related-tooltip='Compartir en Twitter' rel=\"noopener\"><span class='avia_hidden_link_text'>Compartir en Twitter<\/span><\/a><\/li><li class='av-share-link av-social-link-whatsapp' ><a target=\"_blank\" aria-label=\"Compartir en Whatsapp\" href='https:\/\/api.whatsapp.com\/send?text=https:\/\/radiorevelacionfm.cl\/?p=46439' aria-hidden='false' data-av_icon='\uf232' data-av_iconfont='entypo-fontello' title='' data-avia-related-tooltip='Compartir en Whatsapp' rel=\"noopener\"><span class='avia_hidden_link_text'>Compartir en Whatsapp<\/span><\/a><\/li><li class='av-share-link av-social-link-linkedin' ><a target=\"_blank\" aria-label=\"Compartir en LinkedIn\" href='https:\/\/linkedin.com\/shareArticle?mini=true&#038;title=Vecinos%20de%20Caleta%20Tortel%20y%20Villa%20O%C2%B4Higgins%20recibieron%20permiso%20de%20ocupaci%C3%B3n%20para%20emprender%20en%20inmuebles%20fiscales&#038;url=https:\/\/radiorevelacionfm.cl\/?p=46439' aria-hidden='false' data-av_icon='\ue8fc' data-av_iconfont='entypo-fontello' title='' data-avia-related-tooltip='Compartir en LinkedIn' rel=\"noopener\"><span class='avia_hidden_link_text'>Compartir en LinkedIn<\/span><\/a><\/li><li class='av-share-link av-social-link-mail' ><a  aria-label=\"Compartir por correo\" href='mailto:?subject=Vecinos%20de%20Caleta%20Tortel%20y%20Villa%20O%C2%B4Higgins%20recibieron%20permiso%20de%20ocupaci%C3%B3n%20para%20emprender%20en%20inmuebles%20fiscales&#038;body=https:\/\/radiorevelacionfm.cl\/?p=46439' aria-hidden='false' data-av_icon='\ue805' data-av_iconfont='entypo-fontello' title='' data-avia-related-tooltip='Compartir por correo'><span class='avia_hidden_link_text'>Compartir por correo<\/span><\/a><\/li><\/ul><\/div><\/div>\n<div  style='height:50px' class='hr hr-invisible   avia-builder-el-8  el_after_av_social_share  el_before_av_comments_list '><span class='hr-inner ' ><span class='hr-inner-style'><\/span><\/span><\/div>\n<div  class='av-buildercomment  av-blog-meta-html-info-disabled av-blog-meta-tag-disabled  '><\/div>\n","protected":false},"excerpt":{"rendered":"","protected":false},"author":1,"featured_media":46440,"comment_status":"open","ping_status":"open","sticky":false,"template":"","format":"standard","meta":{"footnotes":""},"categories":[38],"tags":[],"class_list":["post-46439","post","type-post","status-publish","format-standard","has-post-thumbnail","hentry","category-regional"],"jetpack_featured_media_url":"https:\/\/radiorevelacionfm.cl\/wp-content\/uploads\/2024\/09\/IMG_1333-1-1.jpeg","_links":{"self":[{"href":"https:\/\/radiorevelacionfm.cl\/index.php?rest_route=\/wp\/v2\/posts\/46439","targetHints":{"allow":["GET"]}}],"collection":[{"href":"https:\/\/radiorevelacionfm.cl\/index.php?rest_route=\/wp\/v2\/posts"}],"about":[{"href":"https:\/\/radiorevelacionfm.cl\/index.php?rest_route=\/wp\/v2\/types\/post"}],"author":[{"embeddable":true,"href":"https:\/\/radiorevelacionfm.cl\/index.php?rest_route=\/wp\/v2\/users\/1"}],"replies":[{"embeddable":true,"href":"https:\/\/radiorevelacionfm.cl\/index.php?rest_route=%2Fwp%2Fv2%2Fcomments&post=46439"}],"version-history":[{"count":1,"href":"https:\/\/radiorevelacionfm.cl\/index.php?rest_route=\/wp\/v2\/posts\/46439\/revisions"}],"predecessor-version":[{"id":46441,"href":"https:\/\/radiorevelacionfm.cl\/index.php?rest_route=\/wp\/v2\/posts\/46439\/revisions\/46441"}],"wp:featuredmedia":[{"embeddable":true,"href":"https:\/\/radiorevelacionfm.cl\/index.php?rest_route=\/wp\/v2\/media\/46440"}],"wp:attachment":[{"href":"https:\/\/radiorevelacionfm.cl\/index.php?rest_route=%2Fwp%2Fv2%2Fmedia&parent=46439"}],"wp:term":[{"taxonomy":"category","embeddable":true,"href":"https:\/\/radiorevelacionfm.cl\/index.php?rest_route=%2Fwp%2Fv2%2Fcategories&post=46439"},{"taxonomy":"post_tag","embeddable":true,"href":"https:\/\/radiorevelacionfm.cl\/index.php?rest_route=%2Fwp%2Fv2%2Ftags&post=46439"}],"curies":[{"name":"wp","href":"https:\/\/api.w.org\/{rel}","templated":true}]}}