{"id":46436,"date":"2024-09-25T15:32:38","date_gmt":"2024-09-25T18:32:38","guid":{"rendered":"https:\/\/radiorevelacionfm.cl\/?p=46436"},"modified":"2024-09-25T15:32:38","modified_gmt":"2024-09-25T18:32:38","slug":"anuncian-funcionamiento-de-cine-comunitario-en-coyhaique-desde-diciembre","status":"publish","type":"post","link":"https:\/\/radiorevelacionfm.cl\/?p=46436","title":{"rendered":"Anuncian funcionamiento de Cine Comunitario en Coyhaique desde diciembre"},"content":{"rendered":"<div class=\"flex_column av_one_full  flex_column_div av-zero-column-padding first  avia-builder-el-0  el_before_av_one_full  avia-builder-el-first  \" style='border-radius:0px; '><div  class='avia-image-container  av-styling-    avia-builder-el-1  avia-builder-el-no-sibling  avia-align-center '  itemprop=\"image\" itemscope=\"itemscope\" itemtype=\"https:\/\/schema.org\/ImageObject\"  ><div class='avia-image-container-inner'><div class='avia-image-overlay-wrap'><img decoding=\"async\" class='wp-image-46437 avia-img-lazy-loading-not-46437 avia_image' src=\"https:\/\/radiorevelacionfm.cl\/wp-content\/uploads\/2024\/09\/Voceria-Cine-Comunitario-1-1.jpeg\" alt='' title='Vocer\u00eda Cine Comunitario (1) (1)' height=\"600\" width=\"800\"  itemprop=\"thumbnailUrl\" srcset=\"https:\/\/radiorevelacionfm.cl\/wp-content\/uploads\/2024\/09\/Voceria-Cine-Comunitario-1-1.jpeg 800w, https:\/\/radiorevelacionfm.cl\/wp-content\/uploads\/2024\/09\/Voceria-Cine-Comunitario-1-1-300x225.jpeg 300w, https:\/\/radiorevelacionfm.cl\/wp-content\/uploads\/2024\/09\/Voceria-Cine-Comunitario-1-1-768x576.jpeg 768w, https:\/\/radiorevelacionfm.cl\/wp-content\/uploads\/2024\/09\/Voceria-Cine-Comunitario-1-1-705x529.jpeg 705w, https:\/\/radiorevelacionfm.cl\/wp-content\/uploads\/2024\/09\/Voceria-Cine-Comunitario-1-1-450x338.jpeg 450w, https:\/\/radiorevelacionfm.cl\/wp-content\/uploads\/2024\/09\/Voceria-Cine-Comunitario-1-1-600x450.jpeg 600w\" sizes=\"(max-width: 800px) 100vw, 800px\" \/><\/div><\/div><\/div><\/div><div class=\"flex_column av_one_full  flex_column_div av-zero-column-padding first  avia-builder-el-2  el_after_av_one_full  el_before_av_one_full  column-top-margin\" style='border-radius:0px; '><section class=\"av_textblock_section \"  itemscope=\"itemscope\" itemtype=\"https:\/\/schema.org\/BlogPosting\" itemprop=\"blogPost\" ><div class='avia_textblock  '   itemprop=\"text\" ><p style=\"text-align: center;\"><strong><span style=\"font-size: 18pt;\">Anuncian funcionamiento de Cine Comunitario en Coyhaique desde diciembre <\/span><\/strong><\/p>\n<div id=\"gtx-trans\" style=\"position: absolute; left: -50px; top: 4.31534px;\">\n<div class=\"gtx-trans-icon\"><\/div>\n<\/div>\n<\/div><\/section><\/div><div class=\"flex_column av_one_full  flex_column_div av-zero-column-padding first  avia-builder-el-4  el_after_av_one_full  el_before_av_hr  column-top-margin\" style='border-radius:0px; '><section class=\"av_textblock_section \"  itemscope=\"itemscope\" itemtype=\"https:\/\/schema.org\/BlogPosting\" itemprop=\"blogPost\" ><div class='avia_textblock  '   itemprop=\"text\" ><p style=\"text-align: justify;\"><em>El alcalde de Coyhaique, Carlos Gatica, destac\u00f3 que se est\u00e1 abriendo un espacio cultural importante en la regi\u00f3n y cumpliendo con un anhelo de a\u00f1os en la comunidad.<\/em><\/p>\n<p style=\"text-align: justify;\">Con una hist\u00f3rica inversi\u00f3n que supera los $91 millones de pesos, el alcalde de Coyhaique, Carlos Gatica junto a la gobernadora regional, Andrea Mac\u00edas, el seremi de Cultura, Las Artes y el Patrimonio, Felipe Quiroz y la directora ejecutiva de la Corporaci\u00f3n Cultural Municipal, Carolina Pinochet, dieron el vamos a las obras de mejoramiento del Centro Cultural de Coyhaique, y anunciaron la adquisici\u00f3n de modernos equipos que permitir\u00e1n crear el primer Cine Comunitario de la Regi\u00f3n de Ays\u00e9n.<\/p>\n<p style=\"text-align: justify;\">La adquisici\u00f3n de los modernos equipos contempla; altavoces envolventes, subwoofer, soportes y montaje para estos equipos, amplificador de potencia, digital cinema proyector, procesador de cine (dolby), servidor multimedia integrado, gabinete, tel\u00f3n para alta definici\u00f3n, entre otros, destinados a lo que ser\u00e1 el Cine Comunitario que se encontrar\u00e1 en el auditorium del Centro Cultural de la capital regional.<\/p>\n<p style=\"text-align: justify;\">Sobre este importante anuncio, el alcalde de Coyhaique, Carlos Gatica, manifest\u00f3 que \u201cestamos muy contentos de anunciar que comenzaron los trabajos de preparaci\u00f3n en nuestro sal\u00f3n auditorium del Centro Cultural de Coyhaique, instalaci\u00f3n perteneciente al Ministerio de Cultura, Las Artes y el Patrimonio en comodato a la Corporaci\u00f3n Cultural de Coyhaique. Hemos trabajado en conjunto al Gobierno Regional para responder a una deuda con nuestra comunidad que era restablecer el cine, y generamos una planificaci\u00f3n que ha iniciado con obras en todo este espacio, de habilitaci\u00f3n para poder recibir el equipamiento y tecnolog\u00eda necesaria para poder proyectar las pel\u00edculas y estrenos que est\u00e9n en cartelera del pa\u00eds y en el mundo\u201d.<\/p>\n<p style=\"text-align: justify;\">\u201cDurante el mes de diciembre se estar\u00e1 dando inicio al Cine Comunitario en pleno, en tanto, se est\u00e1 ya trabajando en la implementaci\u00f3n de los espacios que conllevan el mejoramiento del mismo, cambio de iluminaci\u00f3n a led y reforzamiento de infraestructura, para ya el pr\u00f3ximo mes, ser publicada por el Gobierno Regional la licitaci\u00f3n correspondiente para la adquisici\u00f3n de los equipos por m\u00e1s de $90 millones de pesos\u201d, detall\u00f3 la autoridad comunal.<\/p>\n<p style=\"text-align: justify;\">\u201cNosotros como municipio nos haremos cargo de la licencia para ir proyectando las pel\u00edculas, mes a mes, iremos informando a la comunidad respecto de los valores de las pel\u00edculas, para ello estamos elaborando una estrategia en la que estimamos que bordear\u00e1n los $3.000 pesos o un poco m\u00e1s, dependiendo de la pel\u00edcula. Por ende, nuestro llamado a la comunidad es a disfrutar de estos espacios que dar\u00e1n una apertura en materia cultural y tambi\u00e9n en la forma de recreaci\u00f3n, por nuestra parte, estaremos trabajando para poner en marcha este cine, que es parte de los servicios comunitarios que hemos creado como administraci\u00f3n\u201d, a\u00f1adi\u00f3 Carlos Gatica.<\/p>\n<p style=\"text-align: justify;\">Por su parte, la gobernadora regional de Ays\u00e9n, Andrea Mac\u00edas, expres\u00f3 que \u201cla Regi\u00f3n de Ays\u00e9n tiene una brecha en muchas materias y una de ellas, tiene que ver con el acceso a los espacios culturales. En ese sentido, el acceso al cine es algo que uno pudiese pensar en cualquier lugar como algo tan b\u00e1sico y en nuestra regi\u00f3n no es posible, por eso, atendimos al requerimiento del municipio, para poder en este mismo espacio generar las condiciones necesarias en infraestructura y equipos que permitan tener una cartelera permanente, garantiz\u00e1ndose que pueda funcionar, para ello se ha realizado este trabajo colaborativo\u201d.<\/p>\n<p style=\"text-align: justify;\">\u201cEsta es una inversi\u00f3n importante, que permitir\u00e1 contar con el tel\u00f3n, el sistema de sonido y el equipo proyector, que permitir\u00e1 a nuestra comunidad disfrutar de esta experiencia\u201d, agreg\u00f3 la primera autoridad regional.<\/p>\n<p style=\"text-align: justify;\">Por su parte, el seremi de Las Culturas, Las Artes y el Patrimonio, Felipe Quiroz, enfatiz\u00f3 que \u201cesta alianza virtuosa viene a relevar un eje que queremos apoyar y que es la construcci\u00f3n de comunidad. Esto es importante, porque vamos a poder contar con una instancia de cine que nos permitir\u00e1 ser parte del ecosistema nacional de exhibiciones de caracter internacional y de la producci\u00f3n nacional. Hemos visto tambi\u00e9n como se ha ido fortaleciendo el trabajo de la Corporaci\u00f3n y del Centro Cultural, es una senda que queremos apoyar como gobierno, ya que viene a poner en el centro al mundo cultural como un lugar para potenciarnos y encontrarnos como comunidad\u201d.<\/p>\n<p style=\"text-align: justify;\">Finalmente, la directora ejecutiva de la Corporaci\u00f3n Cultural Municipal de Coyhaique, Carolina Pinochet, coment\u00f3 que \u201cnos sentimos agradecidos de los apoyos que hemos recibido para poder ir habilitando en este espacio, tanto el auditorio como el Centro Cultural en general, para fortalecer las instancias que est\u00e1n convocando a m\u00e1s y m\u00e1s p\u00fablico. Sabemos que el cine es una instancia que llama al inter\u00e9s de grandes p\u00fablicos. Hemos ido generando una programaci\u00f3n que tiene relaci\u00f3n con el arte, la reflexi\u00f3n pol\u00edtica y los ecosistemas, vinculando a los distintos p\u00fablicos y nos interesa que llegue gente aqu\u00ed a ver grandes pel\u00edculas, pero que tambi\u00e9n pueda disfrutar de todas las instancias que se desarrollan en este espacio\u201d.<\/p>\n<\/div><\/section><\/div><div  style='height:50px' class='hr hr-invisible   avia-builder-el-6  el_after_av_one_full  el_before_av_social_share '><span class='hr-inner ' ><span class='hr-inner-style'><\/span><\/span><\/div><\/p>\n<div  class='av-social-sharing-box  avia-builder-el-7  el_after_av_hr  el_before_av_hr  '><div class='av-share-box'><h5 class='av-share-link-description av-no-toc '>Compartir esta noticia<\/h5><ul class='av-share-box-list noLightbox'><li class='av-share-link av-social-link-facebook' ><a target=\"_blank\" aria-label=\"Compartir en Facebook\" href='https:\/\/www.facebook.com\/sharer.php?u=https:\/\/radiorevelacionfm.cl\/?p=46436&#038;t=Anuncian%20funcionamiento%20de%20Cine%20Comunitario%20en%20Coyhaique%20desde%20diciembre' aria-hidden='false' data-av_icon='\ue8f3' data-av_iconfont='entypo-fontello' title='' data-avia-related-tooltip='Compartir en Facebook' rel=\"noopener\"><span class='avia_hidden_link_text'>Compartir en Facebook<\/span><\/a><\/li><li class='av-share-link av-social-link-twitter' ><a target=\"_blank\" aria-label=\"Compartir en Twitter\" href='https:\/\/twitter.com\/share?text=Anuncian%20funcionamiento%20de%20Cine%20Comunitario%20en%20Coyhaique%20desde%20diciembre&#038;url=https:\/\/radiorevelacionfm.cl\/?p=46436' aria-hidden='false' data-av_icon='\ue8f1' data-av_iconfont='entypo-fontello' title='' data-avia-related-tooltip='Compartir en Twitter' rel=\"noopener\"><span class='avia_hidden_link_text'>Compartir en Twitter<\/span><\/a><\/li><li class='av-share-link av-social-link-whatsapp' ><a target=\"_blank\" aria-label=\"Compartir en Whatsapp\" href='https:\/\/api.whatsapp.com\/send?text=https:\/\/radiorevelacionfm.cl\/?p=46436' aria-hidden='false' data-av_icon='\uf232' data-av_iconfont='entypo-fontello' title='' data-avia-related-tooltip='Compartir en Whatsapp' rel=\"noopener\"><span class='avia_hidden_link_text'>Compartir en Whatsapp<\/span><\/a><\/li><li class='av-share-link av-social-link-linkedin' ><a target=\"_blank\" aria-label=\"Compartir en LinkedIn\" href='https:\/\/linkedin.com\/shareArticle?mini=true&#038;title=Anuncian%20funcionamiento%20de%20Cine%20Comunitario%20en%20Coyhaique%20desde%20diciembre&#038;url=https:\/\/radiorevelacionfm.cl\/?p=46436' aria-hidden='false' data-av_icon='\ue8fc' data-av_iconfont='entypo-fontello' title='' data-avia-related-tooltip='Compartir en LinkedIn' rel=\"noopener\"><span class='avia_hidden_link_text'>Compartir en LinkedIn<\/span><\/a><\/li><li class='av-share-link av-social-link-mail' ><a  aria-label=\"Compartir por correo\" href='mailto:?subject=Anuncian%20funcionamiento%20de%20Cine%20Comunitario%20en%20Coyhaique%20desde%20diciembre&#038;body=https:\/\/radiorevelacionfm.cl\/?p=46436' aria-hidden='false' data-av_icon='\ue805' data-av_iconfont='entypo-fontello' title='' data-avia-related-tooltip='Compartir por correo'><span class='avia_hidden_link_text'>Compartir por correo<\/span><\/a><\/li><\/ul><\/div><\/div>\n<div  style='height:50px' class='hr hr-invisible   avia-builder-el-8  el_after_av_social_share  el_before_av_comments_list '><span class='hr-inner ' ><span class='hr-inner-style'><\/span><\/span><\/div>\n<div  class='av-buildercomment  av-blog-meta-html-info-disabled av-blog-meta-tag-disabled  '><\/div>\n","protected":false},"excerpt":{"rendered":"","protected":false},"author":1,"featured_media":46437,"comment_status":"open","ping_status":"open","sticky":false,"template":"","format":"standard","meta":{"footnotes":""},"categories":[38],"tags":[],"class_list":["post-46436","post","type-post","status-publish","format-standard","has-post-thumbnail","hentry","category-regional"],"jetpack_featured_media_url":"https:\/\/radiorevelacionfm.cl\/wp-content\/uploads\/2024\/09\/Voceria-Cine-Comunitario-1-1.jpeg","_links":{"self":[{"href":"https:\/\/radiorevelacionfm.cl\/index.php?rest_route=\/wp\/v2\/posts\/46436","targetHints":{"allow":["GET"]}}],"collection":[{"href":"https:\/\/radiorevelacionfm.cl\/index.php?rest_route=\/wp\/v2\/posts"}],"about":[{"href":"https:\/\/radiorevelacionfm.cl\/index.php?rest_route=\/wp\/v2\/types\/post"}],"author":[{"embeddable":true,"href":"https:\/\/radiorevelacionfm.cl\/index.php?rest_route=\/wp\/v2\/users\/1"}],"replies":[{"embeddable":true,"href":"https:\/\/radiorevelacionfm.cl\/index.php?rest_route=%2Fwp%2Fv2%2Fcomments&post=46436"}],"version-history":[{"count":1,"href":"https:\/\/radiorevelacionfm.cl\/index.php?rest_route=\/wp\/v2\/posts\/46436\/revisions"}],"predecessor-version":[{"id":46438,"href":"https:\/\/radiorevelacionfm.cl\/index.php?rest_route=\/wp\/v2\/posts\/46436\/revisions\/46438"}],"wp:featuredmedia":[{"embeddable":true,"href":"https:\/\/radiorevelacionfm.cl\/index.php?rest_route=\/wp\/v2\/media\/46437"}],"wp:attachment":[{"href":"https:\/\/radiorevelacionfm.cl\/index.php?rest_route=%2Fwp%2Fv2%2Fmedia&parent=46436"}],"wp:term":[{"taxonomy":"category","embeddable":true,"href":"https:\/\/radiorevelacionfm.cl\/index.php?rest_route=%2Fwp%2Fv2%2Fcategories&post=46436"},{"taxonomy":"post_tag","embeddable":true,"href":"https:\/\/radiorevelacionfm.cl\/index.php?rest_route=%2Fwp%2Fv2%2Ftags&post=46436"}],"curies":[{"name":"wp","href":"https:\/\/api.w.org\/{rel}","templated":true}]}}