{"id":46432,"date":"2024-09-25T10:49:10","date_gmt":"2024-09-25T13:49:10","guid":{"rendered":"https:\/\/radiorevelacionfm.cl\/?p=46432"},"modified":"2024-09-25T10:49:10","modified_gmt":"2024-09-25T13:49:10","slug":"jardin-infantil-la-villita-de-coyhaique-es-ganador-de-la-competencia-eficiencia-energetica-2024","status":"publish","type":"post","link":"https:\/\/radiorevelacionfm.cl\/?p=46432","title":{"rendered":"Jard\u00edn Infantil \u201cLa Villita\u201d de Coyhaique es ganador de la competencia Eficiencia Energ\u00e9tica 2024"},"content":{"rendered":"<div class=\"flex_column av_one_full  flex_column_div av-zero-column-padding first  avia-builder-el-0  el_before_av_one_full  avia-builder-el-first  \" style='border-radius:0px; '><div  class='avia-image-container  av-styling-    avia-builder-el-1  avia-builder-el-no-sibling  avia-align-center '  itemprop=\"image\" itemscope=\"itemscope\" itemtype=\"https:\/\/schema.org\/ImageObject\"  ><div class='avia-image-container-inner'><div class='avia-image-overlay-wrap'><img decoding=\"async\" class='wp-image-46434 avia-img-lazy-loading-not-46434 avia_image' src=\"https:\/\/radiorevelacionfm.cl\/wp-content\/uploads\/2024\/09\/Eficiencia-Energetica-La-Villita0-1-1.jpeg\" alt='' title='Eficiencia Energ\u00e9tica - La Villita0 (1) (1)' height=\"600\" width=\"800\"  itemprop=\"thumbnailUrl\" srcset=\"https:\/\/radiorevelacionfm.cl\/wp-content\/uploads\/2024\/09\/Eficiencia-Energetica-La-Villita0-1-1.jpeg 800w, https:\/\/radiorevelacionfm.cl\/wp-content\/uploads\/2024\/09\/Eficiencia-Energetica-La-Villita0-1-1-300x225.jpeg 300w, https:\/\/radiorevelacionfm.cl\/wp-content\/uploads\/2024\/09\/Eficiencia-Energetica-La-Villita0-1-1-768x576.jpeg 768w, https:\/\/radiorevelacionfm.cl\/wp-content\/uploads\/2024\/09\/Eficiencia-Energetica-La-Villita0-1-1-705x529.jpeg 705w, https:\/\/radiorevelacionfm.cl\/wp-content\/uploads\/2024\/09\/Eficiencia-Energetica-La-Villita0-1-1-450x338.jpeg 450w, https:\/\/radiorevelacionfm.cl\/wp-content\/uploads\/2024\/09\/Eficiencia-Energetica-La-Villita0-1-1-600x450.jpeg 600w\" sizes=\"(max-width: 800px) 100vw, 800px\" \/><\/div><\/div><\/div><\/div><div class=\"flex_column av_one_full  flex_column_div av-zero-column-padding first  avia-builder-el-2  el_after_av_one_full  el_before_av_one_full  column-top-margin\" style='border-radius:0px; '><section class=\"av_textblock_section \"  itemscope=\"itemscope\" itemtype=\"https:\/\/schema.org\/BlogPosting\" itemprop=\"blogPost\" ><div class='avia_textblock  '   itemprop=\"text\" ><p style=\"text-align: center;\"><strong><span style=\"font-size: 18pt;\">Jard\u00edn Infantil \u201cLa Villita\u201d de Coyhaique es ganador de la competencia Eficiencia Energ\u00e9tica 2024<\/span><\/strong><\/p>\n<div id=\"gtx-trans\" style=\"position: absolute; left: -50px; top: 4.31534px;\">\n<div class=\"gtx-trans-icon\"><\/div>\n<\/div>\n<\/div><\/section><\/div><div class=\"flex_column av_one_full  flex_column_div av-zero-column-padding first  avia-builder-el-4  el_after_av_one_full  el_before_av_hr  column-top-margin\" style='border-radius:0px; '><section class=\"av_textblock_section \"  itemscope=\"itemscope\" itemtype=\"https:\/\/schema.org\/BlogPosting\" itemprop=\"blogPost\" ><div class='avia_textblock  '   itemprop=\"text\" ><p style=\"text-align: justify;\"><em>Como premio, el establecimiento recibir\u00e1 un laboratorio m\u00f3vil dise\u00f1ado para educar y motivar a los ni\u00f1os en el uso responsable de la energ\u00eda.<\/em><\/p>\n<p style=\"text-align: justify;\">El jard\u00edn infantil \u201cLa Villita\u201d de Villa Ortega, fue el ganador de la competencia de eficiencia energ\u00e9tica impulsado por Grupo Saesa a trav\u00e9s de su programa \u201cEscuelas con Energ\u00eda\u201d. El premio consistir\u00e1 en un Minilab, un innovador laboratorio m\u00f3vil que permitir\u00e1 a los ni\u00f1os a aprender de manera interactiva sobre ciencia, energ\u00eda y sostenibilidad.<\/p>\n<p style=\"text-align: justify;\">Yasna Vera, ejecutiva de relacionamiento de Edelaysen destac\u00f3 que: \u201cEstamos muy orgullosos de premiar al jard\u00edn infantil \u201cLa Villita\u201d. Su compromiso con el cuidado y ahorro de energ\u00eda es un ejemplo para todos los vecinos y vecinas. El Minilab que adquirir\u00e1n a partir de esta premiaci\u00f3n, esperamos que sea una herramienta clave para que los ni\u00f1os sigan aprendiendo y motiv\u00e1ndose a cuidar nuestro medio ambiente, a trav\u00e9s del ahorro de energ\u00eda, desde temprana edad. Por lo tanto desde Edelaysen estamos felices de entregar este premio para el establecimiento de la comuna de Coyhaique\u201d.<\/p>\n<p style=\"text-align: justify;\">Este reconocimiento se entreg\u00f3 a partir del esfuerzo del establecimiento y su comunidad educativa en la adopci\u00f3n de pr\u00e1cticas sostenibles y el fomento del uso eficiente de los recursos energ\u00e9ticos. La competencia, que busca promover la eficiencia energ\u00e9tica en los ni\u00f1os y ni\u00f1as, destac\u00f3 al jard\u00edn infantil por su dedicaci\u00f3n a implementar iniciativas que fomenten el cuidado y ahorro de la energ\u00eda en los peque\u00f1os.<\/p>\n<p style=\"text-align: justify;\">Por su parte Adela Vargas, encargada del jard\u00edn infantil La Villita coment\u00f3 \u201cEstamos muy contentos de haber ganado este concurso de eficiencia energ\u00e9tica. Trabajamos con los chicos en la importancia de cuidar la energ\u00eda, por ejemplo, cuando nos cambiamos de espacio ellos ya sab\u00edan que deb\u00edamos dejar las luces apagadas porque no la est\u00e1bamos ocupando, entonces esto tambi\u00e9n lo fueron replicando en la casa y fueron de a poco tomando conciencia de la importancia de cuidar la energ\u00eda. Agradecidos de Edelaysen por lo que se nos viene, lo que ganamos y desde ya todos felices porque podemos ir mejorando los espacios que tenemos aqu\u00ed en el jard\u00edn\u201d.<\/p>\n<p style=\"text-align: justify;\">El Minilab ofrecer\u00e1 diversas actividades did\u00e1cticas que facilitar\u00e1n el aprendizaje pr\u00e1ctico, brindando una experiencia educativa enriquecedora para los ni\u00f1os de Villa Ortega, junto con ello, fomentar los valores de sostenibilidad y la eficiencia en el cuidado de la energ\u00eda tanto en el establecimiento como en cada uno de sus hogares.<\/p>\n<\/div><\/section><\/div><div  style='height:50px' class='hr hr-invisible   avia-builder-el-6  el_after_av_one_full  el_before_av_social_share '><span class='hr-inner ' ><span class='hr-inner-style'><\/span><\/span><\/div><\/p>\n<div  class='av-social-sharing-box  avia-builder-el-7  el_after_av_hr  el_before_av_hr  '><div class='av-share-box'><h5 class='av-share-link-description av-no-toc '>Compartir esta noticia<\/h5><ul class='av-share-box-list noLightbox'><li class='av-share-link av-social-link-facebook' ><a target=\"_blank\" aria-label=\"Compartir en Facebook\" href='https:\/\/www.facebook.com\/sharer.php?u=https:\/\/radiorevelacionfm.cl\/?p=46432&#038;t=Jard%C3%ADn%20Infantil%20%E2%80%9CLa%20Villita%E2%80%9D%20de%20Coyhaique%20es%20ganador%20de%20la%20competencia%20Eficiencia%20Energ%C3%A9tica%202024' aria-hidden='false' data-av_icon='\ue8f3' data-av_iconfont='entypo-fontello' title='' data-avia-related-tooltip='Compartir en Facebook' rel=\"noopener\"><span class='avia_hidden_link_text'>Compartir en Facebook<\/span><\/a><\/li><li class='av-share-link av-social-link-twitter' ><a target=\"_blank\" aria-label=\"Compartir en Twitter\" href='https:\/\/twitter.com\/share?text=Jard%C3%ADn%20Infantil%20%E2%80%9CLa%20Villita%E2%80%9D%20de%20Coyhaique%20es%20ganador%20de%20la%20competencia%20Eficiencia%20Energ%C3%A9tica%202024&#038;url=https:\/\/radiorevelacionfm.cl\/?p=46432' aria-hidden='false' data-av_icon='\ue8f1' data-av_iconfont='entypo-fontello' title='' data-avia-related-tooltip='Compartir en Twitter' rel=\"noopener\"><span class='avia_hidden_link_text'>Compartir en Twitter<\/span><\/a><\/li><li class='av-share-link av-social-link-whatsapp' ><a target=\"_blank\" aria-label=\"Compartir en Whatsapp\" href='https:\/\/api.whatsapp.com\/send?text=https:\/\/radiorevelacionfm.cl\/?p=46432' aria-hidden='false' data-av_icon='\uf232' data-av_iconfont='entypo-fontello' title='' data-avia-related-tooltip='Compartir en Whatsapp' rel=\"noopener\"><span class='avia_hidden_link_text'>Compartir en Whatsapp<\/span><\/a><\/li><li class='av-share-link av-social-link-linkedin' ><a target=\"_blank\" aria-label=\"Compartir en LinkedIn\" href='https:\/\/linkedin.com\/shareArticle?mini=true&#038;title=Jard%C3%ADn%20Infantil%20%E2%80%9CLa%20Villita%E2%80%9D%20de%20Coyhaique%20es%20ganador%20de%20la%20competencia%20Eficiencia%20Energ%C3%A9tica%202024&#038;url=https:\/\/radiorevelacionfm.cl\/?p=46432' aria-hidden='false' data-av_icon='\ue8fc' data-av_iconfont='entypo-fontello' title='' data-avia-related-tooltip='Compartir en LinkedIn' rel=\"noopener\"><span class='avia_hidden_link_text'>Compartir en LinkedIn<\/span><\/a><\/li><li class='av-share-link av-social-link-mail' ><a  aria-label=\"Compartir por correo\" href='mailto:?subject=Jard%C3%ADn%20Infantil%20%E2%80%9CLa%20Villita%E2%80%9D%20de%20Coyhaique%20es%20ganador%20de%20la%20competencia%20Eficiencia%20Energ%C3%A9tica%202024&#038;body=https:\/\/radiorevelacionfm.cl\/?p=46432' aria-hidden='false' data-av_icon='\ue805' data-av_iconfont='entypo-fontello' title='' data-avia-related-tooltip='Compartir por correo'><span class='avia_hidden_link_text'>Compartir por correo<\/span><\/a><\/li><\/ul><\/div><\/div>\n<div  style='height:50px' class='hr hr-invisible   avia-builder-el-8  el_after_av_social_share  el_before_av_comments_list '><span class='hr-inner ' ><span class='hr-inner-style'><\/span><\/span><\/div>\n<div  class='av-buildercomment  av-blog-meta-html-info-disabled av-blog-meta-tag-disabled  '><\/div>\n","protected":false},"excerpt":{"rendered":"","protected":false},"author":1,"featured_media":46434,"comment_status":"open","ping_status":"open","sticky":false,"template":"","format":"standard","meta":{"footnotes":""},"categories":[38],"tags":[],"class_list":["post-46432","post","type-post","status-publish","format-standard","has-post-thumbnail","hentry","category-regional"],"jetpack_featured_media_url":"https:\/\/radiorevelacionfm.cl\/wp-content\/uploads\/2024\/09\/Eficiencia-Energetica-La-Villita0-1-1.jpeg","_links":{"self":[{"href":"https:\/\/radiorevelacionfm.cl\/index.php?rest_route=\/wp\/v2\/posts\/46432","targetHints":{"allow":["GET"]}}],"collection":[{"href":"https:\/\/radiorevelacionfm.cl\/index.php?rest_route=\/wp\/v2\/posts"}],"about":[{"href":"https:\/\/radiorevelacionfm.cl\/index.php?rest_route=\/wp\/v2\/types\/post"}],"author":[{"embeddable":true,"href":"https:\/\/radiorevelacionfm.cl\/index.php?rest_route=\/wp\/v2\/users\/1"}],"replies":[{"embeddable":true,"href":"https:\/\/radiorevelacionfm.cl\/index.php?rest_route=%2Fwp%2Fv2%2Fcomments&post=46432"}],"version-history":[{"count":1,"href":"https:\/\/radiorevelacionfm.cl\/index.php?rest_route=\/wp\/v2\/posts\/46432\/revisions"}],"predecessor-version":[{"id":46435,"href":"https:\/\/radiorevelacionfm.cl\/index.php?rest_route=\/wp\/v2\/posts\/46432\/revisions\/46435"}],"wp:featuredmedia":[{"embeddable":true,"href":"https:\/\/radiorevelacionfm.cl\/index.php?rest_route=\/wp\/v2\/media\/46434"}],"wp:attachment":[{"href":"https:\/\/radiorevelacionfm.cl\/index.php?rest_route=%2Fwp%2Fv2%2Fmedia&parent=46432"}],"wp:term":[{"taxonomy":"category","embeddable":true,"href":"https:\/\/radiorevelacionfm.cl\/index.php?rest_route=%2Fwp%2Fv2%2Fcategories&post=46432"},{"taxonomy":"post_tag","embeddable":true,"href":"https:\/\/radiorevelacionfm.cl\/index.php?rest_route=%2Fwp%2Fv2%2Ftags&post=46432"}],"curies":[{"name":"wp","href":"https:\/\/api.w.org\/{rel}","templated":true}]}}