{"id":4643,"date":"2021-05-28T17:32:10","date_gmt":"2021-05-28T20:32:10","guid":{"rendered":"https:\/\/radiorevelacionfm.cl\/?p=4643"},"modified":"2021-05-28T17:32:10","modified_gmt":"2021-05-28T20:32:10","slug":"se-amplio-plazo-de-postulacion-al-programa-lena-mas-seca-especial-maquinarias","status":"publish","type":"post","link":"https:\/\/radiorevelacionfm.cl\/?p=4643","title":{"rendered":"Se ampli\u00f3 plazo de postulaci\u00f3n al programa \u201cLe\u00f1a M\u00e1s Seca Especial Maquinarias\u201d"},"content":{"rendered":"<div class=\"flex_column av_one_full  flex_column_div av-zero-column-padding first  avia-builder-el-0  el_before_av_one_full  avia-builder-el-first  \" style='border-radius:0px; '><div  class='avia-image-container  av-styling-    avia-builder-el-1  avia-builder-el-no-sibling  avia-align-center '  itemprop=\"image\" itemscope=\"itemscope\" itemtype=\"https:\/\/schema.org\/ImageObject\"  ><div class='avia-image-container-inner'><div class='avia-image-overlay-wrap'><img decoding=\"async\" class='wp-image-0 avia-img-lazy-loading-not-0 avia_image' src=\"https:\/\/radiorevelacionfm.cl\/wp-content\/uploads\/2021\/05\/lena6-1-1.jpeg\" alt='' title=''   itemprop=\"thumbnailUrl\"  \/><\/div><\/div><\/div><\/div><div class=\"flex_column av_one_full  flex_column_div av-zero-column-padding first  avia-builder-el-2  el_after_av_one_full  el_before_av_one_full  column-top-margin\" style='border-radius:0px; '><section class=\"av_textblock_section \"  itemscope=\"itemscope\" itemtype=\"https:\/\/schema.org\/BlogPosting\" itemprop=\"blogPost\" ><div class='avia_textblock  '   itemprop=\"text\" ><p style=\"text-align: center;\"><strong><span style=\"font-size: 18pt;\">Se ampli\u00f3 plazo de postulaci\u00f3n al programa \u201cLe\u00f1a M\u00e1s Seca Especial Maquinarias\u201d <\/span><\/strong><\/p>\n<div id=\"gtx-trans\" style=\"position: absolute; left: -50px; top: 4.31534px;\">\n<div class=\"gtx-trans-icon\"><\/div>\n<\/div>\n<\/div><\/section><\/div><div class=\"flex_column av_one_full  flex_column_div av-zero-column-padding first  avia-builder-el-4  el_after_av_one_full  el_before_av_hr  column-top-margin\" style='border-radius:0px; '><section class=\"av_textblock_section \"  itemscope=\"itemscope\" itemtype=\"https:\/\/schema.org\/BlogPosting\" itemprop=\"blogPost\" ><div class='avia_textblock  '   itemprop=\"text\" ><p style=\"text-align: justify;\">Entendiendo la compleja situaci\u00f3n que enfrenta la regi\u00f3n de Ays\u00e9n producto del Covid \u2013 19, el Ministerio de Energ\u00eda ampli\u00f3 el plazo de postulaci\u00f3n al programa \u201cLe\u00f1a M\u00e1s Seca Convocatoria Especial Maquinarias\u201d de este a\u00f1o.<\/p>\n<p style=\"text-align: justify;\">Al respecto el Seremi de Energ\u00eda de la regi\u00f3n de Ays\u00e9n, Juan Luis Amen\u00e1bar, indic\u00f3 que \u201cdesde el inicio de esta pandemia y en tiempos que han sido complejos para todos, como Ministerio de Energ\u00eda nos hemos enfocado en apoyar a la comunidad a trav\u00e9s de diversos programas e iniciativas. As\u00ed, entendiendo la situaci\u00f3n regional en que nos encontramos, es que se decidi\u00f3 ampliar el plazo de postulaci\u00f3n del programa \u201cLe\u00f1a M\u00e1s Seca Convocatoria Especial Maquinarias\u201d, para que los interesados que no han alcanzado a postular a\u00fan, lo puedan hacer en esta semana de plazo que a\u00fan nos queda\u201d.<\/p>\n<p style=\"text-align: justify;\">Adem\u00e1s, la autoridad regional de Energ\u00eda recalc\u00f3 que \u201cqueremos hacer un llamado a todos los productores y comerciantes de le\u00f1a, que no hayan sido beneficiarios de este programa con anterioridad, a que postulen a esta importante iniciativa que les permitir\u00e1 mejorar sus procesos productivos mediante la tecnificaci\u00f3n en sus modelos de trabajo, lo que es esencial para lograr un secado eficiente y un producto acorde a los est\u00e1ndares que hoy demanda nuestra comunidad\u201d.<\/p>\n<p style=\"text-align: justify;\">Para postular no ser\u00e1 obligatorio el inicio de actividades, esto con la finalidad que aquellos productores y comerciantes que hoy realizan la actividad de manera informal puedan acceder al programa, se capaciten, se comprometan con la producci\u00f3n de le\u00f1a de calidad y formalicen su condici\u00f3n. Adem\u00e1s, al igual que en a\u00f1os anteriores, el fondo contar\u00e1 con enfoque de g\u00e9nero en su evaluaci\u00f3n, bonificando con puntaje adicional a las postulaciones presentadas por mujeres.<\/p>\n<p style=\"text-align: justify;\">Las postulaciones ser\u00e1n de manera digital a trav\u00e9s del sitio web <a href=\"http:\/\/www.lenamasseca.cl\">www.lenamasseca.cl<\/a> (bases e informaci\u00f3n extra en esta misma p\u00e1gina web), o de manera presencial en la Seremi de Energ\u00eda de Ays\u00e9n, ubicada en calle Baquedano #310 interior, Coyhaique. Ah\u00ed los postulantes podr\u00e1n hacer preguntas, solicitar informaci\u00f3n, y\/o entregar su postulaci\u00f3n en un sobre cerrado. En caso de dudas o consultas comunicarse con el mail <a href=\"mailto:maracena@minenergia.cl\">maracena@minenergia.cl<\/a> o al tel\u00e9fono 56 2 23656656.<\/p>\n<\/div><\/section><\/div><div  style='height:50px' class='hr hr-invisible   avia-builder-el-6  el_after_av_one_full  el_before_av_social_share '><span class='hr-inner ' ><span class='hr-inner-style'><\/span><\/span><\/div><\/p>\n<div  class='av-social-sharing-box  avia-builder-el-7  el_after_av_hr  el_before_av_hr  '><div class='av-share-box'><h5 class='av-share-link-description av-no-toc '>Compartir esta noticia<\/h5><ul class='av-share-box-list noLightbox'><li class='av-share-link av-social-link-facebook' ><a target=\"_blank\" aria-label=\"Compartir en Facebook\" href='https:\/\/www.facebook.com\/sharer.php?u=https:\/\/radiorevelacionfm.cl\/?p=4643&#038;t=Se%20ampli%C3%B3%20plazo%20de%20postulaci%C3%B3n%20al%20programa%20%E2%80%9CLe%C3%B1a%20M%C3%A1s%20Seca%20Especial%20Maquinarias%E2%80%9D' aria-hidden='false' data-av_icon='\ue8f3' data-av_iconfont='entypo-fontello' title='' data-avia-related-tooltip='Compartir en Facebook' rel=\"noopener\"><span class='avia_hidden_link_text'>Compartir en Facebook<\/span><\/a><\/li><li class='av-share-link av-social-link-twitter' ><a target=\"_blank\" aria-label=\"Compartir en Twitter\" href='https:\/\/twitter.com\/share?text=Se%20ampli%C3%B3%20plazo%20de%20postulaci%C3%B3n%20al%20programa%20%E2%80%9CLe%C3%B1a%20M%C3%A1s%20Seca%20Especial%20Maquinarias%E2%80%9D&#038;url=https:\/\/radiorevelacionfm.cl\/?p=4643' aria-hidden='false' data-av_icon='\ue8f1' data-av_iconfont='entypo-fontello' title='' data-avia-related-tooltip='Compartir en Twitter' rel=\"noopener\"><span class='avia_hidden_link_text'>Compartir en Twitter<\/span><\/a><\/li><li class='av-share-link av-social-link-whatsapp' ><a target=\"_blank\" aria-label=\"Compartir en Whatsapp\" href='https:\/\/api.whatsapp.com\/send?text=https:\/\/radiorevelacionfm.cl\/?p=4643' aria-hidden='false' data-av_icon='\uf232' data-av_iconfont='entypo-fontello' title='' data-avia-related-tooltip='Compartir en Whatsapp' rel=\"noopener\"><span class='avia_hidden_link_text'>Compartir en Whatsapp<\/span><\/a><\/li><li class='av-share-link av-social-link-linkedin' ><a target=\"_blank\" aria-label=\"Compartir en LinkedIn\" href='https:\/\/linkedin.com\/shareArticle?mini=true&#038;title=Se%20ampli%C3%B3%20plazo%20de%20postulaci%C3%B3n%20al%20programa%20%E2%80%9CLe%C3%B1a%20M%C3%A1s%20Seca%20Especial%20Maquinarias%E2%80%9D&#038;url=https:\/\/radiorevelacionfm.cl\/?p=4643' aria-hidden='false' data-av_icon='\ue8fc' data-av_iconfont='entypo-fontello' title='' data-avia-related-tooltip='Compartir en LinkedIn' rel=\"noopener\"><span class='avia_hidden_link_text'>Compartir en LinkedIn<\/span><\/a><\/li><li class='av-share-link av-social-link-mail' ><a  aria-label=\"Compartir por correo\" href='mailto:?subject=Se%20ampli%C3%B3%20plazo%20de%20postulaci%C3%B3n%20al%20programa%20%E2%80%9CLe%C3%B1a%20M%C3%A1s%20Seca%20Especial%20Maquinarias%E2%80%9D&#038;body=https:\/\/radiorevelacionfm.cl\/?p=4643' aria-hidden='false' data-av_icon='\ue805' data-av_iconfont='entypo-fontello' title='' data-avia-related-tooltip='Compartir por correo'><span class='avia_hidden_link_text'>Compartir por correo<\/span><\/a><\/li><\/ul><\/div><\/div>\n<div  style='height:50px' class='hr hr-invisible   avia-builder-el-8  el_after_av_social_share  el_before_av_comments_list '><span class='hr-inner ' ><span class='hr-inner-style'><\/span><\/span><\/div>\n<div  class='av-buildercomment  av-blog-meta-html-info-disabled av-blog-meta-tag-disabled  '><\/div>\n","protected":false},"excerpt":{"rendered":"","protected":false},"author":1,"featured_media":0,"comment_status":"open","ping_status":"open","sticky":false,"template":"","format":"standard","meta":{"footnotes":""},"categories":[39],"tags":[],"class_list":["post-4643","post","type-post","status-publish","format-standard","hentry","category-medio-ambiente"],"jetpack_featured_media_url":"","_links":{"self":[{"href":"https:\/\/radiorevelacionfm.cl\/index.php?rest_route=\/wp\/v2\/posts\/4643","targetHints":{"allow":["GET"]}}],"collection":[{"href":"https:\/\/radiorevelacionfm.cl\/index.php?rest_route=\/wp\/v2\/posts"}],"about":[{"href":"https:\/\/radiorevelacionfm.cl\/index.php?rest_route=\/wp\/v2\/types\/post"}],"author":[{"embeddable":true,"href":"https:\/\/radiorevelacionfm.cl\/index.php?rest_route=\/wp\/v2\/users\/1"}],"replies":[{"embeddable":true,"href":"https:\/\/radiorevelacionfm.cl\/index.php?rest_route=%2Fwp%2Fv2%2Fcomments&post=4643"}],"version-history":[{"count":1,"href":"https:\/\/radiorevelacionfm.cl\/index.php?rest_route=\/wp\/v2\/posts\/4643\/revisions"}],"predecessor-version":[{"id":4645,"href":"https:\/\/radiorevelacionfm.cl\/index.php?rest_route=\/wp\/v2\/posts\/4643\/revisions\/4645"}],"wp:attachment":[{"href":"https:\/\/radiorevelacionfm.cl\/index.php?rest_route=%2Fwp%2Fv2%2Fmedia&parent=4643"}],"wp:term":[{"taxonomy":"category","embeddable":true,"href":"https:\/\/radiorevelacionfm.cl\/index.php?rest_route=%2Fwp%2Fv2%2Fcategories&post=4643"},{"taxonomy":"post_tag","embeddable":true,"href":"https:\/\/radiorevelacionfm.cl\/index.php?rest_route=%2Fwp%2Fv2%2Ftags&post=4643"}],"curies":[{"name":"wp","href":"https:\/\/api.w.org\/{rel}","templated":true}]}}