{"id":4640,"date":"2021-05-28T16:55:21","date_gmt":"2021-05-28T19:55:21","guid":{"rendered":"https:\/\/radiorevelacionfm.cl\/?p=4640"},"modified":"2021-05-28T16:55:21","modified_gmt":"2021-05-28T19:55:21","slug":"peligra-continuidad-del-desarrollo-turistico-en-el-paso-marconi-al-sur-de-villa-ohiggins","status":"publish","type":"post","link":"https:\/\/radiorevelacionfm.cl\/?p=4640","title":{"rendered":"Peligra continuidad del desarrollo tur\u00edstico en el Paso Marconi al sur de Villa O\u2019Higgins"},"content":{"rendered":"<div class=\"flex_column av_one_full  flex_column_div av-zero-column-padding first  avia-builder-el-0  el_before_av_one_full  avia-builder-el-first  \" style='border-radius:0px; '><div  class='avia-image-container  av-styling-    avia-builder-el-1  avia-builder-el-no-sibling  avia-align-center '  itemprop=\"image\" itemscope=\"itemscope\" itemtype=\"https:\/\/schema.org\/ImageObject\"  ><div class='avia-image-container-inner'><div class='avia-image-overlay-wrap'><img decoding=\"async\" class='wp-image-0 avia-img-lazy-loading-not-0 avia_image' src=\"https:\/\/radiorevelacionfm.cl\/wp-content\/uploads\/2021\/05\/PASO-MARCONI-1.jpg\" alt='' title=''   itemprop=\"thumbnailUrl\"  \/><\/div><\/div><\/div><\/div><div class=\"flex_column av_one_full  flex_column_div av-zero-column-padding first  avia-builder-el-2  el_after_av_one_full  el_before_av_one_full  column-top-margin\" style='border-radius:0px; '><section class=\"av_textblock_section \"  itemscope=\"itemscope\" itemtype=\"https:\/\/schema.org\/BlogPosting\" itemprop=\"blogPost\" ><div class='avia_textblock  '   itemprop=\"text\" ><p style=\"text-align: center;\"><strong><span style=\"font-size: 18pt;\">Peligra continuidad del desarrollo tur\u00edstico en el Paso Marconi al sur de Villa O\u2019Higgins <\/span><\/strong><\/p>\n<div id=\"gtx-trans\" style=\"position: absolute; left: -50px; top: 4.31534px;\">\n<div class=\"gtx-trans-icon\"><\/div>\n<\/div>\n<\/div><\/section><\/div><div class=\"flex_column av_one_full  flex_column_div av-zero-column-padding first  avia-builder-el-4  el_after_av_one_full  el_before_av_hr  column-top-margin\" style='border-radius:0px; '><section class=\"av_textblock_section \"  itemscope=\"itemscope\" itemtype=\"https:\/\/schema.org\/BlogPosting\" itemprop=\"blogPost\" ><div class='avia_textblock  '   itemprop=\"text\" ><p style=\"text-align: justify;\">Finaliza programa de Transferencia de Capacidades para el Desarrollo Tur\u00edstico en Paso Marconi, liderado por Conaf desde 2015, entonces \u00bfQu\u00e9 pasar\u00e1 con el desarrollo tur\u00edstico chileno del Paso Marconi?.<\/p>\n<p style=\"text-align: justify;\">Una de las zonas m\u00e1s ind\u00f3mitas y estrat\u00e9gicas de la Patagonia es la ruta hacia el paso fronterizo Marconi, ubicado al sur de Villa O\u2019Higgins y muy cercano a la zona de litigio con Argentina. Para llegar, se debe cruzar el lago m\u00e1s profundo de Am\u00e9rica -con 836 kil\u00f3metros hasta la superficie- y atravesar Campos de Hielo Sur.<\/p>\n<p style=\"text-align: justify;\">Desde 2015 hasta este mes, Conaf ejecut\u00f3 el programa de Transferencia de Capacidades para el Desarrollo Tur\u00edstico en el sector, financiados por el Gobierno Regional de Ays\u00e9n. Se instalaron dos domos permanentes, que se suman al refugio Eduardo Garc\u00eda Soto.\u00a0 Adem\u00e1s, se especializaron m\u00e1s de 30 gu\u00edas para realizar esta traves\u00eda que dura -en promedio- 10 d\u00edas.<\/p>\n<p style=\"text-align: justify;\">\u201cEntregamos capacitaciones de monta\u00f1a como esqu\u00ed, t\u00e9cnicas de avalancha, primeros auxilios en zonas remotas. Por otra parte, habilitamos la ruta con infraestructura para que cualquier visitante pueda acceder siempre de una forma guiada\u201d, expres\u00f3 Carolina Rojas, encargada del programa de Transferencia de Capacidades para el Desarrollo Tur\u00edstico en paso Marconi de Conaf.<\/p>\n<p style=\"text-align: justify;\">Este programa ya termin\u00f3. Sin embargo, con el deseo de crecer en el \u00e1mbito tur\u00edstico, cient\u00edfico y deportivo, un grupo de gu\u00edas crearon la Cooperativa de Gu\u00edas de Monta\u00f1a Ays\u00e9n Campos de Hielo Expediciones, ACHE, quienes esperan seguir realizando rutas guiadas al Paso Marconi y hacen un llamado a las autoridades a mejorar el acceso, en beneficio del turismo y de los pobladores del sector.<\/p>\n<p style=\"text-align: justify;\">\u201cSe recomienda que en el sendero de aproximaci\u00f3n hacia Campos de Hielo se realice una mantenci\u00f3n bien seria. De hecho, tampoco el muelle de la Carmela -donde desembarcamos- se encuentra en buenas condiciones, los palos est\u00e1n podridos y ah\u00ed viven pobladores\u201d, se\u00f1ala Richard Almonacid, gerente administrador de la cooperativa de gu\u00edas de monta\u00f1a, ACHE.<\/p>\n<p style=\"text-align: justify;\">Llegar por Chile al paso fronterizo Marconi significa toda una traves\u00eda. Son 3 horas de navegaci\u00f3n por el lago O\u2019Higgins, para llegar a un sendero boscoso que est\u00e1 a unos 15 kil\u00f3metros del refugio Pantoja, a los pies del glaciar. El resto del trayecto es principalmente sobre hielo. Se debe usar un equipo especializado, crampones, piolet y estar encordados para no caer en las grietas. Pero sobretodo, significa no dejar desechos de ning\u00fan tipo.<\/p>\n<p style=\"text-align: justify;\">\u201cEl ser humano donde vaya va a generar cierto impacto. Pero si regulamos la cantidad de personas que vienen a Campos de Hielo, si tenemos un buen protocolo con la basura, con las heces, se deber\u00eda llevar de una muy buena manera esta ruta tur\u00edstica\u201d, indica Javier Galleani, gu\u00eda de monta\u00f1a.<\/p>\n<p style=\"text-align: justify;\">La ruta hacia el paso Marconi es una traves\u00eda accesible bajo la modalidad de expediciones guiadas, donde recorrer\u00e1n lo m\u00e1s salvaje del paisaje y el clima patag\u00f3nico y, para los m\u00e1s valientes, cumbres hist\u00f3ricas como el cerro Torre o el monte Fitz Roy.<\/p>\n<p style=\"text-align: justify;\">\u201cA veces hay que caminar jornadas un poco largas, tienen que estar acostumbrados igual a estar al aire libre, a ser independientes con sus equipos y su mochila. De todas formas, siempre estamos apoy\u00e1ndolos en la ruta. Yo creo que cualquier persona que tenga motivaci\u00f3n y salud puede hacer la ruta\u201d, invita Javier Arias Lucero, gu\u00eda de monta\u00f1a.<\/p>\n<p style=\"text-align: justify;\">Esta ruta se puede realizar en cualquier \u00e9poca del a\u00f1o mientras el clima as\u00ed lo permita. Con el proyecto de Conaf finalizado, los gu\u00edas locales, coordinados a trav\u00e9s de la Cooperativa ACHE (Instagram: @TurismoACHE o ache.patagonia@gmail.com), tienen la misi\u00f3n de seguir guiando el acceso a quienes se interesen por conocer y cuidar Campos de Hielo Sur.<\/p>\n<\/div><\/section><\/div><div  style='height:50px' class='hr hr-invisible   avia-builder-el-6  el_after_av_one_full  el_before_av_social_share '><span class='hr-inner ' ><span class='hr-inner-style'><\/span><\/span><\/div><\/p>\n<div  class='av-social-sharing-box  avia-builder-el-7  el_after_av_hr  el_before_av_hr  '><div class='av-share-box'><h5 class='av-share-link-description av-no-toc '>Compartir esta noticia<\/h5><ul class='av-share-box-list noLightbox'><li class='av-share-link av-social-link-facebook' ><a target=\"_blank\" aria-label=\"Compartir en Facebook\" href='https:\/\/www.facebook.com\/sharer.php?u=https:\/\/radiorevelacionfm.cl\/?p=4640&#038;t=Peligra%20continuidad%20del%20desarrollo%20tur%C3%ADstico%20en%20el%20Paso%20Marconi%20al%20sur%20de%20Villa%20O%E2%80%99Higgins' aria-hidden='false' data-av_icon='\ue8f3' data-av_iconfont='entypo-fontello' title='' data-avia-related-tooltip='Compartir en Facebook' rel=\"noopener\"><span class='avia_hidden_link_text'>Compartir en Facebook<\/span><\/a><\/li><li class='av-share-link av-social-link-twitter' ><a target=\"_blank\" aria-label=\"Compartir en Twitter\" href='https:\/\/twitter.com\/share?text=Peligra%20continuidad%20del%20desarrollo%20tur%C3%ADstico%20en%20el%20Paso%20Marconi%20al%20sur%20de%20Villa%20O%E2%80%99Higgins&#038;url=https:\/\/radiorevelacionfm.cl\/?p=4640' aria-hidden='false' data-av_icon='\ue8f1' data-av_iconfont='entypo-fontello' title='' data-avia-related-tooltip='Compartir en Twitter' rel=\"noopener\"><span class='avia_hidden_link_text'>Compartir en Twitter<\/span><\/a><\/li><li class='av-share-link av-social-link-whatsapp' ><a target=\"_blank\" aria-label=\"Compartir en Whatsapp\" href='https:\/\/api.whatsapp.com\/send?text=https:\/\/radiorevelacionfm.cl\/?p=4640' aria-hidden='false' data-av_icon='\uf232' data-av_iconfont='entypo-fontello' title='' data-avia-related-tooltip='Compartir en Whatsapp' rel=\"noopener\"><span class='avia_hidden_link_text'>Compartir en Whatsapp<\/span><\/a><\/li><li class='av-share-link av-social-link-linkedin' ><a target=\"_blank\" aria-label=\"Compartir en LinkedIn\" href='https:\/\/linkedin.com\/shareArticle?mini=true&#038;title=Peligra%20continuidad%20del%20desarrollo%20tur%C3%ADstico%20en%20el%20Paso%20Marconi%20al%20sur%20de%20Villa%20O%E2%80%99Higgins&#038;url=https:\/\/radiorevelacionfm.cl\/?p=4640' aria-hidden='false' data-av_icon='\ue8fc' data-av_iconfont='entypo-fontello' title='' data-avia-related-tooltip='Compartir en LinkedIn' rel=\"noopener\"><span class='avia_hidden_link_text'>Compartir en LinkedIn<\/span><\/a><\/li><li class='av-share-link av-social-link-mail' ><a  aria-label=\"Compartir por correo\" href='mailto:?subject=Peligra%20continuidad%20del%20desarrollo%20tur%C3%ADstico%20en%20el%20Paso%20Marconi%20al%20sur%20de%20Villa%20O%E2%80%99Higgins&#038;body=https:\/\/radiorevelacionfm.cl\/?p=4640' aria-hidden='false' data-av_icon='\ue805' data-av_iconfont='entypo-fontello' title='' data-avia-related-tooltip='Compartir por correo'><span class='avia_hidden_link_text'>Compartir por correo<\/span><\/a><\/li><\/ul><\/div><\/div>\n<div  style='height:50px' class='hr hr-invisible   avia-builder-el-8  el_after_av_social_share  el_before_av_comments_list '><span class='hr-inner ' ><span class='hr-inner-style'><\/span><\/span><\/div>\n<div  class='av-buildercomment  av-blog-meta-html-info-disabled av-blog-meta-tag-disabled  '><\/div>\n","protected":false},"excerpt":{"rendered":"","protected":false},"author":1,"featured_media":0,"comment_status":"open","ping_status":"open","sticky":false,"template":"","format":"standard","meta":{"footnotes":""},"categories":[54],"tags":[],"class_list":["post-4640","post","type-post","status-publish","format-standard","hentry","category-turismo"],"jetpack_featured_media_url":"","_links":{"self":[{"href":"https:\/\/radiorevelacionfm.cl\/index.php?rest_route=\/wp\/v2\/posts\/4640","targetHints":{"allow":["GET"]}}],"collection":[{"href":"https:\/\/radiorevelacionfm.cl\/index.php?rest_route=\/wp\/v2\/posts"}],"about":[{"href":"https:\/\/radiorevelacionfm.cl\/index.php?rest_route=\/wp\/v2\/types\/post"}],"author":[{"embeddable":true,"href":"https:\/\/radiorevelacionfm.cl\/index.php?rest_route=\/wp\/v2\/users\/1"}],"replies":[{"embeddable":true,"href":"https:\/\/radiorevelacionfm.cl\/index.php?rest_route=%2Fwp%2Fv2%2Fcomments&post=4640"}],"version-history":[{"count":1,"href":"https:\/\/radiorevelacionfm.cl\/index.php?rest_route=\/wp\/v2\/posts\/4640\/revisions"}],"predecessor-version":[{"id":4642,"href":"https:\/\/radiorevelacionfm.cl\/index.php?rest_route=\/wp\/v2\/posts\/4640\/revisions\/4642"}],"wp:attachment":[{"href":"https:\/\/radiorevelacionfm.cl\/index.php?rest_route=%2Fwp%2Fv2%2Fmedia&parent=4640"}],"wp:term":[{"taxonomy":"category","embeddable":true,"href":"https:\/\/radiorevelacionfm.cl\/index.php?rest_route=%2Fwp%2Fv2%2Fcategories&post=4640"},{"taxonomy":"post_tag","embeddable":true,"href":"https:\/\/radiorevelacionfm.cl\/index.php?rest_route=%2Fwp%2Fv2%2Ftags&post=4640"}],"curies":[{"name":"wp","href":"https:\/\/api.w.org\/{rel}","templated":true}]}}