{"id":46395,"date":"2024-09-24T10:28:48","date_gmt":"2024-09-24T13:28:48","guid":{"rendered":"https:\/\/radiorevelacionfm.cl\/?p=46395"},"modified":"2024-09-24T10:28:48","modified_gmt":"2024-09-24T13:28:48","slug":"amplia-participacion-en-primer-encuentro-regional-de-garantias-de-derechos-de-la-ninez-y-adolescencia","status":"publish","type":"post","link":"https:\/\/radiorevelacionfm.cl\/?p=46395","title":{"rendered":"Amplia participaci\u00f3n en Primer Encuentro Regional de Garant\u00edas de Derechos de la Ni\u00f1ez y Adolescencia"},"content":{"rendered":"<div class=\"flex_column av_one_full  flex_column_div av-zero-column-padding first  avia-builder-el-0  el_before_av_one_full  avia-builder-el-first  \" style='border-radius:0px; '><div  class='avia-image-container  av-styling-    avia-builder-el-1  avia-builder-el-no-sibling  avia-align-center '  itemprop=\"image\" itemscope=\"itemscope\" itemtype=\"https:\/\/schema.org\/ImageObject\"  ><div class='avia-image-container-inner'><div class='avia-image-overlay-wrap'><img decoding=\"async\" class='wp-image-46396 avia-img-lazy-loading-not-46396 avia_image' src=\"https:\/\/radiorevelacionfm.cl\/wp-content\/uploads\/2024\/09\/oln-encuentro3-1_optimized.jpeg\" alt='' title='oln-encuentro3-(1)_optimized' height=\"600\" width=\"800\"  itemprop=\"thumbnailUrl\" srcset=\"https:\/\/radiorevelacionfm.cl\/wp-content\/uploads\/2024\/09\/oln-encuentro3-1_optimized.jpeg 800w, https:\/\/radiorevelacionfm.cl\/wp-content\/uploads\/2024\/09\/oln-encuentro3-1_optimized-300x225.jpeg 300w, https:\/\/radiorevelacionfm.cl\/wp-content\/uploads\/2024\/09\/oln-encuentro3-1_optimized-768x576.jpeg 768w, https:\/\/radiorevelacionfm.cl\/wp-content\/uploads\/2024\/09\/oln-encuentro3-1_optimized-705x529.jpeg 705w, https:\/\/radiorevelacionfm.cl\/wp-content\/uploads\/2024\/09\/oln-encuentro3-1_optimized-450x338.jpeg 450w, https:\/\/radiorevelacionfm.cl\/wp-content\/uploads\/2024\/09\/oln-encuentro3-1_optimized-600x450.jpeg 600w\" sizes=\"(max-width: 800px) 100vw, 800px\" \/><\/div><\/div><\/div><\/div><div class=\"flex_column av_one_full  flex_column_div av-zero-column-padding first  avia-builder-el-2  el_after_av_one_full  el_before_av_one_full  column-top-margin\" style='border-radius:0px; '><section class=\"av_textblock_section \"  itemscope=\"itemscope\" itemtype=\"https:\/\/schema.org\/BlogPosting\" itemprop=\"blogPost\" ><div class='avia_textblock  '   itemprop=\"text\" ><p style=\"text-align: center;\"><strong><span style=\"font-size: 18pt;\">Amplia participaci\u00f3n en Primer Encuentro Regional de Garant\u00edas de Derechos de la Ni\u00f1ez y Adolescencia<\/span><\/strong><\/p>\n<div id=\"gtx-trans\" style=\"position: absolute; left: -50px; top: 4.31534px;\">\n<div class=\"gtx-trans-icon\"><\/div>\n<\/div>\n<\/div><\/section><\/div><div class=\"flex_column av_one_full  flex_column_div av-zero-column-padding first  avia-builder-el-4  el_after_av_one_full  el_before_av_hr  column-top-margin\" style='border-radius:0px; '><section class=\"av_textblock_section \"  itemscope=\"itemscope\" itemtype=\"https:\/\/schema.org\/BlogPosting\" itemprop=\"blogPost\" ><div class='avia_textblock  '   itemprop=\"text\" ><p style=\"text-align: justify;\"><em>La actividad cont\u00f3 con la presencia de las 10 comunas de la regi\u00f3n, m\u00e1s de 40 profesionales que tienen el desaf\u00edo de poner en marcha las Oficinas Local de la Ni\u00f1ez, OLN en todo el territorio aysenino para garantizar \u2013 respetar- promover y proteger los derechos consignados en la Ley 21.430.<\/em><\/p>\n<p style=\"text-align: justify;\">Una amplia participaci\u00f3n tuvo el Primer Encuentro Regional de las Oficinas Local de la Ni\u00f1ez, OLN en Coyhaique, con el objetivo de recoger experiencias territoriales en el proceso de implementaci\u00f3n de la Ley de Garant\u00edas de Derechos de Ni\u00f1os, Ni\u00f1as y Adolescentes (NNA). La actividad que se desarroll\u00f3 por dos d\u00edas, cont\u00f3 con la asistencia de m\u00e1s de 40 profesionales de las 10 comunas del territorio quienes iniciaron la jornada con una presentaci\u00f3n de sus equipos, desaf\u00edos y oportunidades.<\/p>\n<p style=\"text-align: justify;\">Destacando la participaci\u00f3n y compromiso en el encuentro la Seremi de Desarrollo Social y Familia Karina Acevedo Auad, agreg\u00f3 que desde agosto de este a\u00f1o entr\u00f3 en total vigencia la facultad de Protecci\u00f3n Administrativa de Derechos de NNA, esto le otorga atribuciones y competencias a las OLN para su acci\u00f3n en el territorio, lo que antes era de exclusiva competencia de Tribunales de Familia.<\/p>\n<p style=\"text-align: justify;\">\u00abCompartimos experiencias, conocimientos. La Ley de Garant\u00eda nos mandata a tener Oficina Local de la ni\u00f1ez a las 10 comunas, as\u00ed que ha sido un trabajo arduo, un ajuste de las OLN y as\u00ed puedan implementar esta promoci\u00f3n y protecci\u00f3n en derechos, entregando adem\u00e1s atribuciones que, se asemejan a lo que hacen los Tribunales de Familia, pero es una articulaci\u00f3n que nos permite espec\u00edficamente dar garant\u00edas en la protecci\u00f3n y los derechos de la ni\u00f1ez y adolescencia en todo el territorio. As\u00ed que esto para nosotros es un hecho in\u00e9dito, tenemos a profesionales de las 10 comunas donde estamos trabajando y viendo lo que la ley nos indica\u00bb.<\/p>\n<p style=\"text-align: justify;\">Una de las comunas que lleva camino avanzado es Cisnes, es as\u00ed que la abogada y coordinadora comunal de la OLN de la comuna Paula Fuchlocher se refiri\u00f3 a los desaf\u00edos \u00abNos hemos propuesto como equipo llegar a todas las localidades, desde la m\u00e1s peque\u00f1a o desde la m\u00e1s aislada hasta Puerto Cisnes. Trabajamos desde la gesti\u00f3n integrada de casos con acompa\u00f1amiento a la familia, pero tambi\u00e9n desde el componente de promoci\u00f3n territorial muy fuerte, con toda la interinstitucionalidad en la promoci\u00f3n y sensibilizaci\u00f3n de los derechos de ni\u00f1as, ni\u00f1as y adolescentes. Es un desaf\u00edo, el poder volver a educar a la poblaci\u00f3n e instituciones respecto a este nuevo rol que tenemos como Oficina Local de la Ni\u00f1ez, as\u00ed que muy felices de poder participar en esta instancia a nivel regional para poder seguir capacit\u00e1ndonos y entregar todos estos conocimientos en el territorio\u00bb.<\/p>\n<p style=\"text-align: justify;\">La comuna de Tortel inici\u00f3 este a\u00f1o su implementaci\u00f3n con un equipo que, seg\u00fan describe Felipe Alvarado Coordinador de la OLN, tienen una gran labor \u00abEs muy relevante seguir avanzando porque es una instancia nueva ya que en Caleta Tortel la OLN se implement\u00f3 este a\u00f1o y somos el \u00fanico programa a nivel comunal que trabaja en materia de ni\u00f1ez. Es una labor bastante importante ya que en la comuna no cont\u00e1bamos con OPD, as\u00ed que estamos pr\u00e1cticamente desde cero, sobre todo en la promoci\u00f3n territorial, que hay que hacer con los derechos de los ni\u00f1os.<\/p>\n<p style=\"text-align: justify;\">Para este 2024 se han transferido desde la Subsecretar\u00eda de la Ni\u00f1ez del Ministerio de Desarrollo Social y Familia $ 903.216.543 a los municipios, que a la fecha ya se han conformado en un 80% para implementar de forma progresiva la Ley 21.430.<\/p>\n<\/div><\/section><\/div><div  style='height:50px' class='hr hr-invisible   avia-builder-el-6  el_after_av_one_full  el_before_av_social_share '><span class='hr-inner ' ><span class='hr-inner-style'><\/span><\/span><\/div><\/p>\n<div  class='av-social-sharing-box  avia-builder-el-7  el_after_av_hr  el_before_av_hr  '><div class='av-share-box'><h5 class='av-share-link-description av-no-toc '>Compartir esta noticia<\/h5><ul class='av-share-box-list noLightbox'><li class='av-share-link av-social-link-facebook' ><a target=\"_blank\" aria-label=\"Compartir en Facebook\" href='https:\/\/www.facebook.com\/sharer.php?u=https:\/\/radiorevelacionfm.cl\/?p=46395&#038;t=Amplia%20participaci%C3%B3n%20en%20Primer%20Encuentro%20Regional%20de%20Garant%C3%ADas%20de%20Derechos%20de%20la%20Ni%C3%B1ez%20y%20Adolescencia' aria-hidden='false' data-av_icon='\ue8f3' data-av_iconfont='entypo-fontello' title='' data-avia-related-tooltip='Compartir en Facebook' rel=\"noopener\"><span class='avia_hidden_link_text'>Compartir en Facebook<\/span><\/a><\/li><li class='av-share-link av-social-link-twitter' ><a target=\"_blank\" aria-label=\"Compartir en Twitter\" href='https:\/\/twitter.com\/share?text=Amplia%20participaci%C3%B3n%20en%20Primer%20Encuentro%20Regional%20de%20Garant%C3%ADas%20de%20Derechos%20de%20la%20Ni%C3%B1ez%20y%20Adolescencia&#038;url=https:\/\/radiorevelacionfm.cl\/?p=46395' aria-hidden='false' data-av_icon='\ue8f1' data-av_iconfont='entypo-fontello' title='' data-avia-related-tooltip='Compartir en Twitter' rel=\"noopener\"><span class='avia_hidden_link_text'>Compartir en Twitter<\/span><\/a><\/li><li class='av-share-link av-social-link-whatsapp' ><a target=\"_blank\" aria-label=\"Compartir en Whatsapp\" href='https:\/\/api.whatsapp.com\/send?text=https:\/\/radiorevelacionfm.cl\/?p=46395' aria-hidden='false' data-av_icon='\uf232' data-av_iconfont='entypo-fontello' title='' data-avia-related-tooltip='Compartir en Whatsapp' rel=\"noopener\"><span class='avia_hidden_link_text'>Compartir en Whatsapp<\/span><\/a><\/li><li class='av-share-link av-social-link-linkedin' ><a target=\"_blank\" aria-label=\"Compartir en LinkedIn\" href='https:\/\/linkedin.com\/shareArticle?mini=true&#038;title=Amplia%20participaci%C3%B3n%20en%20Primer%20Encuentro%20Regional%20de%20Garant%C3%ADas%20de%20Derechos%20de%20la%20Ni%C3%B1ez%20y%20Adolescencia&#038;url=https:\/\/radiorevelacionfm.cl\/?p=46395' aria-hidden='false' data-av_icon='\ue8fc' data-av_iconfont='entypo-fontello' title='' data-avia-related-tooltip='Compartir en LinkedIn' rel=\"noopener\"><span class='avia_hidden_link_text'>Compartir en LinkedIn<\/span><\/a><\/li><li class='av-share-link av-social-link-mail' ><a  aria-label=\"Compartir por correo\" href='mailto:?subject=Amplia%20participaci%C3%B3n%20en%20Primer%20Encuentro%20Regional%20de%20Garant%C3%ADas%20de%20Derechos%20de%20la%20Ni%C3%B1ez%20y%20Adolescencia&#038;body=https:\/\/radiorevelacionfm.cl\/?p=46395' aria-hidden='false' data-av_icon='\ue805' data-av_iconfont='entypo-fontello' title='' data-avia-related-tooltip='Compartir por correo'><span class='avia_hidden_link_text'>Compartir por correo<\/span><\/a><\/li><\/ul><\/div><\/div>\n<div  style='height:50px' class='hr hr-invisible   avia-builder-el-8  el_after_av_social_share  el_before_av_comments_list '><span class='hr-inner ' ><span class='hr-inner-style'><\/span><\/span><\/div>\n<div  class='av-buildercomment  av-blog-meta-html-info-disabled av-blog-meta-tag-disabled  '><\/div>\n","protected":false},"excerpt":{"rendered":"","protected":false},"author":1,"featured_media":46396,"comment_status":"open","ping_status":"open","sticky":false,"template":"","format":"standard","meta":{"footnotes":""},"categories":[38],"tags":[],"class_list":["post-46395","post","type-post","status-publish","format-standard","has-post-thumbnail","hentry","category-regional"],"jetpack_featured_media_url":"https:\/\/radiorevelacionfm.cl\/wp-content\/uploads\/2024\/09\/oln-encuentro3-1_optimized.jpeg","_links":{"self":[{"href":"https:\/\/radiorevelacionfm.cl\/index.php?rest_route=\/wp\/v2\/posts\/46395","targetHints":{"allow":["GET"]}}],"collection":[{"href":"https:\/\/radiorevelacionfm.cl\/index.php?rest_route=\/wp\/v2\/posts"}],"about":[{"href":"https:\/\/radiorevelacionfm.cl\/index.php?rest_route=\/wp\/v2\/types\/post"}],"author":[{"embeddable":true,"href":"https:\/\/radiorevelacionfm.cl\/index.php?rest_route=\/wp\/v2\/users\/1"}],"replies":[{"embeddable":true,"href":"https:\/\/radiorevelacionfm.cl\/index.php?rest_route=%2Fwp%2Fv2%2Fcomments&post=46395"}],"version-history":[{"count":1,"href":"https:\/\/radiorevelacionfm.cl\/index.php?rest_route=\/wp\/v2\/posts\/46395\/revisions"}],"predecessor-version":[{"id":46397,"href":"https:\/\/radiorevelacionfm.cl\/index.php?rest_route=\/wp\/v2\/posts\/46395\/revisions\/46397"}],"wp:featuredmedia":[{"embeddable":true,"href":"https:\/\/radiorevelacionfm.cl\/index.php?rest_route=\/wp\/v2\/media\/46396"}],"wp:attachment":[{"href":"https:\/\/radiorevelacionfm.cl\/index.php?rest_route=%2Fwp%2Fv2%2Fmedia&parent=46395"}],"wp:term":[{"taxonomy":"category","embeddable":true,"href":"https:\/\/radiorevelacionfm.cl\/index.php?rest_route=%2Fwp%2Fv2%2Fcategories&post=46395"},{"taxonomy":"post_tag","embeddable":true,"href":"https:\/\/radiorevelacionfm.cl\/index.php?rest_route=%2Fwp%2Fv2%2Ftags&post=46395"}],"curies":[{"name":"wp","href":"https:\/\/api.w.org\/{rel}","templated":true}]}}