{"id":46390,"date":"2024-09-23T19:57:31","date_gmt":"2024-09-23T22:57:31","guid":{"rendered":"https:\/\/radiorevelacionfm.cl\/?p=46390"},"modified":"2024-09-23T19:57:31","modified_gmt":"2024-09-23T22:57:31","slug":"destacan-efectivo-despliegue-y-comportamiento-general-de-la-ciudadania-durante-fiestas-patrias-en-aysen","status":"publish","type":"post","link":"https:\/\/radiorevelacionfm.cl\/?p=46390","title":{"rendered":"Destacan efectivo despliegue y comportamiento general de la ciudadan\u00eda durante Fiestas Patrias en Ays\u00e9n"},"content":{"rendered":"<div class=\"flex_column av_one_full  flex_column_div av-zero-column-padding first  avia-builder-el-0  el_before_av_one_full  avia-builder-el-first  \" style='border-radius:0px; '><div  class='avia-image-container  av-styling-    avia-builder-el-1  avia-builder-el-no-sibling  avia-align-center '  itemprop=\"image\" itemscope=\"itemscope\" itemtype=\"https:\/\/schema.org\/ImageObject\"  ><div class='avia-image-container-inner'><div class='avia-image-overlay-wrap'><img decoding=\"async\" class='wp-image-46391 avia-img-lazy-loading-not-46391 avia_image' src=\"https:\/\/radiorevelacionfm.cl\/wp-content\/uploads\/2024\/09\/whatsapp-image-2024-09-23-at-4_optimized.54.33-pm-1-1.jpeg\" alt='' title='whatsapp-image-2024-09-23-at-4_optimized.54.33-pm-(1)-(1)' height=\"600\" width=\"800\"  itemprop=\"thumbnailUrl\" srcset=\"https:\/\/radiorevelacionfm.cl\/wp-content\/uploads\/2024\/09\/whatsapp-image-2024-09-23-at-4_optimized.54.33-pm-1-1.jpeg 800w, https:\/\/radiorevelacionfm.cl\/wp-content\/uploads\/2024\/09\/whatsapp-image-2024-09-23-at-4_optimized.54.33-pm-1-1-300x225.jpeg 300w, https:\/\/radiorevelacionfm.cl\/wp-content\/uploads\/2024\/09\/whatsapp-image-2024-09-23-at-4_optimized.54.33-pm-1-1-768x576.jpeg 768w, https:\/\/radiorevelacionfm.cl\/wp-content\/uploads\/2024\/09\/whatsapp-image-2024-09-23-at-4_optimized.54.33-pm-1-1-705x529.jpeg 705w, https:\/\/radiorevelacionfm.cl\/wp-content\/uploads\/2024\/09\/whatsapp-image-2024-09-23-at-4_optimized.54.33-pm-1-1-450x338.jpeg 450w, https:\/\/radiorevelacionfm.cl\/wp-content\/uploads\/2024\/09\/whatsapp-image-2024-09-23-at-4_optimized.54.33-pm-1-1-600x450.jpeg 600w\" sizes=\"(max-width: 800px) 100vw, 800px\" \/><\/div><\/div><\/div><\/div><div class=\"flex_column av_one_full  flex_column_div av-zero-column-padding first  avia-builder-el-2  el_after_av_one_full  el_before_av_one_full  column-top-margin\" style='border-radius:0px; '><section class=\"av_textblock_section \"  itemscope=\"itemscope\" itemtype=\"https:\/\/schema.org\/BlogPosting\" itemprop=\"blogPost\" ><div class='avia_textblock  '   itemprop=\"text\" ><p style=\"text-align: center;\"><strong><span style=\"font-size: 18pt;\">Destacan efectivo despliegue y comportamiento general de la ciudadan\u00eda durante Fiestas Patrias en Ays\u00e9n<\/span><\/strong><\/p>\n<div id=\"gtx-trans\" style=\"position: absolute; left: -50px; top: 4.31534px;\">\n<div class=\"gtx-trans-icon\"><\/div>\n<\/div>\n<\/div><\/section><\/div><div class=\"flex_column av_one_full  flex_column_div av-zero-column-padding first  avia-builder-el-4  el_after_av_one_full  el_before_av_hr  column-top-margin\" style='border-radius:0px; '><section class=\"av_textblock_section \"  itemscope=\"itemscope\" itemtype=\"https:\/\/schema.org\/BlogPosting\" itemprop=\"blogPost\" ><div class='avia_textblock  '   itemprop=\"text\" ><p style=\"font-weight: 400; text-align: justify;\">El efectivo despliegue y el comportamiento general de la ciudadan\u00eda desde el pasado 13 de septiembre, destacaron autoridades regionales en un balance del Plan Integrado de Prevenci\u00f3n y Seguridad en Fiestas Patrias \u201cUnidos por un 18 Seguro\u201d, encabezado por el Delegado Presidencial Regional de Ays\u00e9n, Rodrigo Araya Morales.<\/p>\n<p style=\"font-weight: 400; text-align: justify;\">\u201cAgradecerle a la ciudadan\u00eda y a las familias en toda la regi\u00f3n que tuvieron un comportamiento ejemplar. En todas las localidades donde se realizaron actividades, donde hubo mecanismos de seguridad instalados por parte de los municipios y de las organizaciones correspondientes, se siguieron las sugerencias de Carabineros, se pudo garantizar que las personas pudieran realizar esas actividades en familia, con tranquilidad y no estamos lamentando ning\u00fan evento fatal. No hemos tenido ning\u00fan fallecido en accidentes de tr\u00e1nsito, ni tampoco en accidentes o ri\u00f1as dentro de los locales donde ocurrieron las festividades. Eso es gracias a la buena conducta y el auto cuidado que tuvieron las personas\u201d, indic\u00f3 Rodrigo Araya.<\/p>\n<p style=\"font-weight: 400; text-align: justify;\">El prefecto (s) de Carabineros, comandante Jean Paul Aravena, detall\u00f3 que \u201cse realizaron m\u00e1s de 5.000 controles de distinto tipo -vehiculares y a personas-, para una poblaci\u00f3n de 108.000 habitantes. Tambi\u00e9n registramos cerca de 78 detenidos por distintos delitos, algunos de ellos por lesiones en peleas, pero afortunadamente ninguno con consecuencias graves ni fatales. As\u00ed es que estamos conforme con el resultado de los servicios desarrollados por Carabineros, con un apoyo muy efectivo y real de las municipalidades y de los organizadores de los eventos, que cumplieron con las medidas de seguridad que, a fin de cuenta, demostraron ser efectivas y prudentes\u201d.<\/p>\n<p style=\"font-weight: 400; text-align: justify;\">El Prefecto Patricio Barrios Medina, jefe de la Prefectura Provincial Coyhaique, agreg\u00f3 que \u201cla Polic\u00eda de Investigaciones, a trav\u00e9s de la Brigada Homicidios y el Laboratorio de Criminal\u00edstica, est\u00e1n trabajando en el hallazgo muerte catalogado como homicidio en Ays\u00e9n, sector El Salto, camino a Chacabuco. El hecho ocurri\u00f3 hace dos d\u00edas aproximadamente, de acuerdo a la data que dan los especialistas en terreno, el personal experto, hab\u00eda un grupo departiendo con alcohol, y se est\u00e1n barajando varias hip\u00f3tesis con el fin de esclarecer los hechos y detener a los responsables de esto\u201d.<\/p>\n<p style=\"font-weight: 400; text-align: justify;\">Para prevenir la ocurrencia de accidentes viales, Carabineros desarroll\u00f3 fiscalizaciones junto a inspectores del Ministerio de Transportes y Telecomunicaciones, tal como detall\u00f3 el seremi Hans Zimmermann.<\/p>\n<p style=\"font-weight: 400; text-align: justify;\">\u201cLa \u00fanica forma de prevenir los siniestros de tr\u00e1nsito es con la responsabilidad individual. El no tener que lamentar accidentes o siniestros de tr\u00e1nsito con resultados fatales, es una noticia positiva, si comparamos con las cifras del a\u00f1o 2019, donde lamentamos un siniestro fatal en estos d\u00edas de fiestas patrias. Sin perjuicio de ello, es necesario se\u00f1alar que hubo un aumento en la siniestralidad, se reportaron alrededor de 18 siniestros de tr\u00e1nsito, con lesiones leves, lesiones menos graves. En general, el balance es positivo, nosotros como Ministerio de Transportes realizamos alrededor de 214 procedimientos de fiscalizaci\u00f3n en las comunas Ays\u00e9n y Coyhaique, y fiscalizamos 86 buses de servicios rurales que se desplazaban hacia el resto de la regi\u00f3n\u201d, concluy\u00f3.<\/p>\n<p style=\"font-weight: 400; text-align: justify;\">La directora de Senda, Victoria Contreras, coincidi\u00f3 en valorar los operativos Tolerancia cero y realiz\u00f3 \u201cun buen balance de la instalaci\u00f3n de la campa\u00f1a \u201cEl otro plan\u201d. Las personas pudieron planificarse, pudieron organizarse, no solamente en los traslados, sino que tambi\u00e9n en el cuidado hacia sus ni\u00f1os, ni\u00f1as y adolescentes. Creo que eso es importante, poder compartir como familia. Si bien con Carabineros y las instituciones hacemos esfuerzos importantes, la mejor fiscalizaci\u00f3n es la que podemos hacer con nuestros seres queridos y creo que eso fue lo que se vio reflejado durante todos estos d\u00edas de festividades\u201d.<\/p>\n<p style=\"font-weight: 400; text-align: justify;\">Por \u00faltimo, dentro del programa de fiscalizaciones por el feriado irrenunciables para los trabajadores del comercio, los d\u00edas 18 y 19, se detect\u00f3 un local en infracci\u00f3n, donde la trabajadora se deriv\u00f3 a su domicilio; la autoridad sanitaria curs\u00f3 diez sumarios sanitarios; y la red asistencial funcion\u00f3 adecuadamente en toda la regi\u00f3n con 80 atenciones registradas en el per\u00edodo en Urgencia del Hospital Regional.<\/p>\n<\/div><\/section><\/div><div  style='height:50px' class='hr hr-invisible   avia-builder-el-6  el_after_av_one_full  el_before_av_social_share '><span class='hr-inner ' ><span class='hr-inner-style'><\/span><\/span><\/div><\/p>\n<div  class='av-social-sharing-box  avia-builder-el-7  el_after_av_hr  el_before_av_hr  '><div class='av-share-box'><h5 class='av-share-link-description av-no-toc '>Compartir esta noticia<\/h5><ul class='av-share-box-list noLightbox'><li class='av-share-link av-social-link-facebook' ><a target=\"_blank\" aria-label=\"Compartir en Facebook\" href='https:\/\/www.facebook.com\/sharer.php?u=https:\/\/radiorevelacionfm.cl\/?p=46390&#038;t=Destacan%20efectivo%20despliegue%20y%20comportamiento%20general%20de%20la%20ciudadan%C3%ADa%20durante%20Fiestas%20Patrias%20en%20Ays%C3%A9n' aria-hidden='false' data-av_icon='\ue8f3' data-av_iconfont='entypo-fontello' title='' data-avia-related-tooltip='Compartir en Facebook' rel=\"noopener\"><span class='avia_hidden_link_text'>Compartir en Facebook<\/span><\/a><\/li><li class='av-share-link av-social-link-twitter' ><a target=\"_blank\" aria-label=\"Compartir en Twitter\" href='https:\/\/twitter.com\/share?text=Destacan%20efectivo%20despliegue%20y%20comportamiento%20general%20de%20la%20ciudadan%C3%ADa%20durante%20Fiestas%20Patrias%20en%20Ays%C3%A9n&#038;url=https:\/\/radiorevelacionfm.cl\/?p=46390' aria-hidden='false' data-av_icon='\ue8f1' data-av_iconfont='entypo-fontello' title='' data-avia-related-tooltip='Compartir en Twitter' rel=\"noopener\"><span class='avia_hidden_link_text'>Compartir en Twitter<\/span><\/a><\/li><li class='av-share-link av-social-link-whatsapp' ><a target=\"_blank\" aria-label=\"Compartir en Whatsapp\" href='https:\/\/api.whatsapp.com\/send?text=https:\/\/radiorevelacionfm.cl\/?p=46390' aria-hidden='false' data-av_icon='\uf232' data-av_iconfont='entypo-fontello' title='' data-avia-related-tooltip='Compartir en Whatsapp' rel=\"noopener\"><span class='avia_hidden_link_text'>Compartir en Whatsapp<\/span><\/a><\/li><li class='av-share-link av-social-link-linkedin' ><a target=\"_blank\" aria-label=\"Compartir en LinkedIn\" href='https:\/\/linkedin.com\/shareArticle?mini=true&#038;title=Destacan%20efectivo%20despliegue%20y%20comportamiento%20general%20de%20la%20ciudadan%C3%ADa%20durante%20Fiestas%20Patrias%20en%20Ays%C3%A9n&#038;url=https:\/\/radiorevelacionfm.cl\/?p=46390' aria-hidden='false' data-av_icon='\ue8fc' data-av_iconfont='entypo-fontello' title='' data-avia-related-tooltip='Compartir en LinkedIn' rel=\"noopener\"><span class='avia_hidden_link_text'>Compartir en LinkedIn<\/span><\/a><\/li><li class='av-share-link av-social-link-mail' ><a  aria-label=\"Compartir por correo\" href='mailto:?subject=Destacan%20efectivo%20despliegue%20y%20comportamiento%20general%20de%20la%20ciudadan%C3%ADa%20durante%20Fiestas%20Patrias%20en%20Ays%C3%A9n&#038;body=https:\/\/radiorevelacionfm.cl\/?p=46390' aria-hidden='false' data-av_icon='\ue805' data-av_iconfont='entypo-fontello' title='' data-avia-related-tooltip='Compartir por correo'><span class='avia_hidden_link_text'>Compartir por correo<\/span><\/a><\/li><\/ul><\/div><\/div>\n<div  style='height:50px' class='hr hr-invisible   avia-builder-el-8  el_after_av_social_share  el_before_av_comments_list '><span class='hr-inner ' ><span class='hr-inner-style'><\/span><\/span><\/div>\n<div  class='av-buildercomment  av-blog-meta-html-info-disabled av-blog-meta-tag-disabled  '><\/div>\n","protected":false},"excerpt":{"rendered":"","protected":false},"author":1,"featured_media":46391,"comment_status":"open","ping_status":"open","sticky":false,"template":"","format":"standard","meta":{"footnotes":""},"categories":[38],"tags":[],"class_list":["post-46390","post","type-post","status-publish","format-standard","has-post-thumbnail","hentry","category-regional"],"jetpack_featured_media_url":"https:\/\/radiorevelacionfm.cl\/wp-content\/uploads\/2024\/09\/whatsapp-image-2024-09-23-at-4_optimized.54.33-pm-1-1.jpeg","_links":{"self":[{"href":"https:\/\/radiorevelacionfm.cl\/index.php?rest_route=\/wp\/v2\/posts\/46390","targetHints":{"allow":["GET"]}}],"collection":[{"href":"https:\/\/radiorevelacionfm.cl\/index.php?rest_route=\/wp\/v2\/posts"}],"about":[{"href":"https:\/\/radiorevelacionfm.cl\/index.php?rest_route=\/wp\/v2\/types\/post"}],"author":[{"embeddable":true,"href":"https:\/\/radiorevelacionfm.cl\/index.php?rest_route=\/wp\/v2\/users\/1"}],"replies":[{"embeddable":true,"href":"https:\/\/radiorevelacionfm.cl\/index.php?rest_route=%2Fwp%2Fv2%2Fcomments&post=46390"}],"version-history":[{"count":1,"href":"https:\/\/radiorevelacionfm.cl\/index.php?rest_route=\/wp\/v2\/posts\/46390\/revisions"}],"predecessor-version":[{"id":46392,"href":"https:\/\/radiorevelacionfm.cl\/index.php?rest_route=\/wp\/v2\/posts\/46390\/revisions\/46392"}],"wp:featuredmedia":[{"embeddable":true,"href":"https:\/\/radiorevelacionfm.cl\/index.php?rest_route=\/wp\/v2\/media\/46391"}],"wp:attachment":[{"href":"https:\/\/radiorevelacionfm.cl\/index.php?rest_route=%2Fwp%2Fv2%2Fmedia&parent=46390"}],"wp:term":[{"taxonomy":"category","embeddable":true,"href":"https:\/\/radiorevelacionfm.cl\/index.php?rest_route=%2Fwp%2Fv2%2Fcategories&post=46390"},{"taxonomy":"post_tag","embeddable":true,"href":"https:\/\/radiorevelacionfm.cl\/index.php?rest_route=%2Fwp%2Fv2%2Ftags&post=46390"}],"curies":[{"name":"wp","href":"https:\/\/api.w.org\/{rel}","templated":true}]}}