{"id":46387,"date":"2024-09-24T09:57:13","date_gmt":"2024-09-24T12:57:13","guid":{"rendered":"https:\/\/radiorevelacionfm.cl\/?p=46387"},"modified":"2024-09-24T09:57:13","modified_gmt":"2024-09-24T12:57:13","slug":"con-gran-exito-y-participacion-concluye-segundo-ano-de-la-incubadora-regional-de-negocios","status":"publish","type":"post","link":"https:\/\/radiorevelacionfm.cl\/?p=46387","title":{"rendered":"Con gran \u00e9xito y participaci\u00f3n concluye segundo a\u00f1o de la Incubadora Regional de Negocios"},"content":{"rendered":"<div class=\"flex_column av_one_full  flex_column_div av-zero-column-padding first  avia-builder-el-0  el_before_av_one_full  avia-builder-el-first  \" style='border-radius:0px; '><div  class='avia-image-container  av-styling-    avia-builder-el-1  avia-builder-el-no-sibling  avia-align-center '  itemprop=\"image\" itemscope=\"itemscope\" itemtype=\"https:\/\/schema.org\/ImageObject\"  ><div class='avia-image-container-inner'><div class='avia-image-overlay-wrap'><img decoding=\"async\" class='wp-image-46388 avia-img-lazy-loading-not-46388 avia_image' src=\"https:\/\/radiorevelacionfm.cl\/wp-content\/uploads\/2024\/09\/ANO-DOS-INCUBADORA-2-2-1.jpeg\" alt='' title='A\u00d1O DOS INCUBADORA 2 (2) (1)' height=\"600\" width=\"900\"  itemprop=\"thumbnailUrl\" srcset=\"https:\/\/radiorevelacionfm.cl\/wp-content\/uploads\/2024\/09\/ANO-DOS-INCUBADORA-2-2-1.jpeg 900w, https:\/\/radiorevelacionfm.cl\/wp-content\/uploads\/2024\/09\/ANO-DOS-INCUBADORA-2-2-1-300x200.jpeg 300w, https:\/\/radiorevelacionfm.cl\/wp-content\/uploads\/2024\/09\/ANO-DOS-INCUBADORA-2-2-1-768x512.jpeg 768w, https:\/\/radiorevelacionfm.cl\/wp-content\/uploads\/2024\/09\/ANO-DOS-INCUBADORA-2-2-1-705x470.jpeg 705w, https:\/\/radiorevelacionfm.cl\/wp-content\/uploads\/2024\/09\/ANO-DOS-INCUBADORA-2-2-1-450x300.jpeg 450w, https:\/\/radiorevelacionfm.cl\/wp-content\/uploads\/2024\/09\/ANO-DOS-INCUBADORA-2-2-1-600x400.jpeg 600w\" sizes=\"(max-width: 900px) 100vw, 900px\" \/><\/div><\/div><\/div><\/div><div class=\"flex_column av_one_full  flex_column_div av-zero-column-padding first  avia-builder-el-2  el_after_av_one_full  el_before_av_one_full  column-top-margin\" style='border-radius:0px; '><section class=\"av_textblock_section \"  itemscope=\"itemscope\" itemtype=\"https:\/\/schema.org\/BlogPosting\" itemprop=\"blogPost\" ><div class='avia_textblock  '   itemprop=\"text\" ><p style=\"text-align: center;\"><strong><span style=\"font-size: 18pt;\">Con gran \u00e9xito y participaci\u00f3n concluye segundo a\u00f1o de la Incubadora Regional de Negocios<\/span><\/strong><\/p>\n<div id=\"gtx-trans\" style=\"position: absolute; left: -50px; top: 4.31534px;\">\n<div class=\"gtx-trans-icon\"><\/div>\n<\/div>\n<\/div><\/section><\/div><div class=\"flex_column av_one_full  flex_column_div av-zero-column-padding first  avia-builder-el-4  el_after_av_one_full  el_before_av_hr  column-top-margin\" style='border-radius:0px; '><section class=\"av_textblock_section \"  itemscope=\"itemscope\" itemtype=\"https:\/\/schema.org\/BlogPosting\" itemprop=\"blogPost\" ><div class='avia_textblock  '   itemprop=\"text\" ><p style=\"text-align: justify;\"><em>Corfo y Geogama mediante la academia de Ecoterr\u00e1neo lograron encaminar hacia la formalizaci\u00f3n a varios emprendedores y emprendedoras de la regi\u00f3n, como as\u00ed tambi\u00e9n, entregar herramientas tecnol\u00f3gicas fundamentales para un buen manejo de redes sociales y concretar negocios a trav\u00e9s de Internet.<\/em><\/p>\n<p style=\"text-align: justify;\">Nuevamente gracias al respaldo de la Corfo y Geogama, la Incubadora Regional de Negocios que ejecuta Ecoterr\u00e1neo Patagonia Cowork, pudo finalizar con \u00e9xito su segundo a\u00f1o dando clases, orientando, apoyando y otorgando las m\u00e1s din\u00e1micas herramientas a los emprendedores y emprendedoras de todo el territorio de Ays\u00e9n, quienes postularon y quedaron bajo la academia.<\/p>\n<p style=\"text-align: justify;\">Este a\u00f1o el trabajo territorial y presencial se extendi\u00f3 a Coyhaique y Puerto Cisnes, sin dejar de utilizar la tecnolog\u00eda para llegar a otros puntos de la zona norte y sur de la regi\u00f3n. Algo que fue destacado por uno de los profesionales y parte del equipo de Ecoterr\u00e1neo, Ignacio Torrej\u00f3n.<\/p>\n<p style=\"text-align: justify;\">\u201cHa concluido el trabajo con la segunda generaci\u00f3n de la academia Ecoterr\u00e1neo, que es nuestra Incubadora de Negocios para personas con ideas de negocio o negocios recientes que quieren concretarlos, especialmente que quieren desarrollarlos, desde una mirada de la innovaci\u00f3n, de hacer las cosas en forma creativa, de construir nuevos recursos a trav\u00e9s de la generaci\u00f3n de redes. Este a\u00f1o, a diferencia del a\u00f1o pasado, no solamente hicimos clases en Puerto Ays\u00e9n, sino que tambi\u00e9n, nos expandimos hacia Coyhaique, Puerto Cisnes, tuvimos tambi\u00e9n participantes de la carretera austral sur. El objetivo en este caso es, poder llegar a toda la regi\u00f3n con nuestras clases, con las actividades y aunque siempre vamos a preferir la participaci\u00f3n presencial, igual damos la posibilidad a quienes se quieran conectar online, porque la idea es no perder los contenidos, que son gratuitos\u201d.<\/p>\n<p style=\"text-align: justify;\">Un valor importante al trabajo con los emprendedores a trav\u00e9s de Ecoterr\u00e1neo, entreg\u00f3 el director regional de Corfo, Humberto Mar\u00edn Leiva. \u201cEcoterr\u00e1neo se ha convertido en un espacio de encuentro para los emprendedores de la provincia de Ays\u00e9n, particularmente de la ciudad de Puerto Ays\u00e9n. Nosotros como Corfo, estamos apoyando al Ecoterr\u00e1neo con la Incubadora de Negocios, un espacio donde se desarrollan conversaciones para la acci\u00f3n, en el marco del apoyo que entregamos como Gobierno y como Corfo a los emprendedores y emprendedoras del territorio\u201d.<\/p>\n<p style=\"text-align: justify;\">Tanto hombres como mujeres, dieron cuenta de su positiva experiencia y aprendizaje en la Incubadora Regional de Negocios, fue Ana Celia Alvarado, emprendedora de Puerto Cisnes, quien remarc\u00f3 la importancia de haber sido parte de la academia y poder recibir nuevos conocimientos. \u201cLa academia enriquece mucho como persona, me ayud\u00f3 mucho para poder llegar a sacar mis c\u00e1lculos, mis costos fijos, porque antes yo no lo sab\u00eda hacer. Ahora s\u00ed, puedo proyectarme y sacar el valor adecuado a mi producto\u201d.<\/p>\n<p style=\"text-align: justify;\">El segundo a\u00f1o de la Incubadora Regional de Negocios se llev\u00f3 a cabo sin mayores problemas, con alta convocatoria, mucha participaci\u00f3n e inter\u00e9s de los y las participantes, quienes agradecieron que la Corfo disponga de recursos para colaborar de manera concreta con los emprendedores de la regi\u00f3n, tal como lo hace Geogama poniendo a disposici\u00f3n de la comunidad la academia Ecoterr\u00e1neo.<\/p>\n<\/div><\/section><\/div><div  style='height:50px' class='hr hr-invisible   avia-builder-el-6  el_after_av_one_full  el_before_av_social_share '><span class='hr-inner ' ><span class='hr-inner-style'><\/span><\/span><\/div><\/p>\n<div  class='av-social-sharing-box  avia-builder-el-7  el_after_av_hr  el_before_av_hr  '><div class='av-share-box'><h5 class='av-share-link-description av-no-toc '>Compartir esta noticia<\/h5><ul class='av-share-box-list noLightbox'><li class='av-share-link av-social-link-facebook' ><a target=\"_blank\" aria-label=\"Compartir en Facebook\" href='https:\/\/www.facebook.com\/sharer.php?u=https:\/\/radiorevelacionfm.cl\/?p=46387&#038;t=Con%20gran%20%C3%A9xito%20y%20participaci%C3%B3n%20concluye%20segundo%20a%C3%B1o%20de%20la%20Incubadora%20Regional%20de%20Negocios' aria-hidden='false' data-av_icon='\ue8f3' data-av_iconfont='entypo-fontello' title='' data-avia-related-tooltip='Compartir en Facebook' rel=\"noopener\"><span class='avia_hidden_link_text'>Compartir en Facebook<\/span><\/a><\/li><li class='av-share-link av-social-link-twitter' ><a target=\"_blank\" aria-label=\"Compartir en Twitter\" href='https:\/\/twitter.com\/share?text=Con%20gran%20%C3%A9xito%20y%20participaci%C3%B3n%20concluye%20segundo%20a%C3%B1o%20de%20la%20Incubadora%20Regional%20de%20Negocios&#038;url=https:\/\/radiorevelacionfm.cl\/?p=46387' aria-hidden='false' data-av_icon='\ue8f1' data-av_iconfont='entypo-fontello' title='' data-avia-related-tooltip='Compartir en Twitter' rel=\"noopener\"><span class='avia_hidden_link_text'>Compartir en Twitter<\/span><\/a><\/li><li class='av-share-link av-social-link-whatsapp' ><a target=\"_blank\" aria-label=\"Compartir en Whatsapp\" href='https:\/\/api.whatsapp.com\/send?text=https:\/\/radiorevelacionfm.cl\/?p=46387' aria-hidden='false' data-av_icon='\uf232' data-av_iconfont='entypo-fontello' title='' data-avia-related-tooltip='Compartir en Whatsapp' rel=\"noopener\"><span class='avia_hidden_link_text'>Compartir en Whatsapp<\/span><\/a><\/li><li class='av-share-link av-social-link-linkedin' ><a target=\"_blank\" aria-label=\"Compartir en LinkedIn\" href='https:\/\/linkedin.com\/shareArticle?mini=true&#038;title=Con%20gran%20%C3%A9xito%20y%20participaci%C3%B3n%20concluye%20segundo%20a%C3%B1o%20de%20la%20Incubadora%20Regional%20de%20Negocios&#038;url=https:\/\/radiorevelacionfm.cl\/?p=46387' aria-hidden='false' data-av_icon='\ue8fc' data-av_iconfont='entypo-fontello' title='' data-avia-related-tooltip='Compartir en LinkedIn' rel=\"noopener\"><span class='avia_hidden_link_text'>Compartir en LinkedIn<\/span><\/a><\/li><li class='av-share-link av-social-link-mail' ><a  aria-label=\"Compartir por correo\" href='mailto:?subject=Con%20gran%20%C3%A9xito%20y%20participaci%C3%B3n%20concluye%20segundo%20a%C3%B1o%20de%20la%20Incubadora%20Regional%20de%20Negocios&#038;body=https:\/\/radiorevelacionfm.cl\/?p=46387' aria-hidden='false' data-av_icon='\ue805' data-av_iconfont='entypo-fontello' title='' data-avia-related-tooltip='Compartir por correo'><span class='avia_hidden_link_text'>Compartir por correo<\/span><\/a><\/li><\/ul><\/div><\/div>\n<div  style='height:50px' class='hr hr-invisible   avia-builder-el-8  el_after_av_social_share  el_before_av_comments_list '><span class='hr-inner ' ><span class='hr-inner-style'><\/span><\/span><\/div>\n<div  class='av-buildercomment  av-blog-meta-html-info-disabled av-blog-meta-tag-disabled  '><\/div>\n","protected":false},"excerpt":{"rendered":"","protected":false},"author":1,"featured_media":46388,"comment_status":"open","ping_status":"open","sticky":false,"template":"","format":"standard","meta":{"footnotes":""},"categories":[38],"tags":[],"class_list":["post-46387","post","type-post","status-publish","format-standard","has-post-thumbnail","hentry","category-regional"],"jetpack_featured_media_url":"https:\/\/radiorevelacionfm.cl\/wp-content\/uploads\/2024\/09\/ANO-DOS-INCUBADORA-2-2-1.jpeg","_links":{"self":[{"href":"https:\/\/radiorevelacionfm.cl\/index.php?rest_route=\/wp\/v2\/posts\/46387","targetHints":{"allow":["GET"]}}],"collection":[{"href":"https:\/\/radiorevelacionfm.cl\/index.php?rest_route=\/wp\/v2\/posts"}],"about":[{"href":"https:\/\/radiorevelacionfm.cl\/index.php?rest_route=\/wp\/v2\/types\/post"}],"author":[{"embeddable":true,"href":"https:\/\/radiorevelacionfm.cl\/index.php?rest_route=\/wp\/v2\/users\/1"}],"replies":[{"embeddable":true,"href":"https:\/\/radiorevelacionfm.cl\/index.php?rest_route=%2Fwp%2Fv2%2Fcomments&post=46387"}],"version-history":[{"count":1,"href":"https:\/\/radiorevelacionfm.cl\/index.php?rest_route=\/wp\/v2\/posts\/46387\/revisions"}],"predecessor-version":[{"id":46389,"href":"https:\/\/radiorevelacionfm.cl\/index.php?rest_route=\/wp\/v2\/posts\/46387\/revisions\/46389"}],"wp:featuredmedia":[{"embeddable":true,"href":"https:\/\/radiorevelacionfm.cl\/index.php?rest_route=\/wp\/v2\/media\/46388"}],"wp:attachment":[{"href":"https:\/\/radiorevelacionfm.cl\/index.php?rest_route=%2Fwp%2Fv2%2Fmedia&parent=46387"}],"wp:term":[{"taxonomy":"category","embeddable":true,"href":"https:\/\/radiorevelacionfm.cl\/index.php?rest_route=%2Fwp%2Fv2%2Fcategories&post=46387"},{"taxonomy":"post_tag","embeddable":true,"href":"https:\/\/radiorevelacionfm.cl\/index.php?rest_route=%2Fwp%2Fv2%2Ftags&post=46387"}],"curies":[{"name":"wp","href":"https:\/\/api.w.org\/{rel}","templated":true}]}}