{"id":46384,"date":"2024-09-23T17:36:19","date_gmt":"2024-09-23T20:36:19","guid":{"rendered":"https:\/\/radiorevelacionfm.cl\/?p=46384"},"modified":"2024-09-23T17:36:19","modified_gmt":"2024-09-23T20:36:19","slug":"valorando-construccion-de-nuevos-puestos-ramaderos-de-aysen-sacan-cuentan-alegres-tras-fiestas-patrias","status":"publish","type":"post","link":"https:\/\/radiorevelacionfm.cl\/?p=46384","title":{"rendered":"Valorando construcci\u00f3n de nuevos puestos Ramaderos de Ays\u00e9n sacan cuentan alegres tras Fiestas Patrias"},"content":{"rendered":"<div class=\"flex_column av_one_full  flex_column_div av-zero-column-padding first  avia-builder-el-0  el_before_av_one_full  avia-builder-el-first  \" style='border-radius:0px; '><div  class='avia-image-container  av-styling-    avia-builder-el-1  avia-builder-el-no-sibling  avia-align-center '  itemprop=\"image\" itemscope=\"itemscope\" itemtype=\"https:\/\/schema.org\/ImageObject\"  ><div class='avia-image-container-inner'><div class='avia-image-overlay-wrap'><img decoding=\"async\" class='wp-image-46385 avia-img-lazy-loading-not-46385 avia_image' src=\"https:\/\/radiorevelacionfm.cl\/wp-content\/uploads\/2024\/09\/balance-ramadas-6-1_optimized-1.jpg\" alt='' title='balance-ramadas-6-(1)_optimized (1)' height=\"600\" width=\"1067\"  itemprop=\"thumbnailUrl\" srcset=\"https:\/\/radiorevelacionfm.cl\/wp-content\/uploads\/2024\/09\/balance-ramadas-6-1_optimized-1.jpg 1067w, https:\/\/radiorevelacionfm.cl\/wp-content\/uploads\/2024\/09\/balance-ramadas-6-1_optimized-1-300x169.jpg 300w, https:\/\/radiorevelacionfm.cl\/wp-content\/uploads\/2024\/09\/balance-ramadas-6-1_optimized-1-1030x579.jpg 1030w, https:\/\/radiorevelacionfm.cl\/wp-content\/uploads\/2024\/09\/balance-ramadas-6-1_optimized-1-768x432.jpg 768w, https:\/\/radiorevelacionfm.cl\/wp-content\/uploads\/2024\/09\/balance-ramadas-6-1_optimized-1-705x396.jpg 705w, https:\/\/radiorevelacionfm.cl\/wp-content\/uploads\/2024\/09\/balance-ramadas-6-1_optimized-1-450x253.jpg 450w, https:\/\/radiorevelacionfm.cl\/wp-content\/uploads\/2024\/09\/balance-ramadas-6-1_optimized-1-600x337.jpg 600w\" sizes=\"(max-width: 1067px) 100vw, 1067px\" \/><\/div><\/div><\/div><\/div><div class=\"flex_column av_one_full  flex_column_div av-zero-column-padding first  avia-builder-el-2  el_after_av_one_full  el_before_av_one_full  column-top-margin\" style='border-radius:0px; '><section class=\"av_textblock_section \"  itemscope=\"itemscope\" itemtype=\"https:\/\/schema.org\/BlogPosting\" itemprop=\"blogPost\" ><div class='avia_textblock  '   itemprop=\"text\" ><p style=\"text-align: center;\"><strong><span style=\"font-size: 18pt;\">Valorando construcci\u00f3n de nuevos puestos Ramaderos de Ays\u00e9n sacan cuentan alegres tras Fiestas Patrias<\/span><\/strong><\/p>\n<div id=\"gtx-trans\" style=\"position: absolute; left: -50px; top: 4.31534px;\">\n<div class=\"gtx-trans-icon\"><\/div>\n<\/div>\n<\/div><\/section><\/div><div class=\"flex_column av_one_full  flex_column_div av-zero-column-padding first  avia-builder-el-4  el_after_av_one_full  el_before_av_hr  column-top-margin\" style='border-radius:0px; '><section class=\"av_textblock_section \"  itemscope=\"itemscope\" itemtype=\"https:\/\/schema.org\/BlogPosting\" itemprop=\"blogPost\" ><div class='avia_textblock  '   itemprop=\"text\" ><p style=\"text-align: justify;\">Un positivo balance hizo la agrupaci\u00f3n de Ramaderos de Puerto Ays\u00e9n, luego de haber trabajado durante tres d\u00edas del reciente fin de semana de Fiestas Patrias en el Parque Municipal, lugar hasta donde la comunidad lleg\u00f3 a pesar de las condiciones clim\u00e1ticas adversas. Esto claramente valorando el esfuerzo en la construcci\u00f3n de los puestos para cociner\u00edas y ramadas, trabajo realizado por el equipo de Daoma de la Municipalidad y luego el toque y venta de diversos productos t\u00edpicos que puso a disposici\u00f3n de la comunidad cada locatario.<\/p>\n<p style=\"text-align: justify;\">\u201cHe conversado con los locatarios, con las cociner\u00edas no nos ha ido mal, un poco lo basares, pero hay que considerar se not\u00f3 un poco m\u00e1s el agua, eso impidi\u00f3 que la gente pueda transitar por ese lado, pero nosotros como cociner\u00edas no ha ido bien, yo he hablado con otros locatarios, les ha ido s\u00faper bien. Respecto a las construcciones uniformes, a nosotros nos favoreci\u00f3, pensando en que as\u00ed como estaba el clima uno no siempre trabaja con puras cosas nuevas, siempre busca lo m\u00e1s barato, as\u00ed es que, en ese sentido igual nos facilit\u00f3 y tenemos que ser agradecidos porque tambi\u00e9n fue un ahorro y fue un gasto que este a\u00f1o no lo tuvimos, por lo que, se traduce en ganancia\u201d, manifest\u00f3 la presidenta de los Ramaderos de Puerto Ays\u00e9n, Yohana Barrientos.<\/p>\n<p style=\"text-align: justify;\">Fernando B\u00f3rquez, de la cervecer\u00eda artesanal \u201cla Chona\u201d, quien se uni\u00f3 con otros emprendedores para ofrecer una variedad de productos, tambi\u00e9n hizo un balance positivo en torno a la recepci\u00f3n que tuvieron con la comunidad.<\/p>\n<p style=\"text-align: justify;\">\u201cA pesar de la lluvia nos fue bastante bien, somos cuatro emprendimientos con diferentes productos. Estamos contentos, el recibimiento de la gente ha sido bastante bueno, no hay tanto ebrio y la gente ha sido s\u00faper responsable, hartas familias, eso nos deja bien contentos como ayseninos. Adem\u00e1s, estamos s\u00faper contentos de que este espacio se abra y que hayan desarrollado este concepto, que es algo diferente e innovador, eso es s\u00faper bueno no solo para nosotros, sino que tambi\u00e9n para la comunidad\u201d.<\/p>\n<p style=\"text-align: justify;\">Marcia Ag\u00fcero de la cociner\u00eda \u201cLaurita\u201d, se mostr\u00f3 feliz por los buenos resultados, rescatando el haber contado con una nueva construcci\u00f3n otorgada por el Municipio. \u201cGracias a Dios todo bien, ning\u00fan problema ac\u00e1 en la cociner\u00eda, estoy agradecida por los puestos, porque otros a\u00f1os nos ha costado mucho para construirlos, as\u00ed es que, estamos agradecidos los socios ramaderos. Contenta, nos ha ido bien, gracias a Dios\u201d.<\/p>\n<p style=\"text-align: justify;\">Jos\u00e9 Barrientos, locatario que se luci\u00f3 con los anticuchos y choripanes, sac\u00f3 cuentas alegres de todo lo vendido y se mostr\u00f3 muy c\u00f3modo en el espacio donde trabaj\u00f3 este a\u00f1o. \u201cNos fue bien, hay que reconocer eso, pero tambi\u00e9n hay que darle un agradecimiento al Alcalde y a los trabajadores municipales por los puestos, sino se hac\u00edan estos puestos, quiz\u00e1s habr\u00edamos tenido m\u00e1s problemas. Los puestos dieron mucha facilidad para trabajar, estamos contentos, estamos conformes, agradecido de la gente, de la autoridad municipal. As\u00ed es que, cuando las cosas se hacen bien, hay que agradecerlas\u201d.<\/p>\n<p style=\"text-align: justify;\">Desde la Municipalidad de Ays\u00e9n, relevaron el trabajo de cada uno de los funcionarios y funcionarias que estuvieron presentes en distintas \u00e1reas en el recinto Ramadas y a cada uno de quienes colaboraron para que las actividades se puedan realizar, desde lo administrativo hasta su ejecuci\u00f3n.<\/p>\n<\/div><\/section><\/div><div  style='height:50px' class='hr hr-invisible   avia-builder-el-6  el_after_av_one_full  el_before_av_social_share '><span class='hr-inner ' ><span class='hr-inner-style'><\/span><\/span><\/div><\/p>\n<div  class='av-social-sharing-box  avia-builder-el-7  el_after_av_hr  el_before_av_hr  '><div class='av-share-box'><h5 class='av-share-link-description av-no-toc '>Compartir esta noticia<\/h5><ul class='av-share-box-list noLightbox'><li class='av-share-link av-social-link-facebook' ><a target=\"_blank\" aria-label=\"Compartir en Facebook\" href='https:\/\/www.facebook.com\/sharer.php?u=https:\/\/radiorevelacionfm.cl\/?p=46384&#038;t=Valorando%20construcci%C3%B3n%20de%20nuevos%20puestos%20Ramaderos%20de%20Ays%C3%A9n%20sacan%20cuentan%20alegres%20tras%20Fiestas%20Patrias' aria-hidden='false' data-av_icon='\ue8f3' data-av_iconfont='entypo-fontello' title='' data-avia-related-tooltip='Compartir en Facebook' rel=\"noopener\"><span class='avia_hidden_link_text'>Compartir en Facebook<\/span><\/a><\/li><li class='av-share-link av-social-link-twitter' ><a target=\"_blank\" aria-label=\"Compartir en Twitter\" href='https:\/\/twitter.com\/share?text=Valorando%20construcci%C3%B3n%20de%20nuevos%20puestos%20Ramaderos%20de%20Ays%C3%A9n%20sacan%20cuentan%20alegres%20tras%20Fiestas%20Patrias&#038;url=https:\/\/radiorevelacionfm.cl\/?p=46384' aria-hidden='false' data-av_icon='\ue8f1' data-av_iconfont='entypo-fontello' title='' data-avia-related-tooltip='Compartir en Twitter' rel=\"noopener\"><span class='avia_hidden_link_text'>Compartir en Twitter<\/span><\/a><\/li><li class='av-share-link av-social-link-whatsapp' ><a target=\"_blank\" aria-label=\"Compartir en Whatsapp\" href='https:\/\/api.whatsapp.com\/send?text=https:\/\/radiorevelacionfm.cl\/?p=46384' aria-hidden='false' data-av_icon='\uf232' data-av_iconfont='entypo-fontello' title='' data-avia-related-tooltip='Compartir en Whatsapp' rel=\"noopener\"><span class='avia_hidden_link_text'>Compartir en Whatsapp<\/span><\/a><\/li><li class='av-share-link av-social-link-linkedin' ><a target=\"_blank\" aria-label=\"Compartir en LinkedIn\" href='https:\/\/linkedin.com\/shareArticle?mini=true&#038;title=Valorando%20construcci%C3%B3n%20de%20nuevos%20puestos%20Ramaderos%20de%20Ays%C3%A9n%20sacan%20cuentan%20alegres%20tras%20Fiestas%20Patrias&#038;url=https:\/\/radiorevelacionfm.cl\/?p=46384' aria-hidden='false' data-av_icon='\ue8fc' data-av_iconfont='entypo-fontello' title='' data-avia-related-tooltip='Compartir en LinkedIn' rel=\"noopener\"><span class='avia_hidden_link_text'>Compartir en LinkedIn<\/span><\/a><\/li><li class='av-share-link av-social-link-mail' ><a  aria-label=\"Compartir por correo\" href='mailto:?subject=Valorando%20construcci%C3%B3n%20de%20nuevos%20puestos%20Ramaderos%20de%20Ays%C3%A9n%20sacan%20cuentan%20alegres%20tras%20Fiestas%20Patrias&#038;body=https:\/\/radiorevelacionfm.cl\/?p=46384' aria-hidden='false' data-av_icon='\ue805' data-av_iconfont='entypo-fontello' title='' data-avia-related-tooltip='Compartir por correo'><span class='avia_hidden_link_text'>Compartir por correo<\/span><\/a><\/li><\/ul><\/div><\/div>\n<div  style='height:50px' class='hr hr-invisible   avia-builder-el-8  el_after_av_social_share  el_before_av_comments_list '><span class='hr-inner ' ><span class='hr-inner-style'><\/span><\/span><\/div>\n<div  class='av-buildercomment  av-blog-meta-html-info-disabled av-blog-meta-tag-disabled  '><\/div>\n","protected":false},"excerpt":{"rendered":"","protected":false},"author":1,"featured_media":46385,"comment_status":"open","ping_status":"open","sticky":false,"template":"","format":"standard","meta":{"footnotes":""},"categories":[38],"tags":[],"class_list":["post-46384","post","type-post","status-publish","format-standard","has-post-thumbnail","hentry","category-regional"],"jetpack_featured_media_url":"https:\/\/radiorevelacionfm.cl\/wp-content\/uploads\/2024\/09\/balance-ramadas-6-1_optimized-1.jpg","_links":{"self":[{"href":"https:\/\/radiorevelacionfm.cl\/index.php?rest_route=\/wp\/v2\/posts\/46384","targetHints":{"allow":["GET"]}}],"collection":[{"href":"https:\/\/radiorevelacionfm.cl\/index.php?rest_route=\/wp\/v2\/posts"}],"about":[{"href":"https:\/\/radiorevelacionfm.cl\/index.php?rest_route=\/wp\/v2\/types\/post"}],"author":[{"embeddable":true,"href":"https:\/\/radiorevelacionfm.cl\/index.php?rest_route=\/wp\/v2\/users\/1"}],"replies":[{"embeddable":true,"href":"https:\/\/radiorevelacionfm.cl\/index.php?rest_route=%2Fwp%2Fv2%2Fcomments&post=46384"}],"version-history":[{"count":1,"href":"https:\/\/radiorevelacionfm.cl\/index.php?rest_route=\/wp\/v2\/posts\/46384\/revisions"}],"predecessor-version":[{"id":46386,"href":"https:\/\/radiorevelacionfm.cl\/index.php?rest_route=\/wp\/v2\/posts\/46384\/revisions\/46386"}],"wp:featuredmedia":[{"embeddable":true,"href":"https:\/\/radiorevelacionfm.cl\/index.php?rest_route=\/wp\/v2\/media\/46385"}],"wp:attachment":[{"href":"https:\/\/radiorevelacionfm.cl\/index.php?rest_route=%2Fwp%2Fv2%2Fmedia&parent=46384"}],"wp:term":[{"taxonomy":"category","embeddable":true,"href":"https:\/\/radiorevelacionfm.cl\/index.php?rest_route=%2Fwp%2Fv2%2Fcategories&post=46384"},{"taxonomy":"post_tag","embeddable":true,"href":"https:\/\/radiorevelacionfm.cl\/index.php?rest_route=%2Fwp%2Fv2%2Ftags&post=46384"}],"curies":[{"name":"wp","href":"https:\/\/api.w.org\/{rel}","templated":true}]}}