{"id":46381,"date":"2024-09-24T12:23:56","date_gmt":"2024-09-24T15:23:56","guid":{"rendered":"https:\/\/radiorevelacionfm.cl\/?p=46381"},"modified":"2024-09-24T12:23:56","modified_gmt":"2024-09-24T15:23:56","slug":"entre-los-meses-de-abril-a-junio-2024-el-pib-en-la-region-de-aysen-presento-una-disminucion-de-un-3-6","status":"publish","type":"post","link":"https:\/\/radiorevelacionfm.cl\/?p=46381","title":{"rendered":"Entre los meses de abril a junio 2024, el PIB en la regi\u00f3n de Ays\u00e9n present\u00f3 una disminuci\u00f3n de un 3.6%"},"content":{"rendered":"<div class=\"flex_column av_one_full  flex_column_div av-zero-column-padding first  avia-builder-el-0  el_before_av_one_full  avia-builder-el-first  \" style='border-radius:0px; '><div  class='avia-image-container  av-styling-    avia-builder-el-1  avia-builder-el-no-sibling  avia-align-center '  itemprop=\"image\" itemscope=\"itemscope\" itemtype=\"https:\/\/schema.org\/ImageObject\"  ><div class='avia-image-container-inner'><div class='avia-image-overlay-wrap'><img decoding=\"async\" class='wp-image-46382 avia-img-lazy-loading-not-46382 avia_image' src=\"https:\/\/radiorevelacionfm.cl\/wp-content\/uploads\/2024\/09\/FOTO-PIB-1-1.jpg\" alt='' title='FOTO PIB (1) (1)' height=\"600\" width=\"900\"  itemprop=\"thumbnailUrl\" srcset=\"https:\/\/radiorevelacionfm.cl\/wp-content\/uploads\/2024\/09\/FOTO-PIB-1-1.jpg 900w, https:\/\/radiorevelacionfm.cl\/wp-content\/uploads\/2024\/09\/FOTO-PIB-1-1-300x200.jpg 300w, https:\/\/radiorevelacionfm.cl\/wp-content\/uploads\/2024\/09\/FOTO-PIB-1-1-768x512.jpg 768w, https:\/\/radiorevelacionfm.cl\/wp-content\/uploads\/2024\/09\/FOTO-PIB-1-1-705x470.jpg 705w, https:\/\/radiorevelacionfm.cl\/wp-content\/uploads\/2024\/09\/FOTO-PIB-1-1-450x300.jpg 450w, https:\/\/radiorevelacionfm.cl\/wp-content\/uploads\/2024\/09\/FOTO-PIB-1-1-600x400.jpg 600w\" sizes=\"(max-width: 900px) 100vw, 900px\" \/><\/div><\/div><\/div><\/div><div class=\"flex_column av_one_full  flex_column_div av-zero-column-padding first  avia-builder-el-2  el_after_av_one_full  el_before_av_one_full  column-top-margin\" style='border-radius:0px; '><section class=\"av_textblock_section \"  itemscope=\"itemscope\" itemtype=\"https:\/\/schema.org\/BlogPosting\" itemprop=\"blogPost\" ><div class='avia_textblock  '   itemprop=\"text\" ><p style=\"text-align: center;\"><strong><span style=\"font-size: 18pt;\">Entre los meses de abril a junio 2024, el PIB en la regi\u00f3n de Ays\u00e9n present\u00f3 una disminuci\u00f3n de un 3.6%<\/span><\/strong><\/p>\n<div id=\"gtx-trans\" style=\"position: absolute; left: -50px; top: 4.31534px;\">\n<div class=\"gtx-trans-icon\"><\/div>\n<\/div>\n<\/div><\/section><\/div><div class=\"flex_column av_one_full  flex_column_div av-zero-column-padding first  avia-builder-el-4  el_after_av_one_full  el_before_av_hr  column-top-margin\" style='border-radius:0px; '><section class=\"av_textblock_section \"  itemscope=\"itemscope\" itemtype=\"https:\/\/schema.org\/BlogPosting\" itemprop=\"blogPost\" ><div class='avia_textblock  '   itemprop=\"text\" ><p style=\"text-align: justify;\">El Producto Interno Bruto (PIB) se define como el valor total de la producci\u00f3n de bienes y servicios de una econom\u00eda, para un per\u00edodo determinado, realizada por agentes econ\u00f3micos (empresas, hogares, y gobierno) que residen dentro del territorio nacional. El PIB es uno de los principales indicadores de actividad econ\u00f3mica de un pa\u00eds, y se produce, t\u00edpicamente, en frecuencia trimestral.<\/p>\n<p style=\"text-align: justify;\">En este contexto la Regi\u00f3n de Ays\u00e9n cay\u00f3 3,6%, resultado que fue explicado mayoritariamente por el resto de bienes y la industria manufacturera, destac\u00e1ndose la ca\u00edda del sector acu\u00edcola y de la industria pesquera, respectivamente. Entre los sectores que aumentaron, destacan Comercio 2,9%, Servicios 1,3%, compensando en parte la disminuci\u00f3n de la actividad. Dando como resultado regional trimestral un Producto interno bruto de -3,6%.<\/p>\n<p style=\"text-align: justify;\">Por su parte, en otro indicador que public\u00f3 el Banco Central, el consumo de hogares registr\u00f3 una variaci\u00f3n de 0,1%, incidida por el mayor consumo de servicios, destacando el gasto en restaurantes, hoteles y servicios personales. Lo anterior fue compensado en parte por el consumo en bienes no durables, en particular de alimentos, bebidas y combustibles. Esta cifra positiva, destaca respecto a los trimestres anteriores, denotando un leve incremento que no se observaba en varios trimestres.<\/p>\n<p style=\"text-align: justify;\">Estas cifras se complementan con la evoluci\u00f3n de otros indicadores, como la evoluci\u00f3n del trabajo, con un aumento en el n\u00famero de ocupados del 2.4% en 12 meses. A su vez, la llegada de turistas a establecimientos de alojamiento durante el mes de julio, aument\u00f3 un 30.8%, cifras positivas respecto a la pr\u00f3xima temporada tur\u00edstica. Estas cifras proporcionadas por el INE matizan la disminuci\u00f3n del PIB y proyectan mejores resultados para los pr\u00f3ximos trimestres.<\/p>\n<p style=\"text-align: justify;\">El Seremi de Econom\u00eda, Fomento y Turismo; Felipe Rojas Pizarro puso sobre relieve la importancia de esta cifra, en el contexto econ\u00f3mico actual: <em>\u201cComo Gobierno y particularmente desde la Seremi de Econom\u00eda, estamos trabajando fuertemente en promover e incentivar la inversi\u00f3n mediante la Mesa Regional de Inversi\u00f3n Privada, la que en su \u00faltima sesi\u00f3n reuni\u00f3 m\u00e1s de 25 millones de d\u00f3lares de inversi\u00f3n, que esperan materializarse a corto y mediano plazo para continuar reactivando la econom\u00eda local, con efectos directos e indirectos. As\u00ed tambi\u00e9n a nivel nacional como Ministerio estamos desarrollando el Sistema Inteligente de Permisos, con el fin de acelerar las inversiones privadas en las regiones y seguir fortaleciendo el Comit\u00e9 de Desarrollo Productivo Regional, factores claves para el desarrollo econ\u00f3mico\u201d.<\/em><\/p>\n<p style=\"text-align: justify;\">Por su parte el Seremi de Energ\u00eda y vocero Tom\u00e1s Laibe, puntualiz\u00f3 que: <em>\u201cEntendemos la preocupaci\u00f3n que generan estas cifras, pero es fundamental complementar con otros datos. Por ejemplo el comercio, muy afectado en los \u00faltimos a\u00f1os, muestra signos de recuperaci\u00f3n. El desempleo en Ays\u00e9n est\u00e1 bajando, y seg\u00fan el INE, tenemos las mejores cifras a nivel nacional. Adem\u00e1s, la inversi\u00f3n privada en sectores clave est\u00e1 avanzando, como los 4 embarques mineros realizados este a\u00f1o y la pr\u00f3xima puesta en marcha de la planta de pellet de Ecom\u00e1s. No obstante, como gobierno seguimos comprometidos en dinamizar la econom\u00eda y fortalecer el di\u00e1logo p\u00fablico-privado, con la Mesa de Inversi\u00f3n Regional y mesas sectoriales con la salmonicultura, en miner\u00eda y en energ\u00eda.\u201d<\/em><\/p>\n<\/div><\/section><\/div><div  style='height:50px' class='hr hr-invisible   avia-builder-el-6  el_after_av_one_full  el_before_av_social_share '><span class='hr-inner ' ><span class='hr-inner-style'><\/span><\/span><\/div><\/p>\n<div  class='av-social-sharing-box  avia-builder-el-7  el_after_av_hr  el_before_av_hr  '><div class='av-share-box'><h5 class='av-share-link-description av-no-toc '>Compartir esta noticia<\/h5><ul class='av-share-box-list noLightbox'><li class='av-share-link av-social-link-facebook' ><a target=\"_blank\" aria-label=\"Compartir en Facebook\" href='https:\/\/www.facebook.com\/sharer.php?u=https:\/\/radiorevelacionfm.cl\/?p=46381&#038;t=Entre%20los%20meses%20de%20abril%20a%20junio%202024%2C%20el%20PIB%20en%20la%20regi%C3%B3n%20de%20Ays%C3%A9n%20present%C3%B3%20una%20disminuci%C3%B3n%20de%20un%203.6%25' aria-hidden='false' data-av_icon='\ue8f3' data-av_iconfont='entypo-fontello' title='' data-avia-related-tooltip='Compartir en Facebook' rel=\"noopener\"><span class='avia_hidden_link_text'>Compartir en Facebook<\/span><\/a><\/li><li class='av-share-link av-social-link-twitter' ><a target=\"_blank\" aria-label=\"Compartir en Twitter\" href='https:\/\/twitter.com\/share?text=Entre%20los%20meses%20de%20abril%20a%20junio%202024%2C%20el%20PIB%20en%20la%20regi%C3%B3n%20de%20Ays%C3%A9n%20present%C3%B3%20una%20disminuci%C3%B3n%20de%20un%203.6%25&#038;url=https:\/\/radiorevelacionfm.cl\/?p=46381' aria-hidden='false' data-av_icon='\ue8f1' data-av_iconfont='entypo-fontello' title='' data-avia-related-tooltip='Compartir en Twitter' rel=\"noopener\"><span class='avia_hidden_link_text'>Compartir en Twitter<\/span><\/a><\/li><li class='av-share-link av-social-link-whatsapp' ><a target=\"_blank\" aria-label=\"Compartir en Whatsapp\" href='https:\/\/api.whatsapp.com\/send?text=https:\/\/radiorevelacionfm.cl\/?p=46381' aria-hidden='false' data-av_icon='\uf232' data-av_iconfont='entypo-fontello' title='' data-avia-related-tooltip='Compartir en Whatsapp' rel=\"noopener\"><span class='avia_hidden_link_text'>Compartir en Whatsapp<\/span><\/a><\/li><li class='av-share-link av-social-link-linkedin' ><a target=\"_blank\" aria-label=\"Compartir en LinkedIn\" href='https:\/\/linkedin.com\/shareArticle?mini=true&#038;title=Entre%20los%20meses%20de%20abril%20a%20junio%202024%2C%20el%20PIB%20en%20la%20regi%C3%B3n%20de%20Ays%C3%A9n%20present%C3%B3%20una%20disminuci%C3%B3n%20de%20un%203.6%25&#038;url=https:\/\/radiorevelacionfm.cl\/?p=46381' aria-hidden='false' data-av_icon='\ue8fc' data-av_iconfont='entypo-fontello' title='' data-avia-related-tooltip='Compartir en LinkedIn' rel=\"noopener\"><span class='avia_hidden_link_text'>Compartir en LinkedIn<\/span><\/a><\/li><li class='av-share-link av-social-link-mail' ><a  aria-label=\"Compartir por correo\" href='mailto:?subject=Entre%20los%20meses%20de%20abril%20a%20junio%202024%2C%20el%20PIB%20en%20la%20regi%C3%B3n%20de%20Ays%C3%A9n%20present%C3%B3%20una%20disminuci%C3%B3n%20de%20un%203.6%25&#038;body=https:\/\/radiorevelacionfm.cl\/?p=46381' aria-hidden='false' data-av_icon='\ue805' data-av_iconfont='entypo-fontello' title='' data-avia-related-tooltip='Compartir por correo'><span class='avia_hidden_link_text'>Compartir por correo<\/span><\/a><\/li><\/ul><\/div><\/div>\n<div  style='height:50px' class='hr hr-invisible   avia-builder-el-8  el_after_av_social_share  el_before_av_comments_list '><span class='hr-inner ' ><span class='hr-inner-style'><\/span><\/span><\/div>\n<div  class='av-buildercomment  av-blog-meta-html-info-disabled av-blog-meta-tag-disabled  '><\/div>\n","protected":false},"excerpt":{"rendered":"","protected":false},"author":1,"featured_media":46382,"comment_status":"open","ping_status":"open","sticky":false,"template":"","format":"standard","meta":{"footnotes":""},"categories":[37],"tags":[],"class_list":["post-46381","post","type-post","status-publish","format-standard","has-post-thumbnail","hentry","category-economia"],"jetpack_featured_media_url":"https:\/\/radiorevelacionfm.cl\/wp-content\/uploads\/2024\/09\/FOTO-PIB-1-1.jpg","_links":{"self":[{"href":"https:\/\/radiorevelacionfm.cl\/index.php?rest_route=\/wp\/v2\/posts\/46381","targetHints":{"allow":["GET"]}}],"collection":[{"href":"https:\/\/radiorevelacionfm.cl\/index.php?rest_route=\/wp\/v2\/posts"}],"about":[{"href":"https:\/\/radiorevelacionfm.cl\/index.php?rest_route=\/wp\/v2\/types\/post"}],"author":[{"embeddable":true,"href":"https:\/\/radiorevelacionfm.cl\/index.php?rest_route=\/wp\/v2\/users\/1"}],"replies":[{"embeddable":true,"href":"https:\/\/radiorevelacionfm.cl\/index.php?rest_route=%2Fwp%2Fv2%2Fcomments&post=46381"}],"version-history":[{"count":1,"href":"https:\/\/radiorevelacionfm.cl\/index.php?rest_route=\/wp\/v2\/posts\/46381\/revisions"}],"predecessor-version":[{"id":46383,"href":"https:\/\/radiorevelacionfm.cl\/index.php?rest_route=\/wp\/v2\/posts\/46381\/revisions\/46383"}],"wp:featuredmedia":[{"embeddable":true,"href":"https:\/\/radiorevelacionfm.cl\/index.php?rest_route=\/wp\/v2\/media\/46382"}],"wp:attachment":[{"href":"https:\/\/radiorevelacionfm.cl\/index.php?rest_route=%2Fwp%2Fv2%2Fmedia&parent=46381"}],"wp:term":[{"taxonomy":"category","embeddable":true,"href":"https:\/\/radiorevelacionfm.cl\/index.php?rest_route=%2Fwp%2Fv2%2Fcategories&post=46381"},{"taxonomy":"post_tag","embeddable":true,"href":"https:\/\/radiorevelacionfm.cl\/index.php?rest_route=%2Fwp%2Fv2%2Ftags&post=46381"}],"curies":[{"name":"wp","href":"https:\/\/api.w.org\/{rel}","templated":true}]}}