{"id":46375,"date":"2024-09-23T17:03:14","date_gmt":"2024-09-23T20:03:14","guid":{"rendered":"https:\/\/radiorevelacionfm.cl\/?p=46375"},"modified":"2024-09-23T17:03:14","modified_gmt":"2024-09-23T20:03:14","slug":"centenares-de-personas-disfrutaron-de-la-gira-norte-de-culturas-aysen-en-ruta","status":"publish","type":"post","link":"https:\/\/radiorevelacionfm.cl\/?p=46375","title":{"rendered":"Centenares de personas disfrutaron de la gira norte de Culturas Ays\u00e9n En Ruta"},"content":{"rendered":"<div class=\"flex_column av_one_full  flex_column_div av-zero-column-padding first  avia-builder-el-0  el_before_av_one_full  avia-builder-el-first  \" style='border-radius:0px; '><div  class='avia-image-container  av-styling-    avia-builder-el-1  avia-builder-el-no-sibling  avia-align-center '  itemprop=\"image\" itemscope=\"itemscope\" itemtype=\"https:\/\/schema.org\/ImageObject\"  ><div class='avia-image-container-inner'><div class='avia-image-overlay-wrap'><img decoding=\"async\" class='wp-image-46376 avia-img-lazy-loading-not-46376 avia_image' src=\"https:\/\/radiorevelacionfm.cl\/wp-content\/uploads\/2024\/09\/gira-norte2-1-1.jpeg\" alt='' title='gira norte2 (1) (1)' height=\"600\" width=\"800\"  itemprop=\"thumbnailUrl\" srcset=\"https:\/\/radiorevelacionfm.cl\/wp-content\/uploads\/2024\/09\/gira-norte2-1-1.jpeg 800w, https:\/\/radiorevelacionfm.cl\/wp-content\/uploads\/2024\/09\/gira-norte2-1-1-300x225.jpeg 300w, https:\/\/radiorevelacionfm.cl\/wp-content\/uploads\/2024\/09\/gira-norte2-1-1-768x576.jpeg 768w, https:\/\/radiorevelacionfm.cl\/wp-content\/uploads\/2024\/09\/gira-norte2-1-1-705x529.jpeg 705w, https:\/\/radiorevelacionfm.cl\/wp-content\/uploads\/2024\/09\/gira-norte2-1-1-450x338.jpeg 450w, https:\/\/radiorevelacionfm.cl\/wp-content\/uploads\/2024\/09\/gira-norte2-1-1-600x450.jpeg 600w\" sizes=\"(max-width: 800px) 100vw, 800px\" \/><\/div><\/div><\/div><\/div><div class=\"flex_column av_one_full  flex_column_div av-zero-column-padding first  avia-builder-el-2  el_after_av_one_full  el_before_av_one_full  column-top-margin\" style='border-radius:0px; '><section class=\"av_textblock_section \"  itemscope=\"itemscope\" itemtype=\"https:\/\/schema.org\/BlogPosting\" itemprop=\"blogPost\" ><div class='avia_textblock  '   itemprop=\"text\" ><p style=\"text-align: center;\"><span style=\"font-size: 18pt;\"><b>Centenares de personas disfrutaron de la gira norte de Culturas Ays\u00e9n En Ruta<\/b><\/span><\/p>\n<div id=\"gtx-trans\" style=\"position: absolute; left: -50px; top: 4.31534px;\">\n<div class=\"gtx-trans-icon\"><\/div>\n<\/div>\n<\/div><\/section><\/div><div class=\"flex_column av_one_full  flex_column_div av-zero-column-padding first  avia-builder-el-4  el_after_av_one_full  el_before_av_hr  column-top-margin\" style='border-radius:0px; '><section class=\"av_textblock_section \"  itemscope=\"itemscope\" itemtype=\"https:\/\/schema.org\/BlogPosting\" itemprop=\"blogPost\" ><div class='avia_textblock  '   itemprop=\"text\" ><p style=\"text-align: justify;\">Familias de Melinka y Ma\u00f1ihuales recibieron en sus localidades la parrilla art\u00edstica de la gira norte de Cultura Ays\u00e9n En Ruta y se volcaron masivamente a los gimnasios donde se desarrollaron las jornadas de teatro, circo, t\u00edteres, magia y m\u00fasica en vivo, financiadas por el Programa de Fortalecimiento de la Identidad Cultural Regional de la Seremi de Culturas Ays\u00e9n.<\/p>\n<p style=\"text-align: justify;\">Los t\u00edteres estuvieron a cargo de Dami\u00e1n Antiguez y su compa\u00f1\u00eda Vuelo Teatro; la magia estuvo en manos de Benjam\u00edn Rozas de Puerto Ays\u00e9n; Gravity Circus puso la cuota circense y el D\u00fao Trapananda cerr\u00f3 cada jornada. Adem\u00e1s, cada localidad present\u00f3 su n\u00famero propio: entre Canales Sure\u00f1os en Melinka, donde participaron cerca de 120 personas y Gabriela Alvarado en Ma\u00f1ihuales, hasta cuyo gimnasio llegaron m\u00e1s de 150.<\/p>\n<p style=\"text-align: justify;\">Felipe Quiroz, seremi de Culturas Ays\u00e9n, cont\u00f3 que \u00abestuvimos primero en la localidad de Melinka, la m\u00e1s aislada del norte de la regi\u00f3n y quisimos partir justamente por ah\u00ed porque nuestra misi\u00f3n de hacer crecer las audiencias no se detiene en las grandes ciudades. Llevar diferentes expresiones art\u00edsticas y al mismo tiempo escuchar n\u00fameros locales, sin duda, enriquece las culturas del territorio y hace circular los contenidos, permitiendo que todos los p\u00fablicos, de todos los puntos de la regi\u00f3n, accedan a n\u00fameros de calidad en sus propias localidades. Para nosotros como Gobierno, la cultura es parte fundamental en la vida de las personas. Es por eso que queremos generar este tipo de instancias para que todos y todas puedan acceder a bienes y servicios culturales\u00bb.<\/p>\n<p style=\"text-align: justify;\">\u00abLa gira norte fue una muy linda experiencia\u00bb, dice el malabarista Julio Jaramillo de Gravity Circus, \u00aby estamos muy agradecidos por la invitaci\u00f3n que nos hicieron. Fue maravilloso poder conocer tantos lindos lugares como Melinka y Ma\u00f1ihuales. Nos hemos sorprendido con la participaci\u00f3n de la gente y estamos muy agradecidos de que se siga trabajando y podamos llevar artistas a localidades tan lejanas como Melinka\u00bb.<\/p>\n<p style=\"text-align: justify;\">El titiritero Dami\u00e1n Antiguez piensa que \u00abesta iniciativa nos permite a nosotros conocer los distintos rincones de la regi\u00f3n y a las personas poder apreciar las distintas disciplinas: circo, magia, t\u00edteres, m\u00fasica. Y, por supuesto, nosotros como artistas podemos conocer a intercambiar con el p\u00fablico y observamos las reacciones en las distintas localidades que hemos visitado, la participaci\u00f3n del p\u00fablico y se ha generado una relaci\u00f3n bien interesante, con mucha curiosidad\u00bb.<\/p>\n<\/div><\/section><\/div><div  style='height:50px' class='hr hr-invisible   avia-builder-el-6  el_after_av_one_full  el_before_av_social_share '><span class='hr-inner ' ><span class='hr-inner-style'><\/span><\/span><\/div><\/p>\n<div  class='av-social-sharing-box  avia-builder-el-7  el_after_av_hr  el_before_av_hr  '><div class='av-share-box'><h5 class='av-share-link-description av-no-toc '>Compartir esta noticia<\/h5><ul class='av-share-box-list noLightbox'><li class='av-share-link av-social-link-facebook' ><a target=\"_blank\" aria-label=\"Compartir en Facebook\" href='https:\/\/www.facebook.com\/sharer.php?u=https:\/\/radiorevelacionfm.cl\/?p=46375&#038;t=Centenares%20de%20personas%20disfrutaron%20de%20la%20gira%20norte%20de%20Culturas%20Ays%C3%A9n%20En%20Ruta' aria-hidden='false' data-av_icon='\ue8f3' data-av_iconfont='entypo-fontello' title='' data-avia-related-tooltip='Compartir en Facebook' rel=\"noopener\"><span class='avia_hidden_link_text'>Compartir en Facebook<\/span><\/a><\/li><li class='av-share-link av-social-link-twitter' ><a target=\"_blank\" aria-label=\"Compartir en Twitter\" href='https:\/\/twitter.com\/share?text=Centenares%20de%20personas%20disfrutaron%20de%20la%20gira%20norte%20de%20Culturas%20Ays%C3%A9n%20En%20Ruta&#038;url=https:\/\/radiorevelacionfm.cl\/?p=46375' aria-hidden='false' data-av_icon='\ue8f1' data-av_iconfont='entypo-fontello' title='' data-avia-related-tooltip='Compartir en Twitter' rel=\"noopener\"><span class='avia_hidden_link_text'>Compartir en Twitter<\/span><\/a><\/li><li class='av-share-link av-social-link-whatsapp' ><a target=\"_blank\" aria-label=\"Compartir en Whatsapp\" href='https:\/\/api.whatsapp.com\/send?text=https:\/\/radiorevelacionfm.cl\/?p=46375' aria-hidden='false' data-av_icon='\uf232' data-av_iconfont='entypo-fontello' title='' data-avia-related-tooltip='Compartir en Whatsapp' rel=\"noopener\"><span class='avia_hidden_link_text'>Compartir en Whatsapp<\/span><\/a><\/li><li class='av-share-link av-social-link-linkedin' ><a target=\"_blank\" aria-label=\"Compartir en LinkedIn\" href='https:\/\/linkedin.com\/shareArticle?mini=true&#038;title=Centenares%20de%20personas%20disfrutaron%20de%20la%20gira%20norte%20de%20Culturas%20Ays%C3%A9n%20En%20Ruta&#038;url=https:\/\/radiorevelacionfm.cl\/?p=46375' aria-hidden='false' data-av_icon='\ue8fc' data-av_iconfont='entypo-fontello' title='' data-avia-related-tooltip='Compartir en LinkedIn' rel=\"noopener\"><span class='avia_hidden_link_text'>Compartir en LinkedIn<\/span><\/a><\/li><li class='av-share-link av-social-link-mail' ><a  aria-label=\"Compartir por correo\" href='mailto:?subject=Centenares%20de%20personas%20disfrutaron%20de%20la%20gira%20norte%20de%20Culturas%20Ays%C3%A9n%20En%20Ruta&#038;body=https:\/\/radiorevelacionfm.cl\/?p=46375' aria-hidden='false' data-av_icon='\ue805' data-av_iconfont='entypo-fontello' title='' data-avia-related-tooltip='Compartir por correo'><span class='avia_hidden_link_text'>Compartir por correo<\/span><\/a><\/li><\/ul><\/div><\/div>\n<div  style='height:50px' class='hr hr-invisible   avia-builder-el-8  el_after_av_social_share  el_before_av_comments_list '><span class='hr-inner ' ><span class='hr-inner-style'><\/span><\/span><\/div>\n<div  class='av-buildercomment  av-blog-meta-html-info-disabled av-blog-meta-tag-disabled  '><\/div>\n","protected":false},"excerpt":{"rendered":"","protected":false},"author":1,"featured_media":46376,"comment_status":"open","ping_status":"open","sticky":false,"template":"","format":"standard","meta":{"footnotes":""},"categories":[52],"tags":[],"class_list":["post-46375","post","type-post","status-publish","format-standard","has-post-thumbnail","hentry","category-cultura"],"jetpack_featured_media_url":"https:\/\/radiorevelacionfm.cl\/wp-content\/uploads\/2024\/09\/gira-norte2-1-1.jpeg","_links":{"self":[{"href":"https:\/\/radiorevelacionfm.cl\/index.php?rest_route=\/wp\/v2\/posts\/46375","targetHints":{"allow":["GET"]}}],"collection":[{"href":"https:\/\/radiorevelacionfm.cl\/index.php?rest_route=\/wp\/v2\/posts"}],"about":[{"href":"https:\/\/radiorevelacionfm.cl\/index.php?rest_route=\/wp\/v2\/types\/post"}],"author":[{"embeddable":true,"href":"https:\/\/radiorevelacionfm.cl\/index.php?rest_route=\/wp\/v2\/users\/1"}],"replies":[{"embeddable":true,"href":"https:\/\/radiorevelacionfm.cl\/index.php?rest_route=%2Fwp%2Fv2%2Fcomments&post=46375"}],"version-history":[{"count":1,"href":"https:\/\/radiorevelacionfm.cl\/index.php?rest_route=\/wp\/v2\/posts\/46375\/revisions"}],"predecessor-version":[{"id":46377,"href":"https:\/\/radiorevelacionfm.cl\/index.php?rest_route=\/wp\/v2\/posts\/46375\/revisions\/46377"}],"wp:featuredmedia":[{"embeddable":true,"href":"https:\/\/radiorevelacionfm.cl\/index.php?rest_route=\/wp\/v2\/media\/46376"}],"wp:attachment":[{"href":"https:\/\/radiorevelacionfm.cl\/index.php?rest_route=%2Fwp%2Fv2%2Fmedia&parent=46375"}],"wp:term":[{"taxonomy":"category","embeddable":true,"href":"https:\/\/radiorevelacionfm.cl\/index.php?rest_route=%2Fwp%2Fv2%2Fcategories&post=46375"},{"taxonomy":"post_tag","embeddable":true,"href":"https:\/\/radiorevelacionfm.cl\/index.php?rest_route=%2Fwp%2Fv2%2Ftags&post=46375"}],"curies":[{"name":"wp","href":"https:\/\/api.w.org\/{rel}","templated":true}]}}