{"id":46369,"date":"2024-09-23T15:07:12","date_gmt":"2024-09-23T18:07:12","guid":{"rendered":"https:\/\/radiorevelacionfm.cl\/?p=46369"},"modified":"2024-09-23T15:07:12","modified_gmt":"2024-09-23T18:07:12","slug":"nuevo-totem-de-recarga-gratuita-para-celulares-es-instalado-en-terminal-portuario-de-rio-ibanez","status":"publish","type":"post","link":"https:\/\/radiorevelacionfm.cl\/?p=46369","title":{"rendered":"Nuevo t\u00f3tem de recarga gratuita para celulares es instalado en terminal portuario de R\u00edo Ib\u00e1\u00f1ez"},"content":{"rendered":"<div class=\"flex_column av_one_full  flex_column_div av-zero-column-padding first  avia-builder-el-0  el_before_av_one_full  avia-builder-el-first  \" style='border-radius:0px; '><div  class='avia-image-container  av-styling-    avia-builder-el-1  avia-builder-el-no-sibling  avia-align-center '  itemprop=\"image\" itemscope=\"itemscope\" itemtype=\"https:\/\/schema.org\/ImageObject\"  ><div class='avia-image-container-inner'><div class='avia-image-overlay-wrap'><img decoding=\"async\" class='wp-image-46370 avia-img-lazy-loading-not-46370 avia_image' src=\"https:\/\/radiorevelacionfm.cl\/wp-content\/uploads\/2024\/09\/Totem-Rio-Ibanez1-1-1.jpeg\" alt='' title='Totem Rio Iba\u00f1ez1 (1) (1)' height=\"600\" width=\"800\"  itemprop=\"thumbnailUrl\" srcset=\"https:\/\/radiorevelacionfm.cl\/wp-content\/uploads\/2024\/09\/Totem-Rio-Ibanez1-1-1.jpeg 800w, https:\/\/radiorevelacionfm.cl\/wp-content\/uploads\/2024\/09\/Totem-Rio-Ibanez1-1-1-300x225.jpeg 300w, https:\/\/radiorevelacionfm.cl\/wp-content\/uploads\/2024\/09\/Totem-Rio-Ibanez1-1-1-768x576.jpeg 768w, https:\/\/radiorevelacionfm.cl\/wp-content\/uploads\/2024\/09\/Totem-Rio-Ibanez1-1-1-705x529.jpeg 705w, https:\/\/radiorevelacionfm.cl\/wp-content\/uploads\/2024\/09\/Totem-Rio-Ibanez1-1-1-450x338.jpeg 450w, https:\/\/radiorevelacionfm.cl\/wp-content\/uploads\/2024\/09\/Totem-Rio-Ibanez1-1-1-600x450.jpeg 600w\" sizes=\"(max-width: 800px) 100vw, 800px\" \/><\/div><\/div><\/div><\/div><div class=\"flex_column av_one_full  flex_column_div av-zero-column-padding first  avia-builder-el-2  el_after_av_one_full  el_before_av_one_full  column-top-margin\" style='border-radius:0px; '><section class=\"av_textblock_section \"  itemscope=\"itemscope\" itemtype=\"https:\/\/schema.org\/BlogPosting\" itemprop=\"blogPost\" ><div class='avia_textblock  '   itemprop=\"text\" ><p style=\"text-align: center;\"><strong><span style=\"font-size: 18pt;\">Nuevo t\u00f3tem de recarga gratuita para celulares es instalado en terminal portuario de R\u00edo Ib\u00e1\u00f1ez<\/span><\/strong><\/p>\n<div id=\"gtx-trans\" style=\"position: absolute; left: -50px; top: 4.31534px;\">\n<div class=\"gtx-trans-icon\"><\/div>\n<\/div>\n<\/div><\/section><\/div><div class=\"flex_column av_one_full  flex_column_div av-zero-column-padding first  avia-builder-el-4  el_after_av_one_full  el_before_av_hr  column-top-margin\" style='border-radius:0px; '><section class=\"av_textblock_section \"  itemscope=\"itemscope\" itemtype=\"https:\/\/schema.org\/BlogPosting\" itemprop=\"blogPost\" ><div class='avia_textblock  '   itemprop=\"text\" ><p style=\"text-align: justify;\"><em>La iniciativa \u201cConecta tu Energ\u00eda\u201d, parte de los programas de vinculaci\u00f3n con la comunidad de Grupo Saesa, suma su s\u00e9ptima instalaci\u00f3n en la regi\u00f3n de Ays\u00e9n, beneficiando a los usuarios del terminal portuario. <\/em><\/p>\n<p style=\"text-align: justify;\">Edelaysen continua su compromiso con la comunidad con la reciente inauguraci\u00f3n de un nuevo t\u00f3tem de recarga gratuita para tel\u00e9fonos m\u00f3viles en el terminal portuario de la comuna de R\u00edo Ib\u00e1\u00f1ez. Este es el s\u00e9ptimo dispositivo de su tipo en la regi\u00f3n de Ays\u00e9n, marcando un paso m\u00e1s en los esfuerzos de la el\u00e9ctrica por impulsar iniciativas que sean un aporte para la comunidad y mejoren la calidad de vida de sus clientes.<\/p>\n<p style=\"text-align: justify;\">El nuevo t\u00f3tem, ubicado en un punto estrat\u00e9gico dentro de la comuna, est\u00e1 dise\u00f1ado para que los usuarios del terminal puedan recargar sus dispositivos m\u00f3viles de forma gratuita y eficiente mientras realizan sus actividades cotidianas o esperan la conexi\u00f3n de transporte hacia la comuna de Chile Chico.<\/p>\n<p style=\"text-align: justify;\">\u201cEste proyecto forma parte de nuestras pol\u00edticas de sostenibilidad, en las que buscamos no solo aportar con energ\u00edas limpias, sino tambi\u00e9n brindar servicios que mejoren el d\u00eda a d\u00eda de la comunidad\u201d, destac\u00f3 Yasna Vera, Ejecutiva de Relacionamiento de Edelaysen.<\/p>\n<p style=\"text-align: justify;\">De esta manera, Edelaysen ya ha implementado estos puntos de recarga en otras comunas de la regi\u00f3n como Coyhaique, Puerto Ays\u00e9n, Chile Chico, Cochrane y en la localidad de La Junta, facilitando el acceso a energ\u00eda en espacios p\u00fablicos y fomentando un uso m\u00e1s consciente y eficiente de los recursos.<\/p>\n<p style=\"text-align: justify;\">Jaime Salas, representante de la empresa Transal ubicada en el terminal portuario indic\u00f3 que \u201cAgradece a Edelaysen por esta iniciativa de traer un t\u00f3tem al terminal portuario. Ac\u00e1 operan dos naves que es la barcaza La Chelenko y La Tehuelche para lo que la gente se demora hasta 3 horas en cruzar el lago (General Carrera), muchos se quedan sin se\u00f1al de tel\u00e9fono, en las acomodaciones que tenemos en las barcazas no hay muchos terminales de conexi\u00f3n el\u00e9ctricos, pero con esto se nos facilita mucho la conexi\u00f3n con nuestros pasajeros\u201d.<\/p>\n<p style=\"text-align: justify;\">Con la instalaci\u00f3n de este s\u00e9ptimo t\u00f3tem, la empresa reafirma su compromiso con la sustentabilidad y con el desarrollo regional a trav\u00e9s de proyectos innovadores que beneficien tanto a la comunidad como tambi\u00e9n al entorno.<\/p>\n<\/div><\/section><\/div><div  style='height:50px' class='hr hr-invisible   avia-builder-el-6  el_after_av_one_full  el_before_av_social_share '><span class='hr-inner ' ><span class='hr-inner-style'><\/span><\/span><\/div><\/p>\n<div  class='av-social-sharing-box  avia-builder-el-7  el_after_av_hr  el_before_av_hr  '><div class='av-share-box'><h5 class='av-share-link-description av-no-toc '>Compartir esta noticia<\/h5><ul class='av-share-box-list noLightbox'><li class='av-share-link av-social-link-facebook' ><a target=\"_blank\" aria-label=\"Compartir en Facebook\" href='https:\/\/www.facebook.com\/sharer.php?u=https:\/\/radiorevelacionfm.cl\/?p=46369&#038;t=Nuevo%20t%C3%B3tem%20de%20recarga%20gratuita%20para%20celulares%20es%20instalado%20en%20terminal%20portuario%20de%20R%C3%ADo%20Ib%C3%A1%C3%B1ez' aria-hidden='false' data-av_icon='\ue8f3' data-av_iconfont='entypo-fontello' title='' data-avia-related-tooltip='Compartir en Facebook' rel=\"noopener\"><span class='avia_hidden_link_text'>Compartir en Facebook<\/span><\/a><\/li><li class='av-share-link av-social-link-twitter' ><a target=\"_blank\" aria-label=\"Compartir en Twitter\" href='https:\/\/twitter.com\/share?text=Nuevo%20t%C3%B3tem%20de%20recarga%20gratuita%20para%20celulares%20es%20instalado%20en%20terminal%20portuario%20de%20R%C3%ADo%20Ib%C3%A1%C3%B1ez&#038;url=https:\/\/radiorevelacionfm.cl\/?p=46369' aria-hidden='false' data-av_icon='\ue8f1' data-av_iconfont='entypo-fontello' title='' data-avia-related-tooltip='Compartir en Twitter' rel=\"noopener\"><span class='avia_hidden_link_text'>Compartir en Twitter<\/span><\/a><\/li><li class='av-share-link av-social-link-whatsapp' ><a target=\"_blank\" aria-label=\"Compartir en Whatsapp\" href='https:\/\/api.whatsapp.com\/send?text=https:\/\/radiorevelacionfm.cl\/?p=46369' aria-hidden='false' data-av_icon='\uf232' data-av_iconfont='entypo-fontello' title='' data-avia-related-tooltip='Compartir en Whatsapp' rel=\"noopener\"><span class='avia_hidden_link_text'>Compartir en Whatsapp<\/span><\/a><\/li><li class='av-share-link av-social-link-linkedin' ><a target=\"_blank\" aria-label=\"Compartir en LinkedIn\" href='https:\/\/linkedin.com\/shareArticle?mini=true&#038;title=Nuevo%20t%C3%B3tem%20de%20recarga%20gratuita%20para%20celulares%20es%20instalado%20en%20terminal%20portuario%20de%20R%C3%ADo%20Ib%C3%A1%C3%B1ez&#038;url=https:\/\/radiorevelacionfm.cl\/?p=46369' aria-hidden='false' data-av_icon='\ue8fc' data-av_iconfont='entypo-fontello' title='' data-avia-related-tooltip='Compartir en LinkedIn' rel=\"noopener\"><span class='avia_hidden_link_text'>Compartir en LinkedIn<\/span><\/a><\/li><li class='av-share-link av-social-link-mail' ><a  aria-label=\"Compartir por correo\" href='mailto:?subject=Nuevo%20t%C3%B3tem%20de%20recarga%20gratuita%20para%20celulares%20es%20instalado%20en%20terminal%20portuario%20de%20R%C3%ADo%20Ib%C3%A1%C3%B1ez&#038;body=https:\/\/radiorevelacionfm.cl\/?p=46369' aria-hidden='false' data-av_icon='\ue805' data-av_iconfont='entypo-fontello' title='' data-avia-related-tooltip='Compartir por correo'><span class='avia_hidden_link_text'>Compartir por correo<\/span><\/a><\/li><\/ul><\/div><\/div>\n<div  style='height:50px' class='hr hr-invisible   avia-builder-el-8  el_after_av_social_share  el_before_av_comments_list '><span class='hr-inner ' ><span class='hr-inner-style'><\/span><\/span><\/div>\n<div  class='av-buildercomment  av-blog-meta-html-info-disabled av-blog-meta-tag-disabled  '><\/div>\n","protected":false},"excerpt":{"rendered":"","protected":false},"author":1,"featured_media":46370,"comment_status":"open","ping_status":"open","sticky":false,"template":"","format":"standard","meta":{"footnotes":""},"categories":[38],"tags":[],"class_list":["post-46369","post","type-post","status-publish","format-standard","has-post-thumbnail","hentry","category-regional"],"jetpack_featured_media_url":"https:\/\/radiorevelacionfm.cl\/wp-content\/uploads\/2024\/09\/Totem-Rio-Ibanez1-1-1.jpeg","_links":{"self":[{"href":"https:\/\/radiorevelacionfm.cl\/index.php?rest_route=\/wp\/v2\/posts\/46369","targetHints":{"allow":["GET"]}}],"collection":[{"href":"https:\/\/radiorevelacionfm.cl\/index.php?rest_route=\/wp\/v2\/posts"}],"about":[{"href":"https:\/\/radiorevelacionfm.cl\/index.php?rest_route=\/wp\/v2\/types\/post"}],"author":[{"embeddable":true,"href":"https:\/\/radiorevelacionfm.cl\/index.php?rest_route=\/wp\/v2\/users\/1"}],"replies":[{"embeddable":true,"href":"https:\/\/radiorevelacionfm.cl\/index.php?rest_route=%2Fwp%2Fv2%2Fcomments&post=46369"}],"version-history":[{"count":1,"href":"https:\/\/radiorevelacionfm.cl\/index.php?rest_route=\/wp\/v2\/posts\/46369\/revisions"}],"predecessor-version":[{"id":46371,"href":"https:\/\/radiorevelacionfm.cl\/index.php?rest_route=\/wp\/v2\/posts\/46369\/revisions\/46371"}],"wp:featuredmedia":[{"embeddable":true,"href":"https:\/\/radiorevelacionfm.cl\/index.php?rest_route=\/wp\/v2\/media\/46370"}],"wp:attachment":[{"href":"https:\/\/radiorevelacionfm.cl\/index.php?rest_route=%2Fwp%2Fv2%2Fmedia&parent=46369"}],"wp:term":[{"taxonomy":"category","embeddable":true,"href":"https:\/\/radiorevelacionfm.cl\/index.php?rest_route=%2Fwp%2Fv2%2Fcategories&post=46369"},{"taxonomy":"post_tag","embeddable":true,"href":"https:\/\/radiorevelacionfm.cl\/index.php?rest_route=%2Fwp%2Fv2%2Ftags&post=46369"}],"curies":[{"name":"wp","href":"https:\/\/api.w.org\/{rel}","templated":true}]}}