{"id":46366,"date":"2024-09-23T14:52:34","date_gmt":"2024-09-23T17:52:34","guid":{"rendered":"https:\/\/radiorevelacionfm.cl\/?p=46366"},"modified":"2024-09-23T14:52:34","modified_gmt":"2024-09-23T17:52:34","slug":"dia-internacional-de-limpieza-de-playas-invitan-a-comunidad-de-cisnes-este-24-de-septiembre-a-sumarse-a-esta-iniciativa","status":"publish","type":"post","link":"https:\/\/radiorevelacionfm.cl\/?p=46366","title":{"rendered":"D\u00eda Internacional de Limpieza de Playas: Invitan a comunidad de Cisnes este 24 de septiembre a sumarse a esta iniciativa"},"content":{"rendered":"<div class=\"flex_column av_one_full  flex_column_div av-zero-column-padding first  avia-builder-el-0  el_before_av_one_full  avia-builder-el-first  \" style='border-radius:0px; '><div  class='avia-image-container  av-styling-    avia-builder-el-1  avia-builder-el-no-sibling  avia-align-center '  itemprop=\"image\" itemscope=\"itemscope\" itemtype=\"https:\/\/schema.org\/ImageObject\"  ><div class='avia-image-container-inner'><div class='avia-image-overlay-wrap'><img decoding=\"async\" class='wp-image-46367 avia-img-lazy-loading-not-46367 avia_image' src=\"https:\/\/radiorevelacionfm.cl\/wp-content\/uploads\/2024\/09\/limpieza-playas-cisnes-1_optimized.jpg\" alt='' title='limpieza-playas-cisnes-(1)_optimized' height=\"600\" width=\"1025\"  itemprop=\"thumbnailUrl\" srcset=\"https:\/\/radiorevelacionfm.cl\/wp-content\/uploads\/2024\/09\/limpieza-playas-cisnes-1_optimized.jpg 1025w, https:\/\/radiorevelacionfm.cl\/wp-content\/uploads\/2024\/09\/limpieza-playas-cisnes-1_optimized-300x176.jpg 300w, https:\/\/radiorevelacionfm.cl\/wp-content\/uploads\/2024\/09\/limpieza-playas-cisnes-1_optimized-768x450.jpg 768w, https:\/\/radiorevelacionfm.cl\/wp-content\/uploads\/2024\/09\/limpieza-playas-cisnes-1_optimized-705x413.jpg 705w, https:\/\/radiorevelacionfm.cl\/wp-content\/uploads\/2024\/09\/limpieza-playas-cisnes-1_optimized-450x263.jpg 450w, https:\/\/radiorevelacionfm.cl\/wp-content\/uploads\/2024\/09\/limpieza-playas-cisnes-1_optimized-600x351.jpg 600w\" sizes=\"(max-width: 1025px) 100vw, 1025px\" \/><\/div><\/div><\/div><\/div><div class=\"flex_column av_one_full  flex_column_div av-zero-column-padding first  avia-builder-el-2  el_after_av_one_full  el_before_av_one_full  column-top-margin\" style='border-radius:0px; '><section class=\"av_textblock_section \"  itemscope=\"itemscope\" itemtype=\"https:\/\/schema.org\/BlogPosting\" itemprop=\"blogPost\" ><div class='avia_textblock  '   itemprop=\"text\" ><p style=\"text-align: center;\"><strong><span style=\"font-size: 18pt;\">D\u00eda Internacional de Limpieza de Playas: Invitan a comunidad de Cisnes este 24 de septiembre a sumarse a esta iniciativa<\/span><\/strong><\/p>\n<div id=\"gtx-trans\" style=\"position: absolute; left: -50px; top: 4.31534px;\">\n<div class=\"gtx-trans-icon\"><\/div>\n<\/div>\n<\/div><\/section><\/div><div class=\"flex_column av_one_full  flex_column_div av-zero-column-padding first  avia-builder-el-4  el_after_av_one_full  el_before_av_hr  column-top-margin\" style='border-radius:0px; '><section class=\"av_textblock_section \"  itemscope=\"itemscope\" itemtype=\"https:\/\/schema.org\/BlogPosting\" itemprop=\"blogPost\" ><div class='avia_textblock  '   itemprop=\"text\" ><p style=\"text-align: justify;\">Este martes 24 de septiembre, se conmemora un nuevo aniversario del DIA INTERNACIONAL DE LA LIMPIEZA DE PLAYAS, por este motivo la Capitan\u00eda de Puerto de Cisnes invita a participar a la ciudadan\u00eda de esta actividad, <strong>desde las 10:30 horas<\/strong><strong>, <\/strong>comenzando en el sector de Las Banderas en la Costanera de Cisnes.<\/p>\n<p style=\"text-align: justify;\">El D\u00eda Internacional de Limpieza de Playas es una actividad que se realiza en m\u00e1s de 120 pa\u00edses durante el mes Septiembre de cada a\u00f1o, dirigido por la organizaci6n no Gubernamental \u00abOcean Conservancy\u00bb, a trav\u00e9s de su Programa \u00abInternational Coastal Cleanup\u00bb, con la finalidad de recoger la basura y los desechos s\u00f3lidos de las playas y r\u00edos, e identificar las fuentes de estos residuos, para contribuir a la modificaci\u00f3n de h\u00e1bitos y comportamientos que producen la contaminaci\u00f3n de estos espacios.<\/p>\n<p style=\"text-align: justify;\">En Chile, esta actividad se realiza desde el a\u00f1o 2005, y es organizada desde el a\u00f1o 2008 por la Direcci6n General del Territorio Mar\u00edtimo y de Marina Mercante de la Armada de Chile (DIRECTEMAR), y desde el a\u00f1o 2011 se ha sumado el Ministerio de Medio Ambiente.<\/p>\n<p style=\"text-align: justify;\">A\u00f1o tras a\u00f1o la Capitan\u00eda de Puerto de Cisnes realiza esta actividad en conjunto con empresas locales del rubro Acu\u00edcola, Ilustre Municipalidad de Cisnes, alumnos y docentes de los diferentes establecimientos educacionales, quienes demuestran inter\u00e9s por parte de nuestra comunidad, en participar en la preservaci\u00f3n de nuestro mar.<\/p>\n<p style=\"text-align: justify;\">Se insta a participar aportando entusiasmo y las ganas de crear conciencia ambiental en la comuna y en el pa\u00eds.<\/p>\n<\/div><\/section><\/div><div  style='height:50px' class='hr hr-invisible   avia-builder-el-6  el_after_av_one_full  el_before_av_social_share '><span class='hr-inner ' ><span class='hr-inner-style'><\/span><\/span><\/div><\/p>\n<div  class='av-social-sharing-box  avia-builder-el-7  el_after_av_hr  el_before_av_hr  '><div class='av-share-box'><h5 class='av-share-link-description av-no-toc '>Compartir esta noticia<\/h5><ul class='av-share-box-list noLightbox'><li class='av-share-link av-social-link-facebook' ><a target=\"_blank\" aria-label=\"Compartir en Facebook\" href='https:\/\/www.facebook.com\/sharer.php?u=https:\/\/radiorevelacionfm.cl\/?p=46366&#038;t=D%C3%ADa%20Internacional%20de%20Limpieza%20de%20Playas%3A%20Invitan%20a%20comunidad%20de%20Cisnes%20este%2024%20de%20septiembre%20a%20sumarse%20a%20esta%20iniciativa' aria-hidden='false' data-av_icon='\ue8f3' data-av_iconfont='entypo-fontello' title='' data-avia-related-tooltip='Compartir en Facebook' rel=\"noopener\"><span class='avia_hidden_link_text'>Compartir en Facebook<\/span><\/a><\/li><li class='av-share-link av-social-link-twitter' ><a target=\"_blank\" aria-label=\"Compartir en Twitter\" href='https:\/\/twitter.com\/share?text=D%C3%ADa%20Internacional%20de%20Limpieza%20de%20Playas%3A%20Invitan%20a%20comunidad%20de%20Cisnes%20este%2024%20de%20septiembre%20a%20sumarse%20a%20esta%20iniciativa&#038;url=https:\/\/radiorevelacionfm.cl\/?p=46366' aria-hidden='false' data-av_icon='\ue8f1' data-av_iconfont='entypo-fontello' title='' data-avia-related-tooltip='Compartir en Twitter' rel=\"noopener\"><span class='avia_hidden_link_text'>Compartir en Twitter<\/span><\/a><\/li><li class='av-share-link av-social-link-whatsapp' ><a target=\"_blank\" aria-label=\"Compartir en Whatsapp\" href='https:\/\/api.whatsapp.com\/send?text=https:\/\/radiorevelacionfm.cl\/?p=46366' aria-hidden='false' data-av_icon='\uf232' data-av_iconfont='entypo-fontello' title='' data-avia-related-tooltip='Compartir en Whatsapp' rel=\"noopener\"><span class='avia_hidden_link_text'>Compartir en Whatsapp<\/span><\/a><\/li><li class='av-share-link av-social-link-linkedin' ><a target=\"_blank\" aria-label=\"Compartir en LinkedIn\" href='https:\/\/linkedin.com\/shareArticle?mini=true&#038;title=D%C3%ADa%20Internacional%20de%20Limpieza%20de%20Playas%3A%20Invitan%20a%20comunidad%20de%20Cisnes%20este%2024%20de%20septiembre%20a%20sumarse%20a%20esta%20iniciativa&#038;url=https:\/\/radiorevelacionfm.cl\/?p=46366' aria-hidden='false' data-av_icon='\ue8fc' data-av_iconfont='entypo-fontello' title='' data-avia-related-tooltip='Compartir en LinkedIn' rel=\"noopener\"><span class='avia_hidden_link_text'>Compartir en LinkedIn<\/span><\/a><\/li><li class='av-share-link av-social-link-mail' ><a  aria-label=\"Compartir por correo\" href='mailto:?subject=D%C3%ADa%20Internacional%20de%20Limpieza%20de%20Playas%3A%20Invitan%20a%20comunidad%20de%20Cisnes%20este%2024%20de%20septiembre%20a%20sumarse%20a%20esta%20iniciativa&#038;body=https:\/\/radiorevelacionfm.cl\/?p=46366' aria-hidden='false' data-av_icon='\ue805' data-av_iconfont='entypo-fontello' title='' data-avia-related-tooltip='Compartir por correo'><span class='avia_hidden_link_text'>Compartir por correo<\/span><\/a><\/li><\/ul><\/div><\/div>\n<div  style='height:50px' class='hr hr-invisible   avia-builder-el-8  el_after_av_social_share  el_before_av_comments_list '><span class='hr-inner ' ><span class='hr-inner-style'><\/span><\/span><\/div>\n<div  class='av-buildercomment  av-blog-meta-html-info-disabled av-blog-meta-tag-disabled  '><\/div>\n","protected":false},"excerpt":{"rendered":"","protected":false},"author":1,"featured_media":46367,"comment_status":"open","ping_status":"open","sticky":false,"template":"","format":"standard","meta":{"footnotes":""},"categories":[38],"tags":[],"class_list":["post-46366","post","type-post","status-publish","format-standard","has-post-thumbnail","hentry","category-regional"],"jetpack_featured_media_url":"https:\/\/radiorevelacionfm.cl\/wp-content\/uploads\/2024\/09\/limpieza-playas-cisnes-1_optimized.jpg","_links":{"self":[{"href":"https:\/\/radiorevelacionfm.cl\/index.php?rest_route=\/wp\/v2\/posts\/46366","targetHints":{"allow":["GET"]}}],"collection":[{"href":"https:\/\/radiorevelacionfm.cl\/index.php?rest_route=\/wp\/v2\/posts"}],"about":[{"href":"https:\/\/radiorevelacionfm.cl\/index.php?rest_route=\/wp\/v2\/types\/post"}],"author":[{"embeddable":true,"href":"https:\/\/radiorevelacionfm.cl\/index.php?rest_route=\/wp\/v2\/users\/1"}],"replies":[{"embeddable":true,"href":"https:\/\/radiorevelacionfm.cl\/index.php?rest_route=%2Fwp%2Fv2%2Fcomments&post=46366"}],"version-history":[{"count":1,"href":"https:\/\/radiorevelacionfm.cl\/index.php?rest_route=\/wp\/v2\/posts\/46366\/revisions"}],"predecessor-version":[{"id":46368,"href":"https:\/\/radiorevelacionfm.cl\/index.php?rest_route=\/wp\/v2\/posts\/46366\/revisions\/46368"}],"wp:featuredmedia":[{"embeddable":true,"href":"https:\/\/radiorevelacionfm.cl\/index.php?rest_route=\/wp\/v2\/media\/46367"}],"wp:attachment":[{"href":"https:\/\/radiorevelacionfm.cl\/index.php?rest_route=%2Fwp%2Fv2%2Fmedia&parent=46366"}],"wp:term":[{"taxonomy":"category","embeddable":true,"href":"https:\/\/radiorevelacionfm.cl\/index.php?rest_route=%2Fwp%2Fv2%2Fcategories&post=46366"},{"taxonomy":"post_tag","embeddable":true,"href":"https:\/\/radiorevelacionfm.cl\/index.php?rest_route=%2Fwp%2Fv2%2Ftags&post=46366"}],"curies":[{"name":"wp","href":"https:\/\/api.w.org\/{rel}","templated":true}]}}