{"id":46363,"date":"2024-09-23T10:48:42","date_gmt":"2024-09-23T13:48:42","guid":{"rendered":"https:\/\/radiorevelacionfm.cl\/?p=46363"},"modified":"2024-09-23T10:48:42","modified_gmt":"2024-09-23T13:48:42","slug":"triatlon-reto-tehuelche-regresa-competencia-que-combina-kayak-ciclismo-y-trote","status":"publish","type":"post","link":"https:\/\/radiorevelacionfm.cl\/?p=46363","title":{"rendered":"Triatl\u00f3n \u00abReto Tehuelche\u00bb: Regresa competencia que combina kayak, ciclismo y trote"},"content":{"rendered":"<div class=\"flex_column av_one_full  flex_column_div av-zero-column-padding first  avia-builder-el-0  el_before_av_one_full  avia-builder-el-first  \" style='border-radius:0px; '><div  class='avia-image-container  av-styling-    avia-builder-el-1  avia-builder-el-no-sibling  avia-align-center '  itemprop=\"image\" itemscope=\"itemscope\" itemtype=\"https:\/\/schema.org\/ImageObject\"  ><div class='avia-image-container-inner'><div class='avia-image-overlay-wrap'><img decoding=\"async\" class='wp-image-46364 avia-img-lazy-loading-not-46364 avia_image' src=\"https:\/\/radiorevelacionfm.cl\/wp-content\/uploads\/2024\/09\/DSC01203-1-1.jpg\" alt='' title='DSC01203 (1) (1)' height=\"600\" width=\"1066\"  itemprop=\"thumbnailUrl\" srcset=\"https:\/\/radiorevelacionfm.cl\/wp-content\/uploads\/2024\/09\/DSC01203-1-1.jpg 1066w, https:\/\/radiorevelacionfm.cl\/wp-content\/uploads\/2024\/09\/DSC01203-1-1-300x169.jpg 300w, https:\/\/radiorevelacionfm.cl\/wp-content\/uploads\/2024\/09\/DSC01203-1-1-1030x580.jpg 1030w, https:\/\/radiorevelacionfm.cl\/wp-content\/uploads\/2024\/09\/DSC01203-1-1-768x432.jpg 768w, https:\/\/radiorevelacionfm.cl\/wp-content\/uploads\/2024\/09\/DSC01203-1-1-705x397.jpg 705w, https:\/\/radiorevelacionfm.cl\/wp-content\/uploads\/2024\/09\/DSC01203-1-1-450x253.jpg 450w, https:\/\/radiorevelacionfm.cl\/wp-content\/uploads\/2024\/09\/DSC01203-1-1-600x338.jpg 600w\" sizes=\"(max-width: 1066px) 100vw, 1066px\" \/><\/div><\/div><\/div><\/div><div class=\"flex_column av_one_full  flex_column_div av-zero-column-padding first  avia-builder-el-2  el_after_av_one_full  el_before_av_one_full  column-top-margin\" style='border-radius:0px; '><section class=\"av_textblock_section \"  itemscope=\"itemscope\" itemtype=\"https:\/\/schema.org\/BlogPosting\" itemprop=\"blogPost\" ><div class='avia_textblock  '   itemprop=\"text\" ><p style=\"text-align: center;\"><strong><span style=\"font-size: 18pt;\">Triatl\u00f3n \u00abReto Tehuelche\u00bb: Regresa competencia que combina kayak, ciclismo y trote<\/span><\/strong><\/p>\n<div id=\"gtx-trans\" style=\"position: absolute; left: -50px; top: 4.31534px;\">\n<div class=\"gtx-trans-icon\"><\/div>\n<\/div>\n<\/div><\/section><\/div><div class=\"flex_column av_one_full  flex_column_div av-zero-column-padding first  avia-builder-el-4  el_after_av_one_full  el_before_av_hr  column-top-margin\" style='border-radius:0px; '><section class=\"av_textblock_section \"  itemscope=\"itemscope\" itemtype=\"https:\/\/schema.org\/BlogPosting\" itemprop=\"blogPost\" ><div class='avia_textblock  '   itemprop=\"text\" ><p class=\"v1gmail-MsoListParagraphCxSpFirst\" style=\"text-align: justify;\"><i>Como en las tres versiones anteriores, contempla trayectos que cruzan el lago General Carrera, monta\u00f1as y valles interiores de los alrededores de la localidad.<\/i><\/p>\n<p class=\"v1MsoNormal\" style=\"text-align: justify;\">El<span class=\"v1gmail-Apple-converted-space\">\u00a0<\/span><b>s\u00e1bado 2 de noviembre<\/b><span class=\"v1gmail-Apple-converted-space\">\u00a0<\/span>se llevar\u00e1 a efecto la<span class=\"v1gmail-Apple-converted-space\">\u00a0<\/span><b>IV versi\u00f3n de la<\/b><span class=\"v1gmail-Apple-converted-space\">\u00a0<\/span><b>triatl\u00f3n \u00abReto Tehuelche\u00bb<\/b>, que combina trayectos por el lago General Carrera, monta\u00f1as y valles de los alrededores de Puerto Guadal.\u00a0<span class=\"v1gmail-Apple-converted-space\">\u00a0<\/span>Desde la Asociaci\u00f3n Gremial de Cultura, Turismo y Artesan\u00eda de la localidad, organizadora del certamen, se inform\u00f3 que ya se encuentran abiertas las inscripciones, que desde que se realiz\u00f3 la primera vez en 2019 (con un breve receso por la pandemia) ha concitado a decenas de competidores tanto de la regi\u00f3n como del resto del pa\u00eds.<\/p>\n<p class=\"v1MsoNormal\" style=\"text-align: justify;\">Contemplando las disciplinas de kayak (6,8 kms. app), ciclismo (12,3 kms. app, desnivel positivo 527 mts.) y trote (14,9 kms., desnivel positivo 319 mts.), ser\u00e1n cerca de 35 kil\u00f3metros los que deber\u00e1n sortear los participantes, poniendo a prueba su resistencia y t\u00e9cnica, en las categor\u00edas individual ($ 20.000) y por equipos de tres ($ 45.000), donde cada competidor realiza una disciplina en formato de posta.\u00a0<span class=\"v1gmail-Apple-converted-space\">\u00a0<\/span>La premiaciones ser\u00e1n a los tres primeros lugares de individual varones, individual damas, equipos mixtos, equipos varones y equipos damas.<\/p>\n<p class=\"v1MsoNormal\" style=\"text-align: justify;\">En el caso de la competencia de kayak (del tipo<span class=\"v1gmail-Apple-converted-space\">\u00a0<\/span><i>sit on top<\/i>), la organizaci\u00f3n facilitar\u00e1 el equipamiento (kayak, remos y chalecos salvavidas) para quienes no dispongan de \u00e9ste.<span class=\"v1gmail-Apple-converted-space\">\u00a0<\/span><\/p>\n<p class=\"v1MsoNormal\" style=\"text-align: justify;\">La triatl\u00f3n \u00abReto Tehuelche\u00bb se materializa gracias a los aportes y colaboraci\u00f3n de socio\/as de la AG de Turismo, adem\u00e1s de vecino\/as de la localidad. Esto, dado que uno de los objetivos de la iniciativa es potenciar el trabajo comunitario al ser materializada \u00edntegramente por organizaciones y habitantes de Puerto Guadal.\u00a0Adem\u00e1s, cuenta con el apoyo econ\u00f3mico del Programa Estrat\u00e9gico Regional de Turismo (PER Turismo), de CORFO Ays\u00e9n.<\/p>\n<p class=\"v1MsoNormal\" style=\"text-align: justify;\">\u00ab<i>Los esperamos a todos, si\u00e9ntanse cordialmente invitados. Adem\u00e1s tendremos una linda feria artesanal, con productores locales, que les estar\u00e1n esperando para que pasen un lindo d\u00eda<\/i>\u00bb fueron las palabras de la presidenta de la AG de Turismo, Ang\u00e9lica Anti\u00f1anco Levicoy.\u00a0<span class=\"v1gmail-Apple-converted-space\">\u00a0<\/span>Esto, dado que como en a\u00f1os anteriores la jornada contemplar\u00e1 una Feria de Emprendedores adem\u00e1s de presentaciones art\u00edsticas y culturales.<\/p>\n<p class=\"v1MsoNormal\" style=\"text-align: justify;\">Mayores informaciones, bases de la competencia e inscripciones se pueden solicitar al correo<span class=\"v1gmail-Apple-converted-space\">\u00a0<\/span><a href=\"mailto:retotehuelche@gmail.com\" rel=\"noreferrer\">retotehuelche@gmail.com<\/a><\/p>\n<\/div><\/section><\/div><div  style='height:50px' class='hr hr-invisible   avia-builder-el-6  el_after_av_one_full  el_before_av_social_share '><span class='hr-inner ' ><span class='hr-inner-style'><\/span><\/span><\/div><\/p>\n<div  class='av-social-sharing-box  avia-builder-el-7  el_after_av_hr  el_before_av_hr  '><div class='av-share-box'><h5 class='av-share-link-description av-no-toc '>Compartir esta noticia<\/h5><ul class='av-share-box-list noLightbox'><li class='av-share-link av-social-link-facebook' ><a target=\"_blank\" aria-label=\"Compartir en Facebook\" href='https:\/\/www.facebook.com\/sharer.php?u=https:\/\/radiorevelacionfm.cl\/?p=46363&#038;t=Triatl%C3%B3n%20%C2%ABReto%20Tehuelche%C2%BB%3A%20Regresa%20competencia%20que%20combina%20kayak%2C%20ciclismo%20y%20trote' aria-hidden='false' data-av_icon='\ue8f3' data-av_iconfont='entypo-fontello' title='' data-avia-related-tooltip='Compartir en Facebook' rel=\"noopener\"><span class='avia_hidden_link_text'>Compartir en Facebook<\/span><\/a><\/li><li class='av-share-link av-social-link-twitter' ><a target=\"_blank\" aria-label=\"Compartir en Twitter\" href='https:\/\/twitter.com\/share?text=Triatl%C3%B3n%20%C2%ABReto%20Tehuelche%C2%BB%3A%20Regresa%20competencia%20que%20combina%20kayak%2C%20ciclismo%20y%20trote&#038;url=https:\/\/radiorevelacionfm.cl\/?p=46363' aria-hidden='false' data-av_icon='\ue8f1' data-av_iconfont='entypo-fontello' title='' data-avia-related-tooltip='Compartir en Twitter' rel=\"noopener\"><span class='avia_hidden_link_text'>Compartir en Twitter<\/span><\/a><\/li><li class='av-share-link av-social-link-whatsapp' ><a target=\"_blank\" aria-label=\"Compartir en Whatsapp\" href='https:\/\/api.whatsapp.com\/send?text=https:\/\/radiorevelacionfm.cl\/?p=46363' aria-hidden='false' data-av_icon='\uf232' data-av_iconfont='entypo-fontello' title='' data-avia-related-tooltip='Compartir en Whatsapp' rel=\"noopener\"><span class='avia_hidden_link_text'>Compartir en Whatsapp<\/span><\/a><\/li><li class='av-share-link av-social-link-linkedin' ><a target=\"_blank\" aria-label=\"Compartir en LinkedIn\" href='https:\/\/linkedin.com\/shareArticle?mini=true&#038;title=Triatl%C3%B3n%20%C2%ABReto%20Tehuelche%C2%BB%3A%20Regresa%20competencia%20que%20combina%20kayak%2C%20ciclismo%20y%20trote&#038;url=https:\/\/radiorevelacionfm.cl\/?p=46363' aria-hidden='false' data-av_icon='\ue8fc' data-av_iconfont='entypo-fontello' title='' data-avia-related-tooltip='Compartir en LinkedIn' rel=\"noopener\"><span class='avia_hidden_link_text'>Compartir en LinkedIn<\/span><\/a><\/li><li class='av-share-link av-social-link-mail' ><a  aria-label=\"Compartir por correo\" href='mailto:?subject=Triatl%C3%B3n%20%C2%ABReto%20Tehuelche%C2%BB%3A%20Regresa%20competencia%20que%20combina%20kayak%2C%20ciclismo%20y%20trote&#038;body=https:\/\/radiorevelacionfm.cl\/?p=46363' aria-hidden='false' data-av_icon='\ue805' data-av_iconfont='entypo-fontello' title='' data-avia-related-tooltip='Compartir por correo'><span class='avia_hidden_link_text'>Compartir por correo<\/span><\/a><\/li><\/ul><\/div><\/div>\n<div  style='height:50px' class='hr hr-invisible   avia-builder-el-8  el_after_av_social_share  el_before_av_comments_list '><span class='hr-inner ' ><span class='hr-inner-style'><\/span><\/span><\/div>\n<div  class='av-buildercomment  av-blog-meta-html-info-disabled av-blog-meta-tag-disabled  '><\/div>\n","protected":false},"excerpt":{"rendered":"","protected":false},"author":1,"featured_media":46364,"comment_status":"open","ping_status":"open","sticky":false,"template":"","format":"standard","meta":{"footnotes":""},"categories":[38],"tags":[],"class_list":["post-46363","post","type-post","status-publish","format-standard","has-post-thumbnail","hentry","category-regional"],"jetpack_featured_media_url":"https:\/\/radiorevelacionfm.cl\/wp-content\/uploads\/2024\/09\/DSC01203-1-1.jpg","_links":{"self":[{"href":"https:\/\/radiorevelacionfm.cl\/index.php?rest_route=\/wp\/v2\/posts\/46363","targetHints":{"allow":["GET"]}}],"collection":[{"href":"https:\/\/radiorevelacionfm.cl\/index.php?rest_route=\/wp\/v2\/posts"}],"about":[{"href":"https:\/\/radiorevelacionfm.cl\/index.php?rest_route=\/wp\/v2\/types\/post"}],"author":[{"embeddable":true,"href":"https:\/\/radiorevelacionfm.cl\/index.php?rest_route=\/wp\/v2\/users\/1"}],"replies":[{"embeddable":true,"href":"https:\/\/radiorevelacionfm.cl\/index.php?rest_route=%2Fwp%2Fv2%2Fcomments&post=46363"}],"version-history":[{"count":1,"href":"https:\/\/radiorevelacionfm.cl\/index.php?rest_route=\/wp\/v2\/posts\/46363\/revisions"}],"predecessor-version":[{"id":46365,"href":"https:\/\/radiorevelacionfm.cl\/index.php?rest_route=\/wp\/v2\/posts\/46363\/revisions\/46365"}],"wp:featuredmedia":[{"embeddable":true,"href":"https:\/\/radiorevelacionfm.cl\/index.php?rest_route=\/wp\/v2\/media\/46364"}],"wp:attachment":[{"href":"https:\/\/radiorevelacionfm.cl\/index.php?rest_route=%2Fwp%2Fv2%2Fmedia&parent=46363"}],"wp:term":[{"taxonomy":"category","embeddable":true,"href":"https:\/\/radiorevelacionfm.cl\/index.php?rest_route=%2Fwp%2Fv2%2Fcategories&post=46363"},{"taxonomy":"post_tag","embeddable":true,"href":"https:\/\/radiorevelacionfm.cl\/index.php?rest_route=%2Fwp%2Fv2%2Ftags&post=46363"}],"curies":[{"name":"wp","href":"https:\/\/api.w.org\/{rel}","templated":true}]}}