{"id":46344,"date":"2024-09-22T15:54:25","date_gmt":"2024-09-22T18:54:25","guid":{"rendered":"https:\/\/radiorevelacionfm.cl\/?p=46344"},"modified":"2024-09-22T15:54:25","modified_gmt":"2024-09-22T18:54:25","slug":"equipo-de-aysen-participa-en-feria-internacional-del-libro-de-comodoro-rivadavia-en-argentina","status":"publish","type":"post","link":"https:\/\/radiorevelacionfm.cl\/?p=46344","title":{"rendered":"Equipo de Ays\u00e9n participa en Feria internacional del libro de Comodoro Rivadavia en Argentina"},"content":{"rendered":"<div class=\"flex_column av_one_full  flex_column_div av-zero-column-padding first  avia-builder-el-0  el_before_av_one_full  avia-builder-el-first  \" style='border-radius:0px; '><div  class='avia-image-container  av-styling-    avia-builder-el-1  avia-builder-el-no-sibling  avia-align-center '  itemprop=\"image\" itemscope=\"itemscope\" itemtype=\"https:\/\/schema.org\/ImageObject\"  ><div class='avia-image-container-inner'><div class='avia-image-overlay-wrap'><img decoding=\"async\" class='wp-image-46346 avia-img-lazy-loading-not-46346 avia_image' src=\"https:\/\/radiorevelacionfm.cl\/wp-content\/uploads\/2024\/09\/feria-5-1-1.jpg\" alt='' title='feria 5 (1) (1)' height=\"600\" width=\"900\"  itemprop=\"thumbnailUrl\" srcset=\"https:\/\/radiorevelacionfm.cl\/wp-content\/uploads\/2024\/09\/feria-5-1-1.jpg 900w, https:\/\/radiorevelacionfm.cl\/wp-content\/uploads\/2024\/09\/feria-5-1-1-300x200.jpg 300w, https:\/\/radiorevelacionfm.cl\/wp-content\/uploads\/2024\/09\/feria-5-1-1-768x512.jpg 768w, https:\/\/radiorevelacionfm.cl\/wp-content\/uploads\/2024\/09\/feria-5-1-1-705x470.jpg 705w, https:\/\/radiorevelacionfm.cl\/wp-content\/uploads\/2024\/09\/feria-5-1-1-450x300.jpg 450w, https:\/\/radiorevelacionfm.cl\/wp-content\/uploads\/2024\/09\/feria-5-1-1-600x400.jpg 600w\" sizes=\"(max-width: 900px) 100vw, 900px\" \/><\/div><\/div><\/div><\/div><div class=\"flex_column av_one_full  flex_column_div av-zero-column-padding first  avia-builder-el-2  el_after_av_one_full  el_before_av_one_full  column-top-margin\" style='border-radius:0px; '><section class=\"av_textblock_section \"  itemscope=\"itemscope\" itemtype=\"https:\/\/schema.org\/BlogPosting\" itemprop=\"blogPost\" ><div class='avia_textblock  '   itemprop=\"text\" ><p style=\"text-align: center;\"><strong><span style=\"font-size: 18pt;\">Equipo de Ays\u00e9n participa en Feria internacional del libro de Comodoro Rivadavia en Argentina<\/span><\/strong><\/p>\n<div id=\"gtx-trans\" style=\"position: absolute; left: -50px; top: 4.31534px;\">\n<div class=\"gtx-trans-icon\"><\/div>\n<\/div>\n<\/div><\/section><\/div><\/p>\n<div class=\"flex_column av_one_full  flex_column_div av-zero-column-padding first  avia-builder-el-4  el_after_av_one_full  el_before_av_hr  column-top-margin\" style='border-radius:0px; '><section class=\"av_textblock_section \"  itemscope=\"itemscope\" itemtype=\"https:\/\/schema.org\/BlogPosting\" itemprop=\"blogPost\" ><div class='avia_textblock  '   itemprop=\"text\" ><p style=\"text-align: justify;\">\u201cEs impresionante el nivel de organizaci\u00f3n\u201d. Con estas palabras, Marcela Cruces, parte del equipo de la editorial coyhaiquina \u00d1ire Negro, resume su experiencia en los primeros d\u00edas de la Feria Internacional del Libro de Comodoro Rivadavia, cuyo apellido se lo da la presencia de Chile como \u00fanico pa\u00eds invitado al evento literario m\u00e1s grande del interior de Argentina.<\/p>\n<p style=\"text-align: justify;\">Junto a \u00d1ire Negro, atraves\u00f3 el continente Marisol S\u00e1nchez de Nodos Narrativos, colectivo de lectura y creaci\u00f3n literaria que trabaja en Coyhaique desde 2022, invitando a la escritura y a la reflexi\u00f3n en torno a la palabra.<\/p>\n<p style=\"text-align: justify;\">Entre los m\u00e1s de 50 estands, repartidos en el Centro Cultural de Comodoro Rivadavia, da la bienvenida el de \u00d1ire Negro y Nodos narrativos, en un amplio espacio ferial que destaca por su alto nivel de producci\u00f3n.<\/p>\n<p style=\"text-align: justify;\">Charlas, conversatorios, lanzamientos de libros, m\u00fasica en vivo, cuentacuentos; en total, son 400 experiencias repartidas en 10 sedes de la ciudad. 300 actividades son exclusivas para las infancias y adolescencias.<\/p>\n<p style=\"text-align: justify;\">Encabezando la organizaci\u00f3n, la secretaria de Cultura de Comodoro Rivadavia, Liliana Peralta, se mostr\u00f3 muy agradecida de la visita chilena: \u00abEste a\u00f1o tenemos la grata presencia de \u00d1ire Negro, la editorial de Coyhaique, y para nosotros es muy importante seguir estrechando lazos, tomando en cuenta que Comodoro Rivadavia es una ciudad donde los ciudadanos chilenos se han arraigado y han llegado a vivir por distintas situaciones desde lo econ\u00f3mico, lo social, lo pol\u00edtico. Hoy tenemos una comunidad muy grande de chilenos, pero tambi\u00e9n de sus descendientes. Entonces estamos muy unidos. Siempre decimos que somos hermanos y eso es cierto porque qui\u00e9n en Comodoro Rivadavia no tiene un familiar o un amigo que sea chileno descendiente de ellos\u00bb.<\/p>\n<p style=\"text-align: justify;\">Marcela Cruces, a cargo del estand de \u00d1ire Negro, considera que la experiencia internacional abre las puertas a un intercambio que debe sostenerse para fortalecer el trabajo de los agentes culturales de ambas naciones: \u201cHa sido una muy buena experiencia. No solo por la magnitud, por las dimensiones que tiene esta feria. Es una organizaci\u00f3n tremenda, una cantidad de editoriales y de librer\u00edas locales, de espacios de contacto; y la organizaci\u00f3n ha estado muy buena. Una muy bonita experiencia. Este espacio de encuentro es un espacio que no solo debe sostenerse, sino se debe fortalecer. Debe hacerse porque la experiencia en esta ciudad tiene un mont\u00f3n de actividades culturales y tiene una pol\u00edtica cultural que es bastante distinta a lo que nosotros estamos acostumbrados a vivir. Debiera fortalecerse\u201d.<\/p>\n<p style=\"text-align: justify;\">La fonoaudi\u00f3loga Marisol S\u00e1nchez es parte del colectivo Nodos Narrativos, integrado por creadores y creadoras literarias de la Regi\u00f3n de Ays\u00e9n que se re\u00fanen y comparten escritos y lecturas quincenalmente en el Centro Cultural de la capital aysenina. Como parte de la exhibici\u00f3n chilena en la Feria de Comodoro Rivadavia, destaca la enorme cantidad de contactos y la apertura de redes que, a su juicio, motiva e invita a mover los contenidos regionales por la Patagonia: \u201cLa feria ha sido una locura. Enorme, con un mont\u00f3n de gente, he podido conversar con un mont\u00f3n de personas, de ac\u00e1, de afuera, libreros, otras editoriales y hay mucho movimiento muchas actividades y ha estado bien entretenido\u201d.<\/p>\n<p style=\"text-align: justify;\">La Feria Internacional del Libro de Comodoro Rivadavia es con entrada gratuita y estar\u00e1 abierta hasta el 29 de septiembre en el Centro Cultural del puerto argentino.<\/p>\n<\/div><\/section><\/div>\n<div  style='height:50px' class='hr hr-invisible   avia-builder-el-6  el_after_av_one_full  el_before_av_social_share '><span class='hr-inner ' ><span class='hr-inner-style'><\/span><\/span><\/div>\n<div  class='av-social-sharing-box  avia-builder-el-7  el_after_av_hr  el_before_av_hr  '><div class='av-share-box'><h5 class='av-share-link-description av-no-toc '>Compartir esta noticia<\/h5><ul class='av-share-box-list noLightbox'><li class='av-share-link av-social-link-facebook' ><a target=\"_blank\" aria-label=\"Compartir en Facebook\" href='https:\/\/www.facebook.com\/sharer.php?u=https:\/\/radiorevelacionfm.cl\/?p=46344&#038;t=Equipo%20de%20Ays%C3%A9n%20participa%20en%20Feria%20internacional%20del%20libro%20de%20Comodoro%20Rivadavia%20en%20Argentina' aria-hidden='false' data-av_icon='\ue8f3' data-av_iconfont='entypo-fontello' title='' data-avia-related-tooltip='Compartir en Facebook' rel=\"noopener\"><span class='avia_hidden_link_text'>Compartir en Facebook<\/span><\/a><\/li><li class='av-share-link av-social-link-twitter' ><a target=\"_blank\" aria-label=\"Compartir en Twitter\" href='https:\/\/twitter.com\/share?text=Equipo%20de%20Ays%C3%A9n%20participa%20en%20Feria%20internacional%20del%20libro%20de%20Comodoro%20Rivadavia%20en%20Argentina&#038;url=https:\/\/radiorevelacionfm.cl\/?p=46344' aria-hidden='false' data-av_icon='\ue8f1' data-av_iconfont='entypo-fontello' title='' data-avia-related-tooltip='Compartir en Twitter' rel=\"noopener\"><span class='avia_hidden_link_text'>Compartir en Twitter<\/span><\/a><\/li><li class='av-share-link av-social-link-whatsapp' ><a target=\"_blank\" aria-label=\"Compartir en Whatsapp\" href='https:\/\/api.whatsapp.com\/send?text=https:\/\/radiorevelacionfm.cl\/?p=46344' aria-hidden='false' data-av_icon='\uf232' data-av_iconfont='entypo-fontello' title='' data-avia-related-tooltip='Compartir en Whatsapp' rel=\"noopener\"><span class='avia_hidden_link_text'>Compartir en Whatsapp<\/span><\/a><\/li><li class='av-share-link av-social-link-linkedin' ><a target=\"_blank\" aria-label=\"Compartir en LinkedIn\" href='https:\/\/linkedin.com\/shareArticle?mini=true&#038;title=Equipo%20de%20Ays%C3%A9n%20participa%20en%20Feria%20internacional%20del%20libro%20de%20Comodoro%20Rivadavia%20en%20Argentina&#038;url=https:\/\/radiorevelacionfm.cl\/?p=46344' aria-hidden='false' data-av_icon='\ue8fc' data-av_iconfont='entypo-fontello' title='' data-avia-related-tooltip='Compartir en LinkedIn' rel=\"noopener\"><span class='avia_hidden_link_text'>Compartir en LinkedIn<\/span><\/a><\/li><li class='av-share-link av-social-link-mail' ><a  aria-label=\"Compartir por correo\" href='mailto:?subject=Equipo%20de%20Ays%C3%A9n%20participa%20en%20Feria%20internacional%20del%20libro%20de%20Comodoro%20Rivadavia%20en%20Argentina&#038;body=https:\/\/radiorevelacionfm.cl\/?p=46344' aria-hidden='false' data-av_icon='\ue805' data-av_iconfont='entypo-fontello' title='' data-avia-related-tooltip='Compartir por correo'><span class='avia_hidden_link_text'>Compartir por correo<\/span><\/a><\/li><\/ul><\/div><\/div>\n<div  style='height:50px' class='hr hr-invisible   avia-builder-el-8  el_after_av_social_share  el_before_av_comments_list '><span class='hr-inner ' ><span class='hr-inner-style'><\/span><\/span><\/div>\n<div  class='av-buildercomment  av-blog-meta-html-info-disabled av-blog-meta-tag-disabled  '><\/div>\n","protected":false},"excerpt":{"rendered":"","protected":false},"author":1,"featured_media":46346,"comment_status":"open","ping_status":"open","sticky":false,"template":"","format":"standard","meta":{"footnotes":""},"categories":[52],"tags":[],"class_list":["post-46344","post","type-post","status-publish","format-standard","has-post-thumbnail","hentry","category-cultura"],"jetpack_featured_media_url":"https:\/\/radiorevelacionfm.cl\/wp-content\/uploads\/2024\/09\/feria-5-1-1.jpg","_links":{"self":[{"href":"https:\/\/radiorevelacionfm.cl\/index.php?rest_route=\/wp\/v2\/posts\/46344","targetHints":{"allow":["GET"]}}],"collection":[{"href":"https:\/\/radiorevelacionfm.cl\/index.php?rest_route=\/wp\/v2\/posts"}],"about":[{"href":"https:\/\/radiorevelacionfm.cl\/index.php?rest_route=\/wp\/v2\/types\/post"}],"author":[{"embeddable":true,"href":"https:\/\/radiorevelacionfm.cl\/index.php?rest_route=\/wp\/v2\/users\/1"}],"replies":[{"embeddable":true,"href":"https:\/\/radiorevelacionfm.cl\/index.php?rest_route=%2Fwp%2Fv2%2Fcomments&post=46344"}],"version-history":[{"count":2,"href":"https:\/\/radiorevelacionfm.cl\/index.php?rest_route=\/wp\/v2\/posts\/46344\/revisions"}],"predecessor-version":[{"id":46347,"href":"https:\/\/radiorevelacionfm.cl\/index.php?rest_route=\/wp\/v2\/posts\/46344\/revisions\/46347"}],"wp:featuredmedia":[{"embeddable":true,"href":"https:\/\/radiorevelacionfm.cl\/index.php?rest_route=\/wp\/v2\/media\/46346"}],"wp:attachment":[{"href":"https:\/\/radiorevelacionfm.cl\/index.php?rest_route=%2Fwp%2Fv2%2Fmedia&parent=46344"}],"wp:term":[{"taxonomy":"category","embeddable":true,"href":"https:\/\/radiorevelacionfm.cl\/index.php?rest_route=%2Fwp%2Fv2%2Fcategories&post=46344"},{"taxonomy":"post_tag","embeddable":true,"href":"https:\/\/radiorevelacionfm.cl\/index.php?rest_route=%2Fwp%2Fv2%2Ftags&post=46344"}],"curies":[{"name":"wp","href":"https:\/\/api.w.org\/{rel}","templated":true}]}}