{"id":46338,"date":"2024-09-19T19:39:13","date_gmt":"2024-09-19T22:39:13","guid":{"rendered":"https:\/\/radiorevelacionfm.cl\/?p=46338"},"modified":"2024-09-19T19:39:13","modified_gmt":"2024-09-19T22:39:13","slug":"carabineros-del-os-7-aysen-detuvo-a-dos-personas-por-trafico-de-drogas-y-ley-de-control-de-armas-en-sector-parque-urbano","status":"publish","type":"post","link":"https:\/\/radiorevelacionfm.cl\/?p=46338","title":{"rendered":"Carabineros del OS-7 Ays\u00e9n detuvo a dos personas por tr\u00e1fico de drogas y ley de control de armas en sector Parque Urbano"},"content":{"rendered":"<div class=\"flex_column av_one_full  flex_column_div av-zero-column-padding first  avia-builder-el-0  el_before_av_one_full  avia-builder-el-first  \" style='border-radius:0px; '><div  class='avia-image-container  av-styling-    avia-builder-el-1  avia-builder-el-no-sibling  avia-align-center '  itemprop=\"image\" itemscope=\"itemscope\" itemtype=\"https:\/\/schema.org\/ImageObject\"  ><div class='avia-image-container-inner'><div class='avia-image-overlay-wrap'><img decoding=\"async\" class='wp-image-46339 avia-img-lazy-loading-not-46339 avia_image' src=\"https:\/\/radiorevelacionfm.cl\/wp-content\/uploads\/2024\/09\/bdfb4a84-edd6-489d-a5ec-013ba3a81c4d-2_optimized.jpg\" alt='' title='bdfb4a84-edd6-489d-a5ec-013ba3a81c4d-2_optimized' height=\"600\" width=\"828\"  itemprop=\"thumbnailUrl\" srcset=\"https:\/\/radiorevelacionfm.cl\/wp-content\/uploads\/2024\/09\/bdfb4a84-edd6-489d-a5ec-013ba3a81c4d-2_optimized.jpg 828w, https:\/\/radiorevelacionfm.cl\/wp-content\/uploads\/2024\/09\/bdfb4a84-edd6-489d-a5ec-013ba3a81c4d-2_optimized-300x217.jpg 300w, https:\/\/radiorevelacionfm.cl\/wp-content\/uploads\/2024\/09\/bdfb4a84-edd6-489d-a5ec-013ba3a81c4d-2_optimized-768x557.jpg 768w, https:\/\/radiorevelacionfm.cl\/wp-content\/uploads\/2024\/09\/bdfb4a84-edd6-489d-a5ec-013ba3a81c4d-2_optimized-705x511.jpg 705w, https:\/\/radiorevelacionfm.cl\/wp-content\/uploads\/2024\/09\/bdfb4a84-edd6-489d-a5ec-013ba3a81c4d-2_optimized-450x326.jpg 450w, https:\/\/radiorevelacionfm.cl\/wp-content\/uploads\/2024\/09\/bdfb4a84-edd6-489d-a5ec-013ba3a81c4d-2_optimized-600x435.jpg 600w\" sizes=\"(max-width: 828px) 100vw, 828px\" \/><\/div><\/div><\/div><\/div><div class=\"flex_column av_one_full  flex_column_div av-zero-column-padding first  avia-builder-el-2  el_after_av_one_full  el_before_av_one_full  column-top-margin\" style='border-radius:0px; '><section class=\"av_textblock_section \"  itemscope=\"itemscope\" itemtype=\"https:\/\/schema.org\/BlogPosting\" itemprop=\"blogPost\" ><div class='avia_textblock  '   itemprop=\"text\" ><p style=\"text-align: center;\"><span style=\"font-size: 18pt;\"><strong>Carabineros del OS-7 Ays\u00e9n detuvo a dos personas por tr\u00e1fico de drogas y ley de control de armas en sector Parque Urbano<\/strong><\/span><\/p>\n<div id=\"gtx-trans\" style=\"position: absolute; left: -50px; top: 4.31534px;\">\n<div class=\"gtx-trans-icon\"><\/div>\n<\/div>\n<\/div><\/section><\/div><div class=\"flex_column av_one_full  flex_column_div av-zero-column-padding first  avia-builder-el-4  el_after_av_one_full  el_before_av_hr  column-top-margin\" style='border-radius:0px; '><section class=\"av_textblock_section \"  itemscope=\"itemscope\" itemtype=\"https:\/\/schema.org\/BlogPosting\" itemprop=\"blogPost\" ><div class='avia_textblock  '   itemprop=\"text\" ><div>\n<p class=\"v1gmail-MsoListParagraph\" style=\"text-align: justify;\"><span lang=\"ES-CL\">El personal especializado con apoyo del can detector de drogas Gazu, sorprendi\u00f3 a ambos sujetos con sustancias prohibidas en el sector de fondas en el Parque Urbano y tras allanar un domicilio, logran decomisar coca\u00edna, marihuana y \u00e9xtasis, sumado a la incautaci\u00f3n de armamento y<\/span>\u00a0un veh\u00edculo, entre otros elementos.<\/p>\n<p class=\"v1gmail-MsoListParagraph\" style=\"text-align: justify;\"><span lang=\"ES-CL\">Diligencias desarrolladas por Carabineros de la Secci\u00f3n OS-7 Ays\u00e9n en el contexto de los servicios de fiestas patrias, culminaron con la detenci\u00f3n de dos personas por el delito de tr\u00e1fico de drogas y ley de control de armas en la ciudad de Coyhaique.<\/span><\/p>\n<p class=\"v1MsoNormal\" style=\"text-align: justify;\"><span lang=\"ES-CL\">El Jefe de la Secci\u00f3n OS-7 Ays\u00e9n, Capit\u00e1n Pablo Ardiles Herrera, indic\u00f3 que el desarrollo de un trabajo preventivo, permiti\u00f3 detectar a sujetos con diversos tipos de drogas, sustancias que eventualmente podr\u00edan haber sido transadas en el recinto de fondas del sector Parque Urbano de esta ciudad. <\/span><\/p>\n<p class=\"v1MsoNormal\" style=\"text-align: justify;\"><span lang=\"ES-CL\">\u00abEn ese orden de ideas en la fonda Entre Mate y Cueca de nuestra comuna de Coyhaique y con apoyo de nuestro can antidrogas Gazu, se desarrollan distintos servicios focalizados en los alrededores de esta fonda \u2013en conjunto con personal de la 1ra Comisar\u00eda de Carabineros Coyhaique, permitiendo identificar un veh\u00edculo y sus ocupantes que trasladaban una determinada cantidad de sustancias ilegales. Hablamos de pastillas de \u00e9xtasis, clorhidrato de coca\u00edna y marihuana dosificada y lista para su venta a consumidores finales probablemente dentro de las mismas fondas\u00bb, detall\u00f3 el Jefe de la Secci\u00f3n OS-7 Ays\u00e9n.<\/span><\/p>\n<p class=\"v1MsoNormal\" style=\"text-align: justify;\"><span lang=\"ES-CL\">Los antecedentes fueron puestos en conocimiento del Ministerio P\u00fablico y de manera conjunta -con el fiscal conocedor de la causa- Carabineros obtuvo una orden de entrada y registro, siendo materializada en un inmueble ubicado a pocos metros del lugar de celebraci\u00f3n de las festividades patrias.<\/span><\/p>\n<p class=\"v1MsoNormal\" style=\"text-align: justify;\"><b><span lang=\"ES-CL\">Decomiso<\/span><\/b><\/p>\n<p class=\"v1MsoNormal\" style=\"text-align: justify;\"><span lang=\"ES-CL\">\u00abSe logr\u00f3 un ingreso en compa\u00f1\u00eda de personal de la 5ta Comisar\u00eda de Control de Orden P\u00fablico (COP), personal de la 1ra. Comisar\u00eda y especialistas del OS-7 Ays\u00e9n, incaut\u00f3 al interior (del domicilio) no solamente droga, sino tambi\u00e9n un rev\u00f3lver Punto 38 que se encontraba cargado, el cual no registra inscripci\u00f3n y parte de una escopeta que tambi\u00e9n se encontraba oculta al interior del inmueble\u00bb, indic\u00f3 el Capit\u00e1n Ardiles.<\/span><\/p>\n<p class=\"v1MsoNormal\" style=\"text-align: justify;\"><span lang=\"ES-CL\">El Jefe de drogas de Carabineros Ays\u00e9n a\u00f1adi\u00f3 que \u00aben total se logra decomisar 13 bolsas contenedoras de m\u00e1s de 400 grs de clorhidrato de coca\u00edna, m\u00e1s de 340 grs de marihuana, \u00e9xtasis, los armamentos antes mencionados, dinero en efectivo, un veh\u00edculo y diferentes elementos para la dosificaci\u00f3n. Estamos hablando de un procedimiento exitoso que se desarrolla producto de los diferentes servicios que se estar\u00e1n brindando y que se estar\u00e1n prestando a lo largo de estas fiestas patrias para entregar espacios p\u00fablicos de entretenci\u00f3n, saludables, seguros para toda nuestra comunidad y en general para toda nuestra regi\u00f3n\u00bb, argument\u00f3 el Oficial.<\/span><\/p>\n<p class=\"v1MsoNormal\" style=\"text-align: justify;\"><span lang=\"ES-CL\">Cabe consignar que tras la formalizaci\u00f3n de cargos y en virtud a la contundencia de la evidencia encontrada y del proceso metodol\u00f3gico desarrollado con posterioridad al procedimiento, ambos imputados quedaron sujetos a la medida cautelar de prisi\u00f3n preventiva por un plazo de 90 d\u00edas fijados para el cierre de la investigaci\u00f3n.<\/span><\/p>\n<p class=\"v1MsoNormal\" style=\"text-align: justify;\"><span lang=\"ES-CL\">El Capit\u00e1n Pablo Ardiles Herrera reiter\u00f3 el llamado a la comunidad a efectuar denuncias de manera gratuita y an\u00f3nima a trav\u00e9s del fono drogas 135 o a cualesquiera de los carabineros con la finalidad de poner en conocimiento de la comisi\u00f3n de diferentes delitos de drogas u otros para tomar los cursos de acci\u00f3n respectivos y trabajar de manera conjunta con el Ministerio P\u00fablico para lograr resultados exitosos como este.<\/span><\/p>\n<p class=\"v1MsoNormal\" style=\"text-align: justify;\"><span lang=\"ES-CL\">Desde el mes de enero al 8 de septiembre del presente a\u00f1o, Carabineros ha detenido a 3.234 personas por diversos delitos, de los cuales 134 corresponden a infracci\u00f3n a la ley de drogas (un 33% de estos registra detenciones previas por parte de Carabineros) siendo decomisados 11,3 kg de drogas, impidiendo que esta llegue a la comunidad.<\/span><\/p>\n<\/div>\n<\/div><\/section><\/div><div  style='height:50px' class='hr hr-invisible   avia-builder-el-6  el_after_av_one_full  el_before_av_social_share '><span class='hr-inner ' ><span class='hr-inner-style'><\/span><\/span><\/div><\/p>\n<div  class='av-social-sharing-box  avia-builder-el-7  el_after_av_hr  el_before_av_hr  '><div class='av-share-box'><h5 class='av-share-link-description av-no-toc '>Compartir esta noticia<\/h5><ul class='av-share-box-list noLightbox'><li class='av-share-link av-social-link-facebook' ><a target=\"_blank\" aria-label=\"Compartir en Facebook\" href='https:\/\/www.facebook.com\/sharer.php?u=https:\/\/radiorevelacionfm.cl\/?p=46338&#038;t=Carabineros%20del%20OS-7%20Ays%C3%A9n%20detuvo%20a%20dos%20personas%20por%20tr%C3%A1fico%20de%20drogas%20y%20ley%20de%20control%20de%20armas%20en%20sector%20Parque%20Urbano' aria-hidden='false' data-av_icon='\ue8f3' data-av_iconfont='entypo-fontello' title='' data-avia-related-tooltip='Compartir en Facebook' rel=\"noopener\"><span class='avia_hidden_link_text'>Compartir en Facebook<\/span><\/a><\/li><li class='av-share-link av-social-link-twitter' ><a target=\"_blank\" aria-label=\"Compartir en Twitter\" href='https:\/\/twitter.com\/share?text=Carabineros%20del%20OS-7%20Ays%C3%A9n%20detuvo%20a%20dos%20personas%20por%20tr%C3%A1fico%20de%20drogas%20y%20ley%20de%20control%20de%20armas%20en%20sector%20Parque%20Urbano&#038;url=https:\/\/radiorevelacionfm.cl\/?p=46338' aria-hidden='false' data-av_icon='\ue8f1' data-av_iconfont='entypo-fontello' title='' data-avia-related-tooltip='Compartir en Twitter' rel=\"noopener\"><span class='avia_hidden_link_text'>Compartir en Twitter<\/span><\/a><\/li><li class='av-share-link av-social-link-whatsapp' ><a target=\"_blank\" aria-label=\"Compartir en Whatsapp\" href='https:\/\/api.whatsapp.com\/send?text=https:\/\/radiorevelacionfm.cl\/?p=46338' aria-hidden='false' data-av_icon='\uf232' data-av_iconfont='entypo-fontello' title='' data-avia-related-tooltip='Compartir en Whatsapp' rel=\"noopener\"><span class='avia_hidden_link_text'>Compartir en Whatsapp<\/span><\/a><\/li><li class='av-share-link av-social-link-linkedin' ><a target=\"_blank\" aria-label=\"Compartir en LinkedIn\" href='https:\/\/linkedin.com\/shareArticle?mini=true&#038;title=Carabineros%20del%20OS-7%20Ays%C3%A9n%20detuvo%20a%20dos%20personas%20por%20tr%C3%A1fico%20de%20drogas%20y%20ley%20de%20control%20de%20armas%20en%20sector%20Parque%20Urbano&#038;url=https:\/\/radiorevelacionfm.cl\/?p=46338' aria-hidden='false' data-av_icon='\ue8fc' data-av_iconfont='entypo-fontello' title='' data-avia-related-tooltip='Compartir en LinkedIn' rel=\"noopener\"><span class='avia_hidden_link_text'>Compartir en LinkedIn<\/span><\/a><\/li><li class='av-share-link av-social-link-mail' ><a  aria-label=\"Compartir por correo\" href='mailto:?subject=Carabineros%20del%20OS-7%20Ays%C3%A9n%20detuvo%20a%20dos%20personas%20por%20tr%C3%A1fico%20de%20drogas%20y%20ley%20de%20control%20de%20armas%20en%20sector%20Parque%20Urbano&#038;body=https:\/\/radiorevelacionfm.cl\/?p=46338' aria-hidden='false' data-av_icon='\ue805' data-av_iconfont='entypo-fontello' title='' data-avia-related-tooltip='Compartir por correo'><span class='avia_hidden_link_text'>Compartir por correo<\/span><\/a><\/li><\/ul><\/div><\/div>\n<div  style='height:50px' class='hr hr-invisible   avia-builder-el-8  el_after_av_social_share  el_before_av_comments_list '><span class='hr-inner ' ><span class='hr-inner-style'><\/span><\/span><\/div>\n<div  class='av-buildercomment  av-blog-meta-html-info-disabled av-blog-meta-tag-disabled  '><\/div>\n","protected":false},"excerpt":{"rendered":"","protected":false},"author":1,"featured_media":46339,"comment_status":"open","ping_status":"open","sticky":false,"template":"","format":"standard","meta":{"footnotes":""},"categories":[36],"tags":[],"class_list":["post-46338","post","type-post","status-publish","format-standard","has-post-thumbnail","hentry","category-policial"],"jetpack_featured_media_url":"https:\/\/radiorevelacionfm.cl\/wp-content\/uploads\/2024\/09\/bdfb4a84-edd6-489d-a5ec-013ba3a81c4d-2_optimized.jpg","_links":{"self":[{"href":"https:\/\/radiorevelacionfm.cl\/index.php?rest_route=\/wp\/v2\/posts\/46338","targetHints":{"allow":["GET"]}}],"collection":[{"href":"https:\/\/radiorevelacionfm.cl\/index.php?rest_route=\/wp\/v2\/posts"}],"about":[{"href":"https:\/\/radiorevelacionfm.cl\/index.php?rest_route=\/wp\/v2\/types\/post"}],"author":[{"embeddable":true,"href":"https:\/\/radiorevelacionfm.cl\/index.php?rest_route=\/wp\/v2\/users\/1"}],"replies":[{"embeddable":true,"href":"https:\/\/radiorevelacionfm.cl\/index.php?rest_route=%2Fwp%2Fv2%2Fcomments&post=46338"}],"version-history":[{"count":1,"href":"https:\/\/radiorevelacionfm.cl\/index.php?rest_route=\/wp\/v2\/posts\/46338\/revisions"}],"predecessor-version":[{"id":46340,"href":"https:\/\/radiorevelacionfm.cl\/index.php?rest_route=\/wp\/v2\/posts\/46338\/revisions\/46340"}],"wp:featuredmedia":[{"embeddable":true,"href":"https:\/\/radiorevelacionfm.cl\/index.php?rest_route=\/wp\/v2\/media\/46339"}],"wp:attachment":[{"href":"https:\/\/radiorevelacionfm.cl\/index.php?rest_route=%2Fwp%2Fv2%2Fmedia&parent=46338"}],"wp:term":[{"taxonomy":"category","embeddable":true,"href":"https:\/\/radiorevelacionfm.cl\/index.php?rest_route=%2Fwp%2Fv2%2Fcategories&post=46338"},{"taxonomy":"post_tag","embeddable":true,"href":"https:\/\/radiorevelacionfm.cl\/index.php?rest_route=%2Fwp%2Fv2%2Ftags&post=46338"}],"curies":[{"name":"wp","href":"https:\/\/api.w.org\/{rel}","templated":true}]}}