{"id":46326,"date":"2024-09-17T15:26:54","date_gmt":"2024-09-17T18:26:54","guid":{"rendered":"https:\/\/radiorevelacionfm.cl\/?p=46326"},"modified":"2024-09-17T15:26:54","modified_gmt":"2024-09-17T18:26:54","slug":"corte-confirma-la-prision-preventiva-de-imputado-por-femicidio-tentado-en-cochrane","status":"publish","type":"post","link":"https:\/\/radiorevelacionfm.cl\/?p=46326","title":{"rendered":"Corte confirma la prisi\u00f3n preventiva de imputado por femicidio tentado en Cochrane"},"content":{"rendered":"<div class=\"flex_column av_one_full  flex_column_div av-zero-column-padding first  avia-builder-el-0  el_before_av_one_full  avia-builder-el-first  \" style='border-radius:0px; '><div  class='avia-image-container  av-styling-    avia-builder-el-1  avia-builder-el-no-sibling  avia-align-center '  itemprop=\"image\" itemscope=\"itemscope\" itemtype=\"https:\/\/schema.org\/ImageObject\"  ><div class='avia-image-container-inner'><div class='avia-image-overlay-wrap'><img decoding=\"async\" class='wp-image-5552 avia-img-lazy-loading-not-5552 avia_image' src=\"https:\/\/radiorevelacionfm.cl\/wp-content\/uploads\/2021\/06\/Foto-10-Corte-COYHAIQUE-1-1-1.jpg\" alt='' title='Foto 10 Corte COYHAIQUE (1) (1) (1)' height=\"600\" width=\"1169\"  itemprop=\"thumbnailUrl\" srcset=\"https:\/\/radiorevelacionfm.cl\/wp-content\/uploads\/2021\/06\/Foto-10-Corte-COYHAIQUE-1-1-1.jpg 1169w, https:\/\/radiorevelacionfm.cl\/wp-content\/uploads\/2021\/06\/Foto-10-Corte-COYHAIQUE-1-1-1-300x154.jpg 300w, https:\/\/radiorevelacionfm.cl\/wp-content\/uploads\/2021\/06\/Foto-10-Corte-COYHAIQUE-1-1-1-1030x529.jpg 1030w, https:\/\/radiorevelacionfm.cl\/wp-content\/uploads\/2021\/06\/Foto-10-Corte-COYHAIQUE-1-1-1-768x394.jpg 768w, https:\/\/radiorevelacionfm.cl\/wp-content\/uploads\/2021\/06\/Foto-10-Corte-COYHAIQUE-1-1-1-705x362.jpg 705w, https:\/\/radiorevelacionfm.cl\/wp-content\/uploads\/2021\/06\/Foto-10-Corte-COYHAIQUE-1-1-1-600x308.jpg 600w\" sizes=\"(max-width: 1169px) 100vw, 1169px\" \/><\/div><\/div><\/div><\/div><div class=\"flex_column av_one_full  flex_column_div av-zero-column-padding first  avia-builder-el-2  el_after_av_one_full  el_before_av_one_full  column-top-margin\" style='border-radius:0px; '><section class=\"av_textblock_section \"  itemscope=\"itemscope\" itemtype=\"https:\/\/schema.org\/BlogPosting\" itemprop=\"blogPost\" ><div class='avia_textblock  '   itemprop=\"text\" ><p style=\"text-align: center;\"><strong><span style=\"font-size: 18pt;\">Corte confirma la prisi\u00f3n preventiva de imputado por femicidio tentado en Cochrane<\/span><\/strong><\/p>\n<div id=\"gtx-trans\" style=\"position: absolute; left: -50px; top: 4.31534px;\">\n<div class=\"gtx-trans-icon\"><\/div>\n<\/div>\n<\/div><\/section><\/div><div class=\"flex_column av_one_full  flex_column_div av-zero-column-padding first  avia-builder-el-4  el_after_av_one_full  el_before_av_hr  column-top-margin\" style='border-radius:0px; '><section class=\"av_textblock_section \"  itemscope=\"itemscope\" itemtype=\"https:\/\/schema.org\/BlogPosting\" itemprop=\"blogPost\" ><div class='avia_textblock  '   itemprop=\"text\" ><p class=\"v1MsoNormal\" style=\"text-align: justify;\">La Corte de Coyhaique rechaz\u00f3 hoy \u2013martes 17 de septiembre\u2013 el recurso de apelaci\u00f3n presentado por la defensa y confirm\u00f3 la resoluci\u00f3n que dej\u00f3 en prisi\u00f3n preventiva a J.S.M.O., imputado por el Ministerio P\u00fablico como autor del delito tentado de femicidio. Il\u00edcito perpetrado en agosto reci\u00e9n pasado, en la ciudad de Cochrane.<\/p>\n<p class=\"v1MsoNormal\" style=\"text-align: justify;\">En fallo\u00a0dividido,\u00a0la Primera Sala del tribunal de alzada \u2013integrada por los ministros Luis Aedo, Pedro Castro y el fiscal judicial Juan Patricio Silva\u2013 confirm\u00f3 la resoluci\u00f3n impugnada, dictada por el Juzgado de Garant\u00eda de Cochrane, al compartir que la libertad del imputado constituye un peligro para la seguridad de la sociedad.<\/p>\n<p class=\"v1MsoNormal\" style=\"text-align: justify;\">\u00abAtendido el m\u00e9rito\u00a0<span lang=\"ES-MX\">de los antecedentes que se conocen<\/span>, alegaciones de los intervinientes, considerando que, por ahora, concurren elementos suficientes para justificar la existencia del delito investigado as\u00ed como presunciones fundadas de la participaci\u00f3n del encartado en calidad de autor en \u00e9l\u00a0y,\u00a0estim\u00e1ndose que su libertad constituye un peligro para la seguridad de la sociedad y de la v\u00edctima, en atenci\u00f3n a la gravedad de la pena asignada por ley al delito de femicidio tentado que le ha sido atribuido, as\u00ed como el car\u00e1cter y circunstancias de su comisi\u00f3n; y, conforme, adem\u00e1s, a lo dispuesto en los art\u00edculos 122, 139 y 140 del C\u00f3digo Procesal Penal,\u00a0<b>SE CONFIRMA<\/b>\u00a0la resoluci\u00f3n apelada de 8 de septiembre de 2024, en cuanto por ella se impuso la medida cautelar de prisi\u00f3n preventiva del imputado\u00a0J.S.M.O.\u00bb, consigna el fallo.<\/p>\n<p class=\"v1MsoNormal\" style=\"text-align: justify;\">Decisi\u00f3n acordada con el voto en contra del ministro Castro Espinoza,\u00a0<span lang=\"ES-TRAD\">quien fue del parecer de revocar la resoluci\u00f3n apelada y decretar las medidas cautelares de arresto domiciliario total, firma semanal, arraigo nacional y prohibici\u00f3n de acercarse a la v\u00edctima.<\/span><\/p>\n<p class=\"v1MsoNormal\" style=\"text-align: justify;\">Seg\u00fan el ente persecutor, alrededor de las 21:00 horas del 29 de agosto de 2024, al interior del domicilio que compart\u00edan en la ciudad de Cochrane, el imputado sostuvo una discusi\u00f3n con su pareja. En dicho contexto, la tom\u00f3 por el cuello con ambas manos, la arrastr\u00f3 por el segundo piso de la vivienda, hasta el borde de la escalera, lugar donde con el fin de asfixiarla, le apret\u00f3 el cuello.<\/p>\n<p class=\"v1MsoNormal\" style=\"text-align: justify;\">La v\u00edctima logr\u00f3 zafarse cayendo al suelo. J.S.M.O. se abalanz\u00f3 sobre ella con la intenci\u00f3n de volver a agredirla, pero logr\u00f3 huir del lugar.<\/p>\n<\/div><\/section><\/div><div  style='height:50px' class='hr hr-invisible   avia-builder-el-6  el_after_av_one_full  el_before_av_social_share '><span class='hr-inner ' ><span class='hr-inner-style'><\/span><\/span><\/div><\/p>\n<div  class='av-social-sharing-box  avia-builder-el-7  el_after_av_hr  el_before_av_hr  '><div class='av-share-box'><h5 class='av-share-link-description av-no-toc '>Compartir esta noticia<\/h5><ul class='av-share-box-list noLightbox'><li class='av-share-link av-social-link-facebook' ><a target=\"_blank\" aria-label=\"Compartir en Facebook\" href='https:\/\/www.facebook.com\/sharer.php?u=https:\/\/radiorevelacionfm.cl\/?p=46326&#038;t=Corte%20confirma%20la%20prisi%C3%B3n%20preventiva%20de%20imputado%20por%20femicidio%20tentado%20en%20Cochrane' aria-hidden='false' data-av_icon='\ue8f3' data-av_iconfont='entypo-fontello' title='' data-avia-related-tooltip='Compartir en Facebook' rel=\"noopener\"><span class='avia_hidden_link_text'>Compartir en Facebook<\/span><\/a><\/li><li class='av-share-link av-social-link-twitter' ><a target=\"_blank\" aria-label=\"Compartir en Twitter\" href='https:\/\/twitter.com\/share?text=Corte%20confirma%20la%20prisi%C3%B3n%20preventiva%20de%20imputado%20por%20femicidio%20tentado%20en%20Cochrane&#038;url=https:\/\/radiorevelacionfm.cl\/?p=46326' aria-hidden='false' data-av_icon='\ue8f1' data-av_iconfont='entypo-fontello' title='' data-avia-related-tooltip='Compartir en Twitter' rel=\"noopener\"><span class='avia_hidden_link_text'>Compartir en Twitter<\/span><\/a><\/li><li class='av-share-link av-social-link-whatsapp' ><a target=\"_blank\" aria-label=\"Compartir en Whatsapp\" href='https:\/\/api.whatsapp.com\/send?text=https:\/\/radiorevelacionfm.cl\/?p=46326' aria-hidden='false' data-av_icon='\uf232' data-av_iconfont='entypo-fontello' title='' data-avia-related-tooltip='Compartir en Whatsapp' rel=\"noopener\"><span class='avia_hidden_link_text'>Compartir en Whatsapp<\/span><\/a><\/li><li class='av-share-link av-social-link-linkedin' ><a target=\"_blank\" aria-label=\"Compartir en LinkedIn\" href='https:\/\/linkedin.com\/shareArticle?mini=true&#038;title=Corte%20confirma%20la%20prisi%C3%B3n%20preventiva%20de%20imputado%20por%20femicidio%20tentado%20en%20Cochrane&#038;url=https:\/\/radiorevelacionfm.cl\/?p=46326' aria-hidden='false' data-av_icon='\ue8fc' data-av_iconfont='entypo-fontello' title='' data-avia-related-tooltip='Compartir en LinkedIn' rel=\"noopener\"><span class='avia_hidden_link_text'>Compartir en LinkedIn<\/span><\/a><\/li><li class='av-share-link av-social-link-mail' ><a  aria-label=\"Compartir por correo\" href='mailto:?subject=Corte%20confirma%20la%20prisi%C3%B3n%20preventiva%20de%20imputado%20por%20femicidio%20tentado%20en%20Cochrane&#038;body=https:\/\/radiorevelacionfm.cl\/?p=46326' aria-hidden='false' data-av_icon='\ue805' data-av_iconfont='entypo-fontello' title='' data-avia-related-tooltip='Compartir por correo'><span class='avia_hidden_link_text'>Compartir por correo<\/span><\/a><\/li><\/ul><\/div><\/div>\n<div  style='height:50px' class='hr hr-invisible   avia-builder-el-8  el_after_av_social_share  el_before_av_comments_list '><span class='hr-inner ' ><span class='hr-inner-style'><\/span><\/span><\/div>\n<div  class='av-buildercomment  av-blog-meta-html-info-disabled av-blog-meta-tag-disabled  '><\/div>\n","protected":false},"excerpt":{"rendered":"","protected":false},"author":1,"featured_media":5552,"comment_status":"open","ping_status":"open","sticky":false,"template":"","format":"standard","meta":{"footnotes":""},"categories":[55],"tags":[],"class_list":["post-46326","post","type-post","status-publish","format-standard","has-post-thumbnail","hentry","category-justicia"],"jetpack_featured_media_url":"https:\/\/radiorevelacionfm.cl\/wp-content\/uploads\/2021\/06\/Foto-10-Corte-COYHAIQUE-1-1-1.jpg","_links":{"self":[{"href":"https:\/\/radiorevelacionfm.cl\/index.php?rest_route=\/wp\/v2\/posts\/46326","targetHints":{"allow":["GET"]}}],"collection":[{"href":"https:\/\/radiorevelacionfm.cl\/index.php?rest_route=\/wp\/v2\/posts"}],"about":[{"href":"https:\/\/radiorevelacionfm.cl\/index.php?rest_route=\/wp\/v2\/types\/post"}],"author":[{"embeddable":true,"href":"https:\/\/radiorevelacionfm.cl\/index.php?rest_route=\/wp\/v2\/users\/1"}],"replies":[{"embeddable":true,"href":"https:\/\/radiorevelacionfm.cl\/index.php?rest_route=%2Fwp%2Fv2%2Fcomments&post=46326"}],"version-history":[{"count":1,"href":"https:\/\/radiorevelacionfm.cl\/index.php?rest_route=\/wp\/v2\/posts\/46326\/revisions"}],"predecessor-version":[{"id":46327,"href":"https:\/\/radiorevelacionfm.cl\/index.php?rest_route=\/wp\/v2\/posts\/46326\/revisions\/46327"}],"wp:featuredmedia":[{"embeddable":true,"href":"https:\/\/radiorevelacionfm.cl\/index.php?rest_route=\/wp\/v2\/media\/5552"}],"wp:attachment":[{"href":"https:\/\/radiorevelacionfm.cl\/index.php?rest_route=%2Fwp%2Fv2%2Fmedia&parent=46326"}],"wp:term":[{"taxonomy":"category","embeddable":true,"href":"https:\/\/radiorevelacionfm.cl\/index.php?rest_route=%2Fwp%2Fv2%2Fcategories&post=46326"},{"taxonomy":"post_tag","embeddable":true,"href":"https:\/\/radiorevelacionfm.cl\/index.php?rest_route=%2Fwp%2Fv2%2Ftags&post=46326"}],"curies":[{"name":"wp","href":"https:\/\/api.w.org\/{rel}","templated":true}]}}