{"id":46320,"date":"2024-09-17T15:04:22","date_gmt":"2024-09-17T18:04:22","guid":{"rendered":"https:\/\/radiorevelacionfm.cl\/?p=46320"},"modified":"2024-09-17T15:04:22","modified_gmt":"2024-09-17T18:04:22","slug":"deportistas-regionales-se-alistan-para-juegos-deportivos-nacionales-y-paranacionales","status":"publish","type":"post","link":"https:\/\/radiorevelacionfm.cl\/?p=46320","title":{"rendered":"Deportistas regionales se alistan para Juegos Deportivos Nacionales y Paranacionales"},"content":{"rendered":"<div class=\"flex_column av_one_full  flex_column_div av-zero-column-padding first  avia-builder-el-0  el_before_av_one_full  avia-builder-el-first  \" style='border-radius:0px; '><div  class='avia-image-container  av-styling-    avia-builder-el-1  avia-builder-el-no-sibling  avia-align-center '  itemprop=\"image\" itemscope=\"itemscope\" itemtype=\"https:\/\/schema.org\/ImageObject\"  ><div class='avia-image-container-inner'><div class='avia-image-overlay-wrap'><img decoding=\"async\" class='wp-image-46321 avia-img-lazy-loading-not-46321 avia_image' src=\"https:\/\/radiorevelacionfm.cl\/wp-content\/uploads\/2024\/09\/whatsapp-image-2024-09-16-at-5_optimized.47.04-pm-photoroom-1-1.jpg\" alt='' title='whatsapp-image-2024-09-16-at-5_optimized.47.04-pm-photoroom-(1)-(1)' height=\"600\" width=\"821\"  itemprop=\"thumbnailUrl\" srcset=\"https:\/\/radiorevelacionfm.cl\/wp-content\/uploads\/2024\/09\/whatsapp-image-2024-09-16-at-5_optimized.47.04-pm-photoroom-1-1.jpg 821w, https:\/\/radiorevelacionfm.cl\/wp-content\/uploads\/2024\/09\/whatsapp-image-2024-09-16-at-5_optimized.47.04-pm-photoroom-1-1-300x219.jpg 300w, https:\/\/radiorevelacionfm.cl\/wp-content\/uploads\/2024\/09\/whatsapp-image-2024-09-16-at-5_optimized.47.04-pm-photoroom-1-1-768x561.jpg 768w, https:\/\/radiorevelacionfm.cl\/wp-content\/uploads\/2024\/09\/whatsapp-image-2024-09-16-at-5_optimized.47.04-pm-photoroom-1-1-705x515.jpg 705w, https:\/\/radiorevelacionfm.cl\/wp-content\/uploads\/2024\/09\/whatsapp-image-2024-09-16-at-5_optimized.47.04-pm-photoroom-1-1-450x329.jpg 450w, https:\/\/radiorevelacionfm.cl\/wp-content\/uploads\/2024\/09\/whatsapp-image-2024-09-16-at-5_optimized.47.04-pm-photoroom-1-1-600x438.jpg 600w\" sizes=\"(max-width: 821px) 100vw, 821px\" \/><\/div><\/div><\/div><\/div><div class=\"flex_column av_one_full  flex_column_div av-zero-column-padding first  avia-builder-el-2  el_after_av_one_full  el_before_av_one_full  column-top-margin\" style='border-radius:0px; '><section class=\"av_textblock_section \"  itemscope=\"itemscope\" itemtype=\"https:\/\/schema.org\/BlogPosting\" itemprop=\"blogPost\" ><div class='avia_textblock  '   itemprop=\"text\" ><p style=\"text-align: center;\"><strong><span style=\"font-size: 18pt;\">Deportistas regionales se alistan para Juegos Deportivos Nacionales y Paranacionales<\/span><\/strong><\/p>\n<div id=\"gtx-trans\" style=\"position: absolute; left: -50px; top: 4.31534px;\">\n<div class=\"gtx-trans-icon\"><\/div>\n<\/div>\n<\/div><\/section><\/div><div class=\"flex_column av_one_full  flex_column_div av-zero-column-padding first  avia-builder-el-4  el_after_av_one_full  el_before_av_hr  column-top-margin\" style='border-radius:0px; '><section class=\"av_textblock_section \"  itemscope=\"itemscope\" itemtype=\"https:\/\/schema.org\/BlogPosting\" itemprop=\"blogPost\" ><div class='avia_textblock  '   itemprop=\"text\" ><p class=\"v1MsoNormal\" style=\"text-align: justify;\"><em>En dependencias del Gobierno Regional deportistas y entrenadores se congregaron para recibir la indumentaria oficial de los Juegos Deportivos Nacionales y Para Nacionales, Temuco 2024.<\/em><\/p>\n<p class=\"v1MsoNormal\" style=\"text-align: justify;\">La instancia estuvo encabezada por la Gobernadora regional, Andrea Mac\u00edas Palma y la Seremi del Deporte, Mar\u00eda Eugenia Dur\u00e1n Jara acompa\u00f1adas por el Delegado Presidencial Rodrigo Araya Morales, el Alcalde de Coyhaique, Carlos Gatica Villegas y el director (s) regional del IND, Javier Medina Mella, quienes hicieron entrega de los buzos y camisetas a las y los deportistas que representar\u00e1n a la regi\u00f3n, en Los Juegos Nacionales y Para nacionales que se llevar\u00e1n a cabo entre el 22 de septiembre y el 5 de octubre, teniendo como subsedes a Temuco, Padre las Casas, Puc\u00f3n y Villarrica.<\/p>\n<p class=\"v1MsoNormal\" style=\"text-align: justify;\"><strong><u>Ays\u00e9n ir\u00e1 con lo mejor en 11 disciplinas deportivas<\/u><\/strong><\/p>\n<p class=\"v1MsoNormal\" style=\"text-align: justify;\">Cerca de 3 mil participantes, en categor\u00eda todo competidor de todo el pa\u00eds se reunir\u00e1n en este certamen, en 14 disciplinas convencionales y otras seis adaptadas, mientras que la regi\u00f3n de Ays\u00e9n estar\u00e1 representada por 126 deportistas, en las disciplinas de judo, levantamiento de pesas, karate, ciclismo, nataci\u00f3n, goalball, taekwondo, para atletismo, para nataci\u00f3n, voleibol piso y atletismo.<\/p>\n<p class=\"v1MsoNormal\" style=\"text-align: justify;\">La instancia fue destacada por la gobernadora, Andrea Mac\u00edas: \u00abComo\u00a0 gobierno regional y su consejo estamos muy contentos de haber podido aportar para llegar el d\u00eda de hoya a este hito tremendo, son 126 deportistas de nuestra regi\u00f3n que van a poder participar en los Juegos Nacionales y Paranacionales a trav\u00e9s de 14 disciplinas y en la mayor\u00eda de ellas vamos con representantes de la regi\u00f3n con distintas selecciones, es un hito fundamental y adem\u00e1s cumpliendo un sue\u00f1o que es que nuestros deportistas cuenten con una indumentaria que sea representativa de la regi\u00f3n, con un dise\u00f1o que representa a la regi\u00f3n de Ays\u00e9n, su naturaleza, su biodiversidad\u00bb.\u00a0 Finalmente a la autoridad regional le dese\u00f3 el mayor de los \u00e9xitos a cada uno de los deportistas, tanto en los Juegos Nacionales como en los Para Nacionales, y se\u00f1al\u00f3 que \u00abhay que seguir avanzando y porqu\u00e9 no pensar que en un par de a\u00f1os m\u00e1s podamos hacer estos mismos\u00a0 Juegos Nacionales y Para Nacionales ac\u00e1 en la regi\u00f3n de Ays\u00e9n\u00bb.<\/p>\n<p class=\"v1MsoNormal\" style=\"text-align: justify;\">De igual forma, la Seremi del Deporte, Mar\u00eda Eugenia Dur\u00e1n, se\u00f1al\u00f3, \u00abEste es un hito muy especial para quienes llevar\u00e1n los nuevos colores de la Regi\u00f3n a esta fiesta deportiva nacional que vuelve luego de 5 a\u00f1os de ausencia, por lo que para el IND y el Ministerio del Deporte es un orgullo premiar todo el esfuerzo personal y familiar de nuestros y nuestras deportistas. Agradecemos al Gobierno Regional y su Consejo por el aporte de cerca de 224 millones de pesos, que permiten financiar el traslado de las delegaciones, la hermosa indumentaria deportiva que estamos entregando hoy, adem\u00e1s de la implementaci\u00f3n que ser\u00e1 adquirida para que contin\u00faen su preparaci\u00f3n post Juegos ; este hito es fruto de un trabajo colaborativo, mandatado por nuestro Presidente Gabriel Boric, entre IND, MINDEP, Gobierno Regional y su Consejo para apoyar a quienes nos representar\u00e1n en estos Juegos Deportivos Nacionales y Para Nacionales Temuco 2024\u00bb, sostuvo la autoridad.<\/p>\n<p class=\"v1MsoNormal\" style=\"text-align: justify;\">\u00abEsta es la tercera vez que participamos en los Juegos Para Nacionales y estamos muy contentos y motivados. Viajamos con un equipo de 15 personas, compuesto por 6 mujeres, 6 varones y 4 del staff t\u00e9cnico. Tenemos jugadores desde los 18 hasta los 60 a\u00f1os y estamos preparados para representar de la mejor forma a la regi\u00f3n de Ays\u00e9n. Nos hemos preparado bien y vamos con mucha ilusi\u00f3n a Villarrica\u00bb, coment\u00f3; Fernando B\u00f3rquez, entrenador de goalball de la regi\u00f3n de Ays\u00e9n.<\/p>\n<p class=\"v1MsoNormal\" style=\"text-align: justify;\">Los Juegos Deportivos Nacionales y Para Nacionales se celebran cada dos a\u00f1os, y son organizados por el Ministerio del Deporte y el IND, en conjunto con el Comit\u00e9 Ol\u00edmpico y Paral\u00edmpico de Chile, siendo la primera edici\u00f3n en 2013 para los convencionales y 2015 para la especialidad paral\u00edmpica. Producto de la Pandemia por Covid-19, no fue posible desarrollarlos hasta ahora, que vuelven, gracias al trabajo conjunto entre Mindep, IND, Municipio de Temuco y Gobiernos Regionales de todo Chile.<\/p>\n<\/div><\/section><\/div><div  style='height:50px' class='hr hr-invisible   avia-builder-el-6  el_after_av_one_full  el_before_av_social_share '><span class='hr-inner ' ><span class='hr-inner-style'><\/span><\/span><\/div><\/p>\n<div  class='av-social-sharing-box  avia-builder-el-7  el_after_av_hr  el_before_av_hr  '><div class='av-share-box'><h5 class='av-share-link-description av-no-toc '>Compartir esta noticia<\/h5><ul class='av-share-box-list noLightbox'><li class='av-share-link av-social-link-facebook' ><a target=\"_blank\" aria-label=\"Compartir en Facebook\" href='https:\/\/www.facebook.com\/sharer.php?u=https:\/\/radiorevelacionfm.cl\/?p=46320&#038;t=Deportistas%20regionales%20se%20alistan%20para%20Juegos%20Deportivos%20Nacionales%20y%20Paranacionales' aria-hidden='false' data-av_icon='\ue8f3' data-av_iconfont='entypo-fontello' title='' data-avia-related-tooltip='Compartir en Facebook' rel=\"noopener\"><span class='avia_hidden_link_text'>Compartir en Facebook<\/span><\/a><\/li><li class='av-share-link av-social-link-twitter' ><a target=\"_blank\" aria-label=\"Compartir en Twitter\" href='https:\/\/twitter.com\/share?text=Deportistas%20regionales%20se%20alistan%20para%20Juegos%20Deportivos%20Nacionales%20y%20Paranacionales&#038;url=https:\/\/radiorevelacionfm.cl\/?p=46320' aria-hidden='false' data-av_icon='\ue8f1' data-av_iconfont='entypo-fontello' title='' data-avia-related-tooltip='Compartir en Twitter' rel=\"noopener\"><span class='avia_hidden_link_text'>Compartir en Twitter<\/span><\/a><\/li><li class='av-share-link av-social-link-whatsapp' ><a target=\"_blank\" aria-label=\"Compartir en Whatsapp\" href='https:\/\/api.whatsapp.com\/send?text=https:\/\/radiorevelacionfm.cl\/?p=46320' aria-hidden='false' data-av_icon='\uf232' data-av_iconfont='entypo-fontello' title='' data-avia-related-tooltip='Compartir en Whatsapp' rel=\"noopener\"><span class='avia_hidden_link_text'>Compartir en Whatsapp<\/span><\/a><\/li><li class='av-share-link av-social-link-linkedin' ><a target=\"_blank\" aria-label=\"Compartir en LinkedIn\" href='https:\/\/linkedin.com\/shareArticle?mini=true&#038;title=Deportistas%20regionales%20se%20alistan%20para%20Juegos%20Deportivos%20Nacionales%20y%20Paranacionales&#038;url=https:\/\/radiorevelacionfm.cl\/?p=46320' aria-hidden='false' data-av_icon='\ue8fc' data-av_iconfont='entypo-fontello' title='' data-avia-related-tooltip='Compartir en LinkedIn' rel=\"noopener\"><span class='avia_hidden_link_text'>Compartir en LinkedIn<\/span><\/a><\/li><li class='av-share-link av-social-link-mail' ><a  aria-label=\"Compartir por correo\" href='mailto:?subject=Deportistas%20regionales%20se%20alistan%20para%20Juegos%20Deportivos%20Nacionales%20y%20Paranacionales&#038;body=https:\/\/radiorevelacionfm.cl\/?p=46320' aria-hidden='false' data-av_icon='\ue805' data-av_iconfont='entypo-fontello' title='' data-avia-related-tooltip='Compartir por correo'><span class='avia_hidden_link_text'>Compartir por correo<\/span><\/a><\/li><\/ul><\/div><\/div>\n<div  style='height:50px' class='hr hr-invisible   avia-builder-el-8  el_after_av_social_share  el_before_av_comments_list '><span class='hr-inner ' ><span class='hr-inner-style'><\/span><\/span><\/div>\n<div  class='av-buildercomment  av-blog-meta-html-info-disabled av-blog-meta-tag-disabled  '><\/div>\n","protected":false},"excerpt":{"rendered":"","protected":false},"author":1,"featured_media":46321,"comment_status":"open","ping_status":"open","sticky":false,"template":"","format":"standard","meta":{"footnotes":""},"categories":[40],"tags":[],"class_list":["post-46320","post","type-post","status-publish","format-standard","has-post-thumbnail","hentry","category-deportes"],"jetpack_featured_media_url":"https:\/\/radiorevelacionfm.cl\/wp-content\/uploads\/2024\/09\/whatsapp-image-2024-09-16-at-5_optimized.47.04-pm-photoroom-1-1.jpg","_links":{"self":[{"href":"https:\/\/radiorevelacionfm.cl\/index.php?rest_route=\/wp\/v2\/posts\/46320","targetHints":{"allow":["GET"]}}],"collection":[{"href":"https:\/\/radiorevelacionfm.cl\/index.php?rest_route=\/wp\/v2\/posts"}],"about":[{"href":"https:\/\/radiorevelacionfm.cl\/index.php?rest_route=\/wp\/v2\/types\/post"}],"author":[{"embeddable":true,"href":"https:\/\/radiorevelacionfm.cl\/index.php?rest_route=\/wp\/v2\/users\/1"}],"replies":[{"embeddable":true,"href":"https:\/\/radiorevelacionfm.cl\/index.php?rest_route=%2Fwp%2Fv2%2Fcomments&post=46320"}],"version-history":[{"count":1,"href":"https:\/\/radiorevelacionfm.cl\/index.php?rest_route=\/wp\/v2\/posts\/46320\/revisions"}],"predecessor-version":[{"id":46322,"href":"https:\/\/radiorevelacionfm.cl\/index.php?rest_route=\/wp\/v2\/posts\/46320\/revisions\/46322"}],"wp:featuredmedia":[{"embeddable":true,"href":"https:\/\/radiorevelacionfm.cl\/index.php?rest_route=\/wp\/v2\/media\/46321"}],"wp:attachment":[{"href":"https:\/\/radiorevelacionfm.cl\/index.php?rest_route=%2Fwp%2Fv2%2Fmedia&parent=46320"}],"wp:term":[{"taxonomy":"category","embeddable":true,"href":"https:\/\/radiorevelacionfm.cl\/index.php?rest_route=%2Fwp%2Fv2%2Fcategories&post=46320"},{"taxonomy":"post_tag","embeddable":true,"href":"https:\/\/radiorevelacionfm.cl\/index.php?rest_route=%2Fwp%2Fv2%2Ftags&post=46320"}],"curies":[{"name":"wp","href":"https:\/\/api.w.org\/{rel}","templated":true}]}}