{"id":4632,"date":"2021-05-28T11:04:38","date_gmt":"2021-05-28T14:04:38","guid":{"rendered":"https:\/\/radiorevelacionfm.cl\/?p=4632"},"modified":"2021-05-28T11:04:38","modified_gmt":"2021-05-28T14:04:38","slug":"en-la-junta-se-construye-primer-centro-de-procesamiento-de-la-region-para-campesinos-y-artesanos","status":"publish","type":"post","link":"https:\/\/radiorevelacionfm.cl\/?p=4632","title":{"rendered":"En La Junta se construye primer Centro de Procesamiento de la regi\u00f3n para campesinos y artesanos"},"content":{"rendered":"<div class=\"flex_column av_one_full  flex_column_div av-zero-column-padding first  avia-builder-el-0  el_before_av_one_full  avia-builder-el-first  \" style='border-radius:0px; '><div  class='avia-image-container  av-styling-    avia-builder-el-1  avia-builder-el-no-sibling  avia-align-center '  itemprop=\"image\" itemscope=\"itemscope\" itemtype=\"https:\/\/schema.org\/ImageObject\"  ><div class='avia-image-container-inner'><div class='avia-image-overlay-wrap'><img decoding=\"async\" class='wp-image-0 avia-img-lazy-loading-not-0 avia_image' src=\"https:\/\/radiorevelacionfm.cl\/wp-content\/uploads\/2021\/05\/CENTRO-PROCESO-LJ-1-1.jpeg\" alt='' title=''   itemprop=\"thumbnailUrl\"  \/><\/div><\/div><\/div><\/div><div class=\"flex_column av_one_full  flex_column_div av-zero-column-padding first  avia-builder-el-2  el_after_av_one_full  el_before_av_one_full  column-top-margin\" style='border-radius:0px; '><section class=\"av_textblock_section \"  itemscope=\"itemscope\" itemtype=\"https:\/\/schema.org\/BlogPosting\" itemprop=\"blogPost\" ><div class='avia_textblock  '   itemprop=\"text\" ><p style=\"text-align: center;\"><strong><span style=\"font-size: 18pt;\">En La Junta se construye primer Centro de Procesamiento de la regi\u00f3n para campesinos y artesanos<\/span><\/strong><\/p>\n<div id=\"gtx-trans\" style=\"position: absolute; left: -50px; top: 4.31534px;\">\n<div class=\"gtx-trans-icon\"><\/div>\n<\/div>\n<\/div><\/section><\/div><div class=\"flex_column av_one_full  flex_column_div av-zero-column-padding first  avia-builder-el-4  el_after_av_one_full  el_before_av_hr  column-top-margin\" style='border-radius:0px; '><section class=\"av_textblock_section \"  itemscope=\"itemscope\" itemtype=\"https:\/\/schema.org\/BlogPosting\" itemprop=\"blogPost\" ><div class='avia_textblock  '   itemprop=\"text\" ><p style=\"text-align: justify;\">El trabajo en terreno y el contacto directo con la ciudadan\u00eda ha entregado la posibilidad de crear proyectos y levantar iniciativas que nacen del dialogo entre la autoridad comunal y los vecinos. Muestra de ello es, la \u201cconstrucci\u00f3n del taller de fomento y desarrollo de la actividad campesina y artesana de La Junta\u201d. As\u00ed lo manifest\u00f3 el Alcalde, Francisco Roncagliolo Lepio, agregando que esta es la concreci\u00f3n de un compromiso establecido y que se replicar\u00e1 en otras localidades de la comuna de Cisnes.<\/p>\n<p style=\"text-align: justify;\">\u201cHace un tiempo atr\u00e1s establec\u00ed un compromiso, en una de las actividades donde conversamos con personas que realizar sus labores en el campo y lo que busc\u00e1bamos era generar un espacio donde puedan trabajar de la mejor forma posible con los productos locales y que contar\u00e1n con las autorizaciones correspondientes. Dentro de eso, comenzamos a trabajar con Subdere hace tiempo atr\u00e1s, en algo que no solo beneficiara a La Junta, lo mismo estamos replicando para Puyuhuapi y Ra\u00fal Mar\u00edn Balmaceda. Esto significa tener una infraestructura que le permita, por ejemplo, a\u00a0 nuestros vecinos que trabajan con mermeladas, a nuestros vecinos que trabajan con conservas, a los que elaboran otros productos en sus hogares, porque el conocimiento lo tienen, tienen la experiencia, pero con lo que siempre se topan, es no contar con el espacio y la resoluci\u00f3n sanitaria\u201d.<\/p>\n<p style=\"text-align: justify;\">Consiente en la necesidad de los campesinos y artesanos de la comuna en dar valor agregado a sus productos, el Alcalde Roncagliolo, en coordinaci\u00f3n con el equipo profesional y t\u00e9cnico del Municipio levantaron el proyecto, que buscar\u00e1 adem\u00e1s, dar competitividad a las creaciones locales.<\/p>\n<p style=\"text-align: justify;\">\u201cCada uno de nuestros vecinos con los que hemos conversado este tipo de situaciones y que nos han dicho, Alcalde para poder tener resoluci\u00f3n sanitaria tengo que modificar mi casa, para yo tener ese documento debo contratar personas que nos modifiquen la vivienda, no solamente en algo puntual, como por ejemplo, en los campos la estructura donde voy a trabajar, sino que tambi\u00e9n tener un sistema de alcantarillado y agua potable autorizado. Por lo mismo, eso genera complicaciones porque nuestros vecinos siguen haciendo sus productos, lo comienzan a vender sin tener la resoluci\u00f3n sanitaria y en ese sentido se pierde, por decirlo de alguna manera, competitividad y se pierde tambi\u00e9n la posibilidad de que puedan vender en otros lugares, porque tenemos productos muy buenos que se est\u00e1n haciendo ac\u00e1. Entonces, este futuro espacio va de la mano con las necesidades que ya tenemos instaladas en la localidad y cuando tengamos esto implementado, cuando tenga los insumos necesarios en forma interna, los vecinos podr\u00e1n venir a realizar sus productos en este lugar\u201d.<\/p>\n<p style=\"text-align: justify;\">Lo importante de este tipo de proyectos es la visi\u00f3n de la autoridad comunal, que en base a lo planteado por los vecinos recoge la inquietud que hoy ya se est\u00e1 construyendo, enfatiz\u00f3 el encargado regional de Subdere, Sebasti\u00e1n Ponce.<\/p>\n<p style=\"text-align: justify;\">\u201cY esperamos que como piloto, ah\u00ed tambi\u00e9n destacar el trabajo y la visi\u00f3n del Alcalde al escuchar a los vecinos, para instalar esta iniciativa que esperamos muy pronto est\u00e9 terminada, ya que es ejecutada mediante el programa de mejoramiento urbano. Estamos seguros de que este taller va a mejorar la calidad de vida de los vecinos que est\u00e1n emprendiendo, que est\u00e1n vendiendo productos y para nosotros como Gobierno es importante prestarles toda la ayuda, toda la infraestructura para que puedan salir adelante. Estos son recursos muy importantes para quienes se ver\u00e1n beneficiados y porque no pensar en cosas mayores, en cosas m\u00e1s importantes, como salir de la regi\u00f3n, salir de la comuna, tener productos que son muy destacados y muy valorados por la gente\u201d.<\/p>\n<p style=\"text-align: justify;\">Cerca de 60 millones de pesos son los que se invierten en el proyecto denominado, \u201cconstrucci\u00f3n del taller de fomento y desarrollo de la actividad campesina y artesana de La Junta\u201d. Esta es otra iniciativa levantada por la Ilustre Municipalidad de Cisnes en una nueva muestra de descentralizaci\u00f3n y trabajo coordinado con la Subsecretaria de Desarrollo Regional y Administrativo, entidad que financia esta y otras obras en la comuna.<\/p>\n<\/div><\/section><\/div><div  style='height:50px' class='hr hr-invisible   avia-builder-el-6  el_after_av_one_full  el_before_av_social_share '><span class='hr-inner ' ><span class='hr-inner-style'><\/span><\/span><\/div><\/p>\n<div  class='av-social-sharing-box  avia-builder-el-7  el_after_av_hr  el_before_av_hr  '><div class='av-share-box'><h5 class='av-share-link-description av-no-toc '>Compartir esta noticia<\/h5><ul class='av-share-box-list noLightbox'><li class='av-share-link av-social-link-facebook' ><a target=\"_blank\" aria-label=\"Compartir en Facebook\" href='https:\/\/www.facebook.com\/sharer.php?u=https:\/\/radiorevelacionfm.cl\/?p=4632&#038;t=En%20La%20Junta%20se%20construye%20primer%20Centro%20de%20Procesamiento%20de%20la%20regi%C3%B3n%20para%20campesinos%20y%20artesanos' aria-hidden='false' data-av_icon='\ue8f3' data-av_iconfont='entypo-fontello' title='' data-avia-related-tooltip='Compartir en Facebook' rel=\"noopener\"><span class='avia_hidden_link_text'>Compartir en Facebook<\/span><\/a><\/li><li class='av-share-link av-social-link-twitter' ><a target=\"_blank\" aria-label=\"Compartir en Twitter\" href='https:\/\/twitter.com\/share?text=En%20La%20Junta%20se%20construye%20primer%20Centro%20de%20Procesamiento%20de%20la%20regi%C3%B3n%20para%20campesinos%20y%20artesanos&#038;url=https:\/\/radiorevelacionfm.cl\/?p=4632' aria-hidden='false' data-av_icon='\ue8f1' data-av_iconfont='entypo-fontello' title='' data-avia-related-tooltip='Compartir en Twitter' rel=\"noopener\"><span class='avia_hidden_link_text'>Compartir en Twitter<\/span><\/a><\/li><li class='av-share-link av-social-link-whatsapp' ><a target=\"_blank\" aria-label=\"Compartir en Whatsapp\" href='https:\/\/api.whatsapp.com\/send?text=https:\/\/radiorevelacionfm.cl\/?p=4632' aria-hidden='false' data-av_icon='\uf232' data-av_iconfont='entypo-fontello' title='' data-avia-related-tooltip='Compartir en Whatsapp' rel=\"noopener\"><span class='avia_hidden_link_text'>Compartir en Whatsapp<\/span><\/a><\/li><li class='av-share-link av-social-link-linkedin' ><a target=\"_blank\" aria-label=\"Compartir en LinkedIn\" href='https:\/\/linkedin.com\/shareArticle?mini=true&#038;title=En%20La%20Junta%20se%20construye%20primer%20Centro%20de%20Procesamiento%20de%20la%20regi%C3%B3n%20para%20campesinos%20y%20artesanos&#038;url=https:\/\/radiorevelacionfm.cl\/?p=4632' aria-hidden='false' data-av_icon='\ue8fc' data-av_iconfont='entypo-fontello' title='' data-avia-related-tooltip='Compartir en LinkedIn' rel=\"noopener\"><span class='avia_hidden_link_text'>Compartir en LinkedIn<\/span><\/a><\/li><li class='av-share-link av-social-link-mail' ><a  aria-label=\"Compartir por correo\" href='mailto:?subject=En%20La%20Junta%20se%20construye%20primer%20Centro%20de%20Procesamiento%20de%20la%20regi%C3%B3n%20para%20campesinos%20y%20artesanos&#038;body=https:\/\/radiorevelacionfm.cl\/?p=4632' aria-hidden='false' data-av_icon='\ue805' data-av_iconfont='entypo-fontello' title='' data-avia-related-tooltip='Compartir por correo'><span class='avia_hidden_link_text'>Compartir por correo<\/span><\/a><\/li><\/ul><\/div><\/div>\n<div  style='height:50px' class='hr hr-invisible   avia-builder-el-8  el_after_av_social_share  el_before_av_comments_list '><span class='hr-inner ' ><span class='hr-inner-style'><\/span><\/span><\/div>\n<div  class='av-buildercomment  av-blog-meta-html-info-disabled av-blog-meta-tag-disabled  '><\/div>\n","protected":false},"excerpt":{"rendered":"","protected":false},"author":1,"featured_media":0,"comment_status":"open","ping_status":"open","sticky":false,"template":"","format":"standard","meta":{"footnotes":""},"categories":[38],"tags":[],"class_list":["post-4632","post","type-post","status-publish","format-standard","hentry","category-regional"],"jetpack_featured_media_url":"","_links":{"self":[{"href":"https:\/\/radiorevelacionfm.cl\/index.php?rest_route=\/wp\/v2\/posts\/4632","targetHints":{"allow":["GET"]}}],"collection":[{"href":"https:\/\/radiorevelacionfm.cl\/index.php?rest_route=\/wp\/v2\/posts"}],"about":[{"href":"https:\/\/radiorevelacionfm.cl\/index.php?rest_route=\/wp\/v2\/types\/post"}],"author":[{"embeddable":true,"href":"https:\/\/radiorevelacionfm.cl\/index.php?rest_route=\/wp\/v2\/users\/1"}],"replies":[{"embeddable":true,"href":"https:\/\/radiorevelacionfm.cl\/index.php?rest_route=%2Fwp%2Fv2%2Fcomments&post=4632"}],"version-history":[{"count":1,"href":"https:\/\/radiorevelacionfm.cl\/index.php?rest_route=\/wp\/v2\/posts\/4632\/revisions"}],"predecessor-version":[{"id":4634,"href":"https:\/\/radiorevelacionfm.cl\/index.php?rest_route=\/wp\/v2\/posts\/4632\/revisions\/4634"}],"wp:attachment":[{"href":"https:\/\/radiorevelacionfm.cl\/index.php?rest_route=%2Fwp%2Fv2%2Fmedia&parent=4632"}],"wp:term":[{"taxonomy":"category","embeddable":true,"href":"https:\/\/radiorevelacionfm.cl\/index.php?rest_route=%2Fwp%2Fv2%2Fcategories&post=4632"},{"taxonomy":"post_tag","embeddable":true,"href":"https:\/\/radiorevelacionfm.cl\/index.php?rest_route=%2Fwp%2Fv2%2Ftags&post=4632"}],"curies":[{"name":"wp","href":"https:\/\/api.w.org\/{rel}","templated":true}]}}