{"id":46317,"date":"2024-09-17T20:05:50","date_gmt":"2024-09-17T23:05:50","guid":{"rendered":"https:\/\/radiorevelacionfm.cl\/?p=46317"},"modified":"2024-09-17T20:05:50","modified_gmt":"2024-09-17T23:05:50","slug":"presidente-boric-en-esquinazo-subir-pensiones-es-cueca-no-nos-olvidamos-de-nuestros-jubilados-de-quienes-han-trabajado-toda-una-vida-y-que-se-han-echado-chile-al-hombro","status":"publish","type":"post","link":"https:\/\/radiorevelacionfm.cl\/?p=46317","title":{"rendered":"Presidente Boric en Esquinazo \u00abSubir pensiones, \u00a1es cueca!\u00bb: \u00abNo nos olvidamos de nuestros jubilados, de quienes han trabajado toda una vida y que se han echado Chile al hombro\u00bb"},"content":{"rendered":"<div class=\"flex_column av_one_full  flex_column_div av-zero-column-padding first  avia-builder-el-0  el_before_av_one_full  avia-builder-el-first  \" style='border-radius:0px; '><div  class='avia-image-container  av-styling-    avia-builder-el-1  avia-builder-el-no-sibling  avia-align-center '  itemprop=\"image\" itemscope=\"itemscope\" itemtype=\"https:\/\/schema.org\/ImageObject\"  ><div class='avia-image-container-inner'><div class='avia-image-overlay-wrap'><img decoding=\"async\" class='wp-image-46318 avia-img-lazy-loading-not-46318 avia_image' src=\"https:\/\/radiorevelacionfm.cl\/wp-content\/uploads\/2024\/09\/160924-esquinazo_2-1_optimized.jpg\" alt='' title='160924-esquinazo_2-(1)_optimized' height=\"600\" width=\"900\"  itemprop=\"thumbnailUrl\" srcset=\"https:\/\/radiorevelacionfm.cl\/wp-content\/uploads\/2024\/09\/160924-esquinazo_2-1_optimized.jpg 900w, https:\/\/radiorevelacionfm.cl\/wp-content\/uploads\/2024\/09\/160924-esquinazo_2-1_optimized-300x200.jpg 300w, https:\/\/radiorevelacionfm.cl\/wp-content\/uploads\/2024\/09\/160924-esquinazo_2-1_optimized-768x512.jpg 768w, https:\/\/radiorevelacionfm.cl\/wp-content\/uploads\/2024\/09\/160924-esquinazo_2-1_optimized-705x470.jpg 705w, https:\/\/radiorevelacionfm.cl\/wp-content\/uploads\/2024\/09\/160924-esquinazo_2-1_optimized-450x300.jpg 450w, https:\/\/radiorevelacionfm.cl\/wp-content\/uploads\/2024\/09\/160924-esquinazo_2-1_optimized-600x400.jpg 600w\" sizes=\"(max-width: 900px) 100vw, 900px\" \/><\/div><\/div><\/div><\/div><div class=\"flex_column av_one_full  flex_column_div av-zero-column-padding first  avia-builder-el-2  el_after_av_one_full  el_before_av_one_full  column-top-margin\" style='border-radius:0px; '><section class=\"av_textblock_section \"  itemscope=\"itemscope\" itemtype=\"https:\/\/schema.org\/BlogPosting\" itemprop=\"blogPost\" ><div class='avia_textblock  '   itemprop=\"text\" ><p style=\"text-align: center;\"><span style=\"font-size: 18pt;\"><b><span lang=\"ES-TRAD\">Presidente Boric en Esquinazo \u00abSubir pensiones, \u00a1es cueca!\u00bb: \u00abNo nos olvidamos de nuestros jubilados, de quienes han trabajado toda una vida y que se han echado Chile al hombro\u00bb<\/span><\/b><\/span><\/p>\n<div id=\"gtx-trans\" style=\"position: absolute; left: -50px; top: 4.31534px;\">\n<div class=\"gtx-trans-icon\"><\/div>\n<\/div>\n<\/div><\/section><\/div><div class=\"flex_column av_one_full  flex_column_div av-zero-column-padding first  avia-builder-el-4  el_after_av_one_full  el_before_av_hr  column-top-margin\" style='border-radius:0px; '><section class=\"av_textblock_section \"  itemscope=\"itemscope\" itemtype=\"https:\/\/schema.org\/BlogPosting\" itemprop=\"blogPost\" ><div class='avia_textblock  '   itemprop=\"text\" ><p class=\"v1gmail-MsoListParagraph\" style=\"text-align: justify;\"><i><span lang=\"ES-TRAD\">La ministra Jeannette Jara hizo un llamado a alcanzar acuerdos para mejorar las pensiones de los actuales jubilados, sobre todo, de las mujeres.\u00a0<\/span><\/i><i><\/i><\/p>\n<p class=\"v1gmail-MsoListParagraph\" style=\"text-align: justify;\"><span lang=\"ES-TRAD\">El Presidente de la Rep\u00fablica, Gabriel Boric Font, y la ministra del Trabajo y Previsi\u00f3n Social, Jeannette Jara, participaron este lunes en la segunda versi\u00f3n del Esquinazo \u00abSubir las pensiones, \u00a1es cueca!\u00bb, en el marco de la tramitaci\u00f3n de la reforma previsional en el Congreso y ante el inicio de las Fiestas Patrias.\u00a0<\/span><\/p>\n<p class=\"v1gmail-MsoListParagraph\" style=\"text-align: justify;\"><span lang=\"ES-TRAD\">En la actividad, que se llev\u00f3 a cabo en el frontis del Ministerio del Trabajo y Previsi\u00f3n Social, el jefe de Estado indic\u00f3 que \u00aben medio de las celebraciones, no nos olvidamos de nuestros jubilados; de quienes han trabajado toda una vida y que se han echado Chile al hombro. Y que, sin embargo, producto de un sistema injusto, al d\u00eda de hoy no les alcanza para una vida digna. Hoy y esta semana es un momento de encuentro entre los chilenos y chilenas. Es un momento de mirarse a los ojos, de querernos, de valorar nuestra historia y tambi\u00e9n es un momento de pensar en los pendientes que tenemos, en toda la gente a la que le debemos el Chile que hoy d\u00eda estamos. Porque han trabajado mucho para tener tan poco y eso es injusto\u00bb.<\/span><\/p>\n<p class=\"v1gmail-MsoListParagraph\" style=\"text-align: justify;\"><span lang=\"ES-TRAD\">Tambi\u00e9n estuvieron presentes las ministras de Interior, Carolina Toh\u00e1; de la Secretar\u00eda General de Gobierno, Camila Vallejo; de Desarrollo Social y Familia, Javiera Toro; y de Bienes Nacionales, Marcela Sandoval; el ministro la Secretar\u00eda General de la Presidencia, \u00c1lvaro Elizalde; y el subsecretario de Previsi\u00f3n Social, Claudio Reyes.<\/span><\/p>\n<p class=\"v1gmail-MsoListParagraph\" style=\"text-align: justify;\"><span lang=\"ES-TRAD\">Adem\u00e1s, asistieron las diputadas Gael Yeomans, Alejandra Placencia y Claudia Mix, el diputado Leonardo Soto y representantes de organizaciones sociales, como de la vicepresidencia de Adultos Mayores de la CUT y la Asociaci\u00f3n Gremial Nacional de Pensionados del Sistema Privado de Pensiones de Chile (Anacpen).\u00a0\u00a0<\/span><\/p>\n<p class=\"v1gmail-MsoListParagraph\" style=\"text-align: justify;\"><span lang=\"ES-TRAD\">La ministra Jara se\u00f1al\u00f3 que \u00abnosotros tenemos un acuerdo de tramitaci\u00f3n con la oposici\u00f3n, lo que implica que este proyecto se va a despachar del Senado en enero del 2025. Sin embargo, lo que no tenemos es un acuerdo y un compromiso de los contenidos del proyecto de ley con la oposici\u00f3n, porque se han mostrado bastante duros para poder negociar en esta materia. Nosotros hemos cedido bastante como Gobierno, hemos buscado el bienestar de los actuales y de los futuros pensionados, pero necesitamos que tambi\u00e9n, por amor a Chile, la oposici\u00f3n haga este gesto y ceda\u00bb.\u00a0<\/span><\/p>\n<p class=\"v1gmail-MsoListParagraph\" style=\"text-align: justify;\"><span lang=\"ES-TRAD\">\u00abSi no hay Seguro Social, no le vamos a poder subir la pensi\u00f3n a las mujeres y a los actuales jubilados. Esa es la realidad y en eso necesitamos que se ceda, porque aqu\u00ed las personas mayores ya cotizaron, ya tuvieron una trayectoria laboral, ya contribuyeron al pa\u00eds. Por tanto, la forma de incrementar sus pensiones va a ser v\u00eda la PGU, en el aumento de los $ 250.000, pero tambi\u00e9n en el reconocimiento de los a\u00f1os que cotizaron (a trav\u00e9s del Seguro Social)\u00bb, agreg\u00f3 la secretaria de Estado.\u00a0<\/span><\/p>\n<p class=\"v1gmail-MsoListParagraph\" style=\"text-align: justify;\"><span lang=\"ES-TRAD\">La ministra Vallejo coment\u00f3, en tanto, que \u00abquerer a Chile, no es solo celebrar en estos momentos, no es solamente honrar nuestros s\u00edmbolos patrios, que es muy importante, sino que significa trabajar d\u00eda a d\u00eda por nuestro pa\u00eds, por su justicia social, por una democracia m\u00e1s fortalecida. Querer a Chile significa sacar adelante la reforma de pensiones para que nuestros jubilados y jubiladas, cuando les llegue la pensi\u00f3n a fin de mes, no tengan angustia, sino que tengan una sonrisa\u00bb.<\/span><\/p>\n<p class=\"v1gmail-MsoListParagraph\" style=\"text-align: justify;\"><span lang=\"ES\">Por su parte, la ministra Toro indic\u00f3 que \u00abcuando hablamos de la realidad de las personas mayores, personas que tienen pensiones que no alcanzan para vivir, hablamos de una precariedad que parece que no todos conocen (&#8230;) Como Ministerio estamos impulsando la Ley de Envejecimiento Digno y Saludable, que es el fruto de entender que las personas mayores necesitan del apoyo del Estado; esperamos que eso se traduzca tambi\u00e9n en la aprobaci\u00f3n de la reforma previsional\u00bb.<\/span><\/p>\n<p class=\"v1gmail-MsoListParagraph\" style=\"text-align: justify;\"><span lang=\"ES-TRAD\">El esquinazo cont\u00f3 con la presencia del grupo de m\u00fasica folcl\u00f3rica \u00abBrisas de mi tierra\u00bb y el reconocido payador Manuel S\u00e1nchez, entre otros artistas.\u00a0<\/span><\/p>\n<p class=\"v1gmail-MsoListParagraph\" style=\"text-align: justify;\"><span lang=\"ES-TRAD\">Cabe recordar que el Gobierno present\u00f3 la reforma previsional al Congreso Nacional en noviembre de 2022. El proyecto fue despachado de su primer tr\u00e1mite constitucional, en la C\u00e1mara de Diputadas y Diputados, en enero de 2024, pasando as\u00ed al Senado.<\/span><\/p>\n<p class=\"v1gmail-MsoListParagraph\" style=\"text-align: justify;\"><span lang=\"ES-TRAD\">Actualmente, la iniciativa se discute en la Comisi\u00f3n de Trabajo y Previsi\u00f3n Social de la C\u00e1mara Alta, instancia que ya aprob\u00f3, ad refer\u00e9ndum, la ampliaci\u00f3n del Seguro de Lagunas Previsionales del Seguro de Cesant\u00eda y el aumento del tope imponible, medidas que apuntan a incrementar el ahorro para pensiones y que contaron con el acuerdo transversal de los parlamentarios de la instancia y de los expertos de la Comisi\u00f3n T\u00e9cnica que se cre\u00f3 bajo su alero.<\/span><\/p>\n<p class=\"v1gmail-MsoListParagraph\" style=\"text-align: justify;\"><span lang=\"ES-TRAD\">Por otro lado, un protocolo de acuerdo suscrito entre Gobierno, senadores de oficialismo y oposici\u00f3n establece que la reforma debe ser despachada a m\u00e1s tardar en enero de 2025 de su segundo tr\u00e1mite constitucional.\u00a0<\/span><\/p>\n<p class=\"v1gmail-MsoListParagraph\" style=\"text-align: justify;\"><span lang=\"ES\">\u00a0<\/span><\/p>\n<\/div><\/section><\/div><div  style='height:50px' class='hr hr-invisible   avia-builder-el-6  el_after_av_one_full  el_before_av_social_share '><span class='hr-inner ' ><span class='hr-inner-style'><\/span><\/span><\/div><\/p>\n<div  class='av-social-sharing-box  avia-builder-el-7  el_after_av_hr  el_before_av_hr  '><div class='av-share-box'><h5 class='av-share-link-description av-no-toc '>Compartir esta noticia<\/h5><ul class='av-share-box-list noLightbox'><li class='av-share-link av-social-link-facebook' ><a target=\"_blank\" aria-label=\"Compartir en Facebook\" href='https:\/\/www.facebook.com\/sharer.php?u=https:\/\/radiorevelacionfm.cl\/?p=46317&#038;t=Presidente%20Boric%20en%20Esquinazo%20%C2%ABSubir%20pensiones%2C%20%C2%A1es%20cueca%21%C2%BB%3A%20%C2%ABNo%20nos%20olvidamos%20de%20nuestros%20jubilados%2C%20de%20quienes%20han%20trabajado%20toda%20una%20vida%20y%20que%20se%20han%20echado%20Chile%20al%20hombro%C2%BB' aria-hidden='false' data-av_icon='\ue8f3' data-av_iconfont='entypo-fontello' title='' data-avia-related-tooltip='Compartir en Facebook' rel=\"noopener\"><span class='avia_hidden_link_text'>Compartir en Facebook<\/span><\/a><\/li><li class='av-share-link av-social-link-twitter' ><a target=\"_blank\" aria-label=\"Compartir en Twitter\" href='https:\/\/twitter.com\/share?text=Presidente%20Boric%20en%20Esquinazo%20%C2%ABSubir%20pensiones%2C%20%C2%A1es%20cueca%21%C2%BB%3A%20%C2%ABNo%20nos%20olvidamos%20de%20nuestros%20jubilados%2C%20de%20quienes%20han%20trabajado%20toda%20una%20vida%20y%20que%20se%20han%20echado%20Chile%20al%20hombro%C2%BB&#038;url=https:\/\/radiorevelacionfm.cl\/?p=46317' aria-hidden='false' data-av_icon='\ue8f1' data-av_iconfont='entypo-fontello' title='' data-avia-related-tooltip='Compartir en Twitter' rel=\"noopener\"><span class='avia_hidden_link_text'>Compartir en Twitter<\/span><\/a><\/li><li class='av-share-link av-social-link-whatsapp' ><a target=\"_blank\" aria-label=\"Compartir en Whatsapp\" href='https:\/\/api.whatsapp.com\/send?text=https:\/\/radiorevelacionfm.cl\/?p=46317' aria-hidden='false' data-av_icon='\uf232' data-av_iconfont='entypo-fontello' title='' data-avia-related-tooltip='Compartir en Whatsapp' rel=\"noopener\"><span class='avia_hidden_link_text'>Compartir en Whatsapp<\/span><\/a><\/li><li class='av-share-link av-social-link-linkedin' ><a target=\"_blank\" aria-label=\"Compartir en LinkedIn\" href='https:\/\/linkedin.com\/shareArticle?mini=true&#038;title=Presidente%20Boric%20en%20Esquinazo%20%C2%ABSubir%20pensiones%2C%20%C2%A1es%20cueca%21%C2%BB%3A%20%C2%ABNo%20nos%20olvidamos%20de%20nuestros%20jubilados%2C%20de%20quienes%20han%20trabajado%20toda%20una%20vida%20y%20que%20se%20han%20echado%20Chile%20al%20hombro%C2%BB&#038;url=https:\/\/radiorevelacionfm.cl\/?p=46317' aria-hidden='false' data-av_icon='\ue8fc' data-av_iconfont='entypo-fontello' title='' data-avia-related-tooltip='Compartir en LinkedIn' rel=\"noopener\"><span class='avia_hidden_link_text'>Compartir en LinkedIn<\/span><\/a><\/li><li class='av-share-link av-social-link-mail' ><a  aria-label=\"Compartir por correo\" href='mailto:?subject=Presidente%20Boric%20en%20Esquinazo%20%C2%ABSubir%20pensiones%2C%20%C2%A1es%20cueca%21%C2%BB%3A%20%C2%ABNo%20nos%20olvidamos%20de%20nuestros%20jubilados%2C%20de%20quienes%20han%20trabajado%20toda%20una%20vida%20y%20que%20se%20han%20echado%20Chile%20al%20hombro%C2%BB&#038;body=https:\/\/radiorevelacionfm.cl\/?p=46317' aria-hidden='false' data-av_icon='\ue805' data-av_iconfont='entypo-fontello' title='' data-avia-related-tooltip='Compartir por correo'><span class='avia_hidden_link_text'>Compartir por correo<\/span><\/a><\/li><\/ul><\/div><\/div>\n<div  style='height:50px' class='hr hr-invisible   avia-builder-el-8  el_after_av_social_share  el_before_av_comments_list '><span class='hr-inner ' ><span class='hr-inner-style'><\/span><\/span><\/div>\n<div  class='av-buildercomment  av-blog-meta-html-info-disabled av-blog-meta-tag-disabled  '><\/div>\n","protected":false},"excerpt":{"rendered":"","protected":false},"author":1,"featured_media":46318,"comment_status":"open","ping_status":"open","sticky":false,"template":"","format":"standard","meta":{"footnotes":""},"categories":[61],"tags":[],"class_list":["post-46317","post","type-post","status-publish","format-standard","has-post-thumbnail","hentry","category-nacional"],"jetpack_featured_media_url":"https:\/\/radiorevelacionfm.cl\/wp-content\/uploads\/2024\/09\/160924-esquinazo_2-1_optimized.jpg","_links":{"self":[{"href":"https:\/\/radiorevelacionfm.cl\/index.php?rest_route=\/wp\/v2\/posts\/46317","targetHints":{"allow":["GET"]}}],"collection":[{"href":"https:\/\/radiorevelacionfm.cl\/index.php?rest_route=\/wp\/v2\/posts"}],"about":[{"href":"https:\/\/radiorevelacionfm.cl\/index.php?rest_route=\/wp\/v2\/types\/post"}],"author":[{"embeddable":true,"href":"https:\/\/radiorevelacionfm.cl\/index.php?rest_route=\/wp\/v2\/users\/1"}],"replies":[{"embeddable":true,"href":"https:\/\/radiorevelacionfm.cl\/index.php?rest_route=%2Fwp%2Fv2%2Fcomments&post=46317"}],"version-history":[{"count":1,"href":"https:\/\/radiorevelacionfm.cl\/index.php?rest_route=\/wp\/v2\/posts\/46317\/revisions"}],"predecessor-version":[{"id":46319,"href":"https:\/\/radiorevelacionfm.cl\/index.php?rest_route=\/wp\/v2\/posts\/46317\/revisions\/46319"}],"wp:featuredmedia":[{"embeddable":true,"href":"https:\/\/radiorevelacionfm.cl\/index.php?rest_route=\/wp\/v2\/media\/46318"}],"wp:attachment":[{"href":"https:\/\/radiorevelacionfm.cl\/index.php?rest_route=%2Fwp%2Fv2%2Fmedia&parent=46317"}],"wp:term":[{"taxonomy":"category","embeddable":true,"href":"https:\/\/radiorevelacionfm.cl\/index.php?rest_route=%2Fwp%2Fv2%2Fcategories&post=46317"},{"taxonomy":"post_tag","embeddable":true,"href":"https:\/\/radiorevelacionfm.cl\/index.php?rest_route=%2Fwp%2Fv2%2Ftags&post=46317"}],"curies":[{"name":"wp","href":"https:\/\/api.w.org\/{rel}","templated":true}]}}