{"id":46314,"date":"2024-09-17T18:52:22","date_gmt":"2024-09-17T21:52:22","guid":{"rendered":"https:\/\/radiorevelacionfm.cl\/?p=46314"},"modified":"2024-09-24T18:52:40","modified_gmt":"2024-09-24T21:52:40","slug":"a-horas-de-fiestas-patrias-mocion-eleva-sanciones-a-la-conduccion-en-estado-de-ebriedad","status":"publish","type":"post","link":"https:\/\/radiorevelacionfm.cl\/?p=46314","title":{"rendered":"A horas de Fiestas Patrias: moci\u00f3n eleva sanciones a la conducci\u00f3n en estado de ebriedad"},"content":{"rendered":"<div class=\"flex_column av_one_full  flex_column_div av-zero-column-padding first  avia-builder-el-0  el_before_av_one_full  avia-builder-el-first  \" style='border-radius:0px; '><div  class='avia-image-container  av-styling-    avia-builder-el-1  avia-builder-el-no-sibling  avia-align-center '  itemprop=\"image\" itemscope=\"itemscope\" itemtype=\"https:\/\/schema.org\/ImageObject\"  ><div class='avia-image-container-inner'><div class='avia-image-overlay-wrap'><img decoding=\"async\" class='wp-image-46315 avia-img-lazy-loading-not-46315 avia_image' src=\"https:\/\/radiorevelacionfm.cl\/wp-content\/uploads\/2024\/09\/shutterstock_2143645929-1_optimized.jpg\" alt='' title='shutterstock_2143645929-(1)_optimized' height=\"600\" width=\"900\"  itemprop=\"thumbnailUrl\" srcset=\"https:\/\/radiorevelacionfm.cl\/wp-content\/uploads\/2024\/09\/shutterstock_2143645929-1_optimized.jpg 900w, https:\/\/radiorevelacionfm.cl\/wp-content\/uploads\/2024\/09\/shutterstock_2143645929-1_optimized-300x200.jpg 300w, https:\/\/radiorevelacionfm.cl\/wp-content\/uploads\/2024\/09\/shutterstock_2143645929-1_optimized-768x512.jpg 768w, https:\/\/radiorevelacionfm.cl\/wp-content\/uploads\/2024\/09\/shutterstock_2143645929-1_optimized-705x470.jpg 705w, https:\/\/radiorevelacionfm.cl\/wp-content\/uploads\/2024\/09\/shutterstock_2143645929-1_optimized-450x300.jpg 450w, https:\/\/radiorevelacionfm.cl\/wp-content\/uploads\/2024\/09\/shutterstock_2143645929-1_optimized-600x400.jpg 600w\" sizes=\"(max-width: 900px) 100vw, 900px\" \/><\/div><\/div><\/div><\/div><div class=\"flex_column av_one_full  flex_column_div av-zero-column-padding first  avia-builder-el-2  el_after_av_one_full  el_before_av_one_full  column-top-margin\" style='border-radius:0px; '><section class=\"av_textblock_section \"  itemscope=\"itemscope\" itemtype=\"https:\/\/schema.org\/BlogPosting\" itemprop=\"blogPost\" ><div class='avia_textblock  '   itemprop=\"text\" ><p style=\"text-align: center;\"><strong><span style=\"font-size: 18pt;\">A horas de Fiestas Patrias: moci\u00f3n eleva sanciones a la conducci\u00f3n en estado de ebriedad<\/span><\/strong><\/p>\n<h1><\/h1>\n<div id=\"gtx-trans\" style=\"position: absolute; left: -50px; top: 4.31534px;\">\n<div class=\"gtx-trans-icon\"><\/div>\n<\/div>\n<\/div><\/section><\/div><div class=\"flex_column av_one_full  flex_column_div av-zero-column-padding first  avia-builder-el-4  el_after_av_one_full  el_before_av_hr  column-top-margin\" style='border-radius:0px; '><section class=\"av_textblock_section \"  itemscope=\"itemscope\" itemtype=\"https:\/\/schema.org\/BlogPosting\" itemprop=\"blogPost\" ><div class='avia_textblock  '   itemprop=\"text\" ><p style=\"text-align: justify;\">Si la propuesta es aprobada, los infractores se expondr\u00e1n a presidio menor en su grado m\u00ednimo; y multa de diez a veinte UTM. En el caso de reincidencia, adem\u00e1s sufrir\u00e1n la cancelaci\u00f3n de la licencia de conducci\u00f3n. Todo esto si no se causan lesiones.<\/p>\n<p style=\"text-align: justify;\">Hace exactamente un a\u00f1o, se dio a conocer el estudio \u201cCaracterizaci\u00f3n del consumo de bebidas con alcohol durante Fiestas Patrias\u201d, elaborado por la Asociaci\u00f3n Pro Consumo Responsable de Bebidas Espirituosas (Aprocor). \u00c9ste aborda la baja percepci\u00f3n de riesgo que existe entre los conductores al momento de subirse a un veh\u00edculo en estado de ebriedad.<\/p>\n<p style=\"text-align: justify;\">De hecho,\u00a0uno de cada tres chilenos considera \u201csocialmente aceptable\u201d manejar bajo los efectos del alcohol. Un 50% cree f\u00e1cil evitar un control policial gracias a la capacidad de detectar anticipadamente los principales puntos de fiscalizaci\u00f3n (gracias a las aplicaciones). Un 65% teme m\u00e1s ser detenido por la autoridad que causar un accidente que les provoque da\u00f1os f\u00edsicos o la muerte (14%).<\/p>\n<p style=\"text-align: justify;\">As\u00ed las cosas, los senadores\u00a0Sebasti\u00e1n Keitel y Alejandro Kusanovic\u00a0presentaron una moci\u00f3n que\u00a0eleva las sanciones aplicables a quienes infrinjan la prohibici\u00f3n de conducir veh\u00edculos en estado de ebriedad o bajo la influencia de sustancias estupefacientes o sicotr\u00f3picas.<\/p>\n<p style=\"text-align: justify;\">La propuesta que ser\u00e1 vista por la <a href=\"https:\/\/www.senado.cl\/actividad-legislativa\/comisiones\/198\">Comisi\u00f3n de Transportes y Telecomunicaciones<\/a>, establece ahora que la prohibici\u00f3n de conducir en estado de ebriedad o bajo la influencia de sustancias estupefacientes o sicotr\u00f3picas, ser\u00e1 sancionada con:<\/p>\n<ul>\n<li>Pena de presidio menor en su grado m\u00ednimo<\/li>\n<li>Multa de diez a veinte Unidades Tributarias Mensuales (UTM) (de 663 mil a 1 mill\u00f3n 300 mil pesos)<\/li>\n<li>Suspensi\u00f3n de la licencia para conducir veh\u00edculos motorizados por el t\u00e9rmino de dos a\u00f1os y, finalmente<\/li>\n<li>Cancelaci\u00f3n de la licencia al ser sorprendido en una segunda ocasi\u00f3n, ya sea que no se ocasione da\u00f1o alguno, o que con ello se causen da\u00f1os materiales o lesiones leves. Se reputar\u00e1n leves, para estos efectos, todas las lesiones que produzcan al ofendido enfermedad o incapacidad por un tiempo no mayor de siete d\u00edas.<\/li>\n<\/ul>\n<p>Si, a consecuencia de esa conducci\u00f3n, se causaren lesiones graves o menos graves, se impondr\u00e1:<\/p>\n<ul>\n<li>Pena de presidio menor en su grado medio<\/li>\n<li>Multa de cincuenta a cien Unidades Tributarias Mensuales (UTM) (de 3 millones 300 mil a 6 millones 600 mil pesos<\/li>\n<li>Suspensi\u00f3n de la licencia de conducir por el t\u00e9rmino de treinta y seis meses en el caso de producirse lesiones menos graves.<\/li>\n<li>En el caso de lesiones graves, el juez deber\u00e1 decretar la cancelaci\u00f3n de la licencia.<\/li>\n<\/ul>\n<p style=\"text-align: justify;\">Cabe consignar que seg\u00fan la Comisi\u00f3n Nacional de Seguridad de Tr\u00e1nsito (CONASET), \u201cdurante el 2022, la causa Alcohol en el Conductor present\u00f3 un aumento del 15,8% en los siniestros de tr\u00e1nsito, un 121,6% en las personas fallecidas y un 13,4% en el total de lesionados. En los \u00faltimos 10 a\u00f1os, esta causal, se ha posicionado en el cuarto lugar de los fallecidos por siniestros de tr\u00e1nsito, manteniendo la misma posici\u00f3n el 2022\u201d.<\/p>\n<p style=\"text-align: justify;\">El organismo consigna que \u201cla regi\u00f3n con mayor n\u00famero de siniestros por Alcohol en el Conductor fue la Metropolitana con 1.495 siniestros, seguida por El Maule con 922. Las regiones con mayor n\u00famero de fallecidos por esta causa fueron Metropolitana, O\u00b4Higgins, Biob\u00edo y La Araucan\u00eda mientras que el choque fue el tipo de siniestro con mayor ocurrencia (47,5%) asociado a esta causa y la colisi\u00f3n la que dej\u00f3 la cifra m\u00e1s alta de fallecidos (36,3%).<\/p>\n<\/div><\/section><\/div><div  style='height:50px' class='hr hr-invisible   avia-builder-el-6  el_after_av_one_full  el_before_av_social_share '><span class='hr-inner ' ><span class='hr-inner-style'><\/span><\/span><\/div><\/p>\n<div  class='av-social-sharing-box  avia-builder-el-7  el_after_av_hr  el_before_av_hr  '><div class='av-share-box'><h5 class='av-share-link-description av-no-toc '>Compartir esta noticia<\/h5><ul class='av-share-box-list noLightbox'><li class='av-share-link av-social-link-facebook' ><a target=\"_blank\" aria-label=\"Compartir en Facebook\" href='https:\/\/www.facebook.com\/sharer.php?u=https:\/\/radiorevelacionfm.cl\/?p=46314&#038;t=A%20horas%20de%20Fiestas%20Patrias%3A%20moci%C3%B3n%20eleva%20sanciones%20a%20la%20conducci%C3%B3n%20en%20estado%20de%20ebriedad' aria-hidden='false' data-av_icon='\ue8f3' data-av_iconfont='entypo-fontello' title='' data-avia-related-tooltip='Compartir en Facebook' rel=\"noopener\"><span class='avia_hidden_link_text'>Compartir en Facebook<\/span><\/a><\/li><li class='av-share-link av-social-link-twitter' ><a target=\"_blank\" aria-label=\"Compartir en Twitter\" href='https:\/\/twitter.com\/share?text=A%20horas%20de%20Fiestas%20Patrias%3A%20moci%C3%B3n%20eleva%20sanciones%20a%20la%20conducci%C3%B3n%20en%20estado%20de%20ebriedad&#038;url=https:\/\/radiorevelacionfm.cl\/?p=46314' aria-hidden='false' data-av_icon='\ue8f1' data-av_iconfont='entypo-fontello' title='' data-avia-related-tooltip='Compartir en Twitter' rel=\"noopener\"><span class='avia_hidden_link_text'>Compartir en Twitter<\/span><\/a><\/li><li class='av-share-link av-social-link-whatsapp' ><a target=\"_blank\" aria-label=\"Compartir en Whatsapp\" href='https:\/\/api.whatsapp.com\/send?text=https:\/\/radiorevelacionfm.cl\/?p=46314' aria-hidden='false' data-av_icon='\uf232' data-av_iconfont='entypo-fontello' title='' data-avia-related-tooltip='Compartir en Whatsapp' rel=\"noopener\"><span class='avia_hidden_link_text'>Compartir en Whatsapp<\/span><\/a><\/li><li class='av-share-link av-social-link-linkedin' ><a target=\"_blank\" aria-label=\"Compartir en LinkedIn\" href='https:\/\/linkedin.com\/shareArticle?mini=true&#038;title=A%20horas%20de%20Fiestas%20Patrias%3A%20moci%C3%B3n%20eleva%20sanciones%20a%20la%20conducci%C3%B3n%20en%20estado%20de%20ebriedad&#038;url=https:\/\/radiorevelacionfm.cl\/?p=46314' aria-hidden='false' data-av_icon='\ue8fc' data-av_iconfont='entypo-fontello' title='' data-avia-related-tooltip='Compartir en LinkedIn' rel=\"noopener\"><span class='avia_hidden_link_text'>Compartir en LinkedIn<\/span><\/a><\/li><li class='av-share-link av-social-link-mail' ><a  aria-label=\"Compartir por correo\" href='mailto:?subject=A%20horas%20de%20Fiestas%20Patrias%3A%20moci%C3%B3n%20eleva%20sanciones%20a%20la%20conducci%C3%B3n%20en%20estado%20de%20ebriedad&#038;body=https:\/\/radiorevelacionfm.cl\/?p=46314' aria-hidden='false' data-av_icon='\ue805' data-av_iconfont='entypo-fontello' title='' data-avia-related-tooltip='Compartir por correo'><span class='avia_hidden_link_text'>Compartir por correo<\/span><\/a><\/li><\/ul><\/div><\/div>\n<div  style='height:50px' class='hr hr-invisible   avia-builder-el-8  el_after_av_social_share  el_before_av_comments_list '><span class='hr-inner ' ><span class='hr-inner-style'><\/span><\/span><\/div>\n<div  class='av-buildercomment  av-blog-meta-html-info-disabled av-blog-meta-tag-disabled  '><\/div>\n","protected":false},"excerpt":{"rendered":"","protected":false},"author":1,"featured_media":46315,"comment_status":"open","ping_status":"open","sticky":false,"template":"","format":"standard","meta":{"footnotes":""},"categories":[61],"tags":[],"class_list":["post-46314","post","type-post","status-publish","format-standard","has-post-thumbnail","hentry","category-nacional"],"jetpack_featured_media_url":"https:\/\/radiorevelacionfm.cl\/wp-content\/uploads\/2024\/09\/shutterstock_2143645929-1_optimized.jpg","_links":{"self":[{"href":"https:\/\/radiorevelacionfm.cl\/index.php?rest_route=\/wp\/v2\/posts\/46314","targetHints":{"allow":["GET"]}}],"collection":[{"href":"https:\/\/radiorevelacionfm.cl\/index.php?rest_route=\/wp\/v2\/posts"}],"about":[{"href":"https:\/\/radiorevelacionfm.cl\/index.php?rest_route=\/wp\/v2\/types\/post"}],"author":[{"embeddable":true,"href":"https:\/\/radiorevelacionfm.cl\/index.php?rest_route=\/wp\/v2\/users\/1"}],"replies":[{"embeddable":true,"href":"https:\/\/radiorevelacionfm.cl\/index.php?rest_route=%2Fwp%2Fv2%2Fcomments&post=46314"}],"version-history":[{"count":1,"href":"https:\/\/radiorevelacionfm.cl\/index.php?rest_route=\/wp\/v2\/posts\/46314\/revisions"}],"predecessor-version":[{"id":46316,"href":"https:\/\/radiorevelacionfm.cl\/index.php?rest_route=\/wp\/v2\/posts\/46314\/revisions\/46316"}],"wp:featuredmedia":[{"embeddable":true,"href":"https:\/\/radiorevelacionfm.cl\/index.php?rest_route=\/wp\/v2\/media\/46315"}],"wp:attachment":[{"href":"https:\/\/radiorevelacionfm.cl\/index.php?rest_route=%2Fwp%2Fv2%2Fmedia&parent=46314"}],"wp:term":[{"taxonomy":"category","embeddable":true,"href":"https:\/\/radiorevelacionfm.cl\/index.php?rest_route=%2Fwp%2Fv2%2Fcategories&post=46314"},{"taxonomy":"post_tag","embeddable":true,"href":"https:\/\/radiorevelacionfm.cl\/index.php?rest_route=%2Fwp%2Fv2%2Ftags&post=46314"}],"curies":[{"name":"wp","href":"https:\/\/api.w.org\/{rel}","templated":true}]}}