{"id":46311,"date":"2024-09-17T12:07:24","date_gmt":"2024-09-17T15:07:24","guid":{"rendered":"https:\/\/radiorevelacionfm.cl\/?p=46311"},"modified":"2024-09-17T12:07:24","modified_gmt":"2024-09-17T15:07:24","slug":"junji-aysen-conmemora-el-dia-de-la-mujer-indigena-destacando-la-labor-de-las-kimelfe-con-un-conversatorio","status":"publish","type":"post","link":"https:\/\/radiorevelacionfm.cl\/?p=46311","title":{"rendered":"Junji Ays\u00e9n conmemora el d\u00eda de la mujer ind\u00edgena destacando la labor de las Kimelfe con un conversatorio"},"content":{"rendered":"<div class=\"flex_column av_one_full  flex_column_div av-zero-column-padding first  avia-builder-el-0  el_before_av_one_full  avia-builder-el-first  \" style='border-radius:0px; '><div  class='avia-image-container  av-styling-    avia-builder-el-1  avia-builder-el-no-sibling  avia-align-center '  itemprop=\"image\" itemscope=\"itemscope\" itemtype=\"https:\/\/schema.org\/ImageObject\"  ><div class='avia-image-container-inner'><div class='avia-image-overlay-wrap'><img decoding=\"async\" class='wp-image-46312 avia-img-lazy-loading-not-46312 avia_image' src=\"https:\/\/radiorevelacionfm.cl\/wp-content\/uploads\/2024\/09\/img_9233-1_optimized.jpg\" alt='' title='img_9233-(1)_optimized' height=\"600\" width=\"800\"  itemprop=\"thumbnailUrl\" srcset=\"https:\/\/radiorevelacionfm.cl\/wp-content\/uploads\/2024\/09\/img_9233-1_optimized.jpg 800w, https:\/\/radiorevelacionfm.cl\/wp-content\/uploads\/2024\/09\/img_9233-1_optimized-300x225.jpg 300w, https:\/\/radiorevelacionfm.cl\/wp-content\/uploads\/2024\/09\/img_9233-1_optimized-768x576.jpg 768w, https:\/\/radiorevelacionfm.cl\/wp-content\/uploads\/2024\/09\/img_9233-1_optimized-705x529.jpg 705w, https:\/\/radiorevelacionfm.cl\/wp-content\/uploads\/2024\/09\/img_9233-1_optimized-450x338.jpg 450w, https:\/\/radiorevelacionfm.cl\/wp-content\/uploads\/2024\/09\/img_9233-1_optimized-600x450.jpg 600w\" sizes=\"(max-width: 800px) 100vw, 800px\" \/><\/div><\/div><\/div><\/div><div class=\"flex_column av_one_full  flex_column_div av-zero-column-padding first  avia-builder-el-2  el_after_av_one_full  el_before_av_one_full  column-top-margin\" style='border-radius:0px; '><section class=\"av_textblock_section \"  itemscope=\"itemscope\" itemtype=\"https:\/\/schema.org\/BlogPosting\" itemprop=\"blogPost\" ><div class='avia_textblock  '   itemprop=\"text\" ><p style=\"text-align: center;\"><span style=\"font-size: 18pt;\"><b>Junji Ays\u00e9n conmemora el d\u00eda de la mujer ind\u00edgena destacando la labor de las Kimelfe con un conversatorio<\/b><\/span><\/p>\n<div id=\"gtx-trans\" style=\"position: absolute; left: -50px; top: 4.31534px;\">\n<div class=\"gtx-trans-icon\"><\/div>\n<\/div>\n<\/div><\/section><\/div><div class=\"flex_column av_one_full  flex_column_div av-zero-column-padding first  avia-builder-el-4  el_after_av_one_full  el_before_av_hr  column-top-margin\" style='border-radius:0px; '><section class=\"av_textblock_section \"  itemscope=\"itemscope\" itemtype=\"https:\/\/schema.org\/BlogPosting\" itemprop=\"blogPost\" ><div class='avia_textblock  '   itemprop=\"text\" ><p style=\"text-align: justify;\">Con \u201cKim zomo: el valor de la mujer mapuche en las pr\u00e1cticas educativas de JUNJI\u201d la mesa de g\u00e9nero institucional busc\u00f3 destacar el rol de la mujer ind\u00edgena a trav\u00e9s de la puesta en valor de los saberes tradicionales que se incorporan en los jardines infantiles a trav\u00e9s de las kimelfe. Lo que potencia procesos educativos en contextos interculturales desde las pr\u00e1cticas propias del nivel.<\/p>\n<p style=\"text-align: justify;\">\u201cGeneramos a trav\u00e9s de nuestra mesa de g\u00e9nero una invitaci\u00f3n a nuestras kimelfe, directoras, educadoras, t\u00e9cnicos, encargadas, funcionarios y funcionarias de direcci\u00f3n regional, a que podamos reflexionar sobre el papel de la mujer ind\u00edgena en los saberes y en la transmisi\u00f3n de \u00e9stos para nuestros ni\u00f1os y ni\u00f1as en jardines infantiles. Un trabajo mancomunado con nuestro asesor intercultural que nos permite generar distintas instancias de trabajo, en este caso el rol de la mujer en la sociedad\u201d dijo el director regional de Junji, Juan Eduardo Lorca.<\/p>\n<p style=\"text-align: justify;\">Un espacio dado a la reflexi\u00f3n, aprendizaje y di\u00e1logo, que destaca Adri\u00e1n Quinchavil, asesor intercultural de Calidad Educativa: \u201cEn una fecha tan importante, para nosotros como instituci\u00f3n es fundamental generar estas instancias de di\u00e1logo. Hoy conversamos acerca de la historia, del rol que ha tenido la mujer mapuche en la historia de la regi\u00f3n de Ays\u00e9n y as\u00ed tambi\u00e9n destacamos el rol de las kimelfe. Son nuestras educadoras tradicionales que est\u00e1n trabajando en los jardines y que son las herederas de todos los conocimientos que dejaron muchas mujeres ac\u00e1 en la regi\u00f3n que han sido muy importantes\u201d<\/p>\n<p style=\"text-align: justify;\">Adem\u00e1s, un conversatorio que record\u00f3 a Mar\u00eda Elena Antrillao, educadora del JI \u201cMi Peque\u00f1a Estancia\u201d a un familiar muy querido: \u201cUna instancia muy enriquecedora, donde nuestras kimelfe, nos pudieron presentar el trabajo realizado en las distintas unidades educativas, me voy con mucha nostalgia, porque pude conectar con mis ancestros, se destac\u00f3 mi bisabuela Serafina Paiqui, respecto de los conocimientos y aportes que entreg\u00f3 a su cultura\u201d<\/p>\n<p style=\"text-align: justify;\"><strong>Reconocimiento a todas las kimelfe de Junji <\/strong><\/p>\n<p style=\"text-align: justify;\">Desde Puerto Ays\u00e9n viaj\u00f3 Cristina Milipichun, para ser expositora en este conversatorio, ella es kimelfe del JI Lobito Feroz,: \u201cEsta conmemoraci\u00f3n como 5 de septiembre, refleja el avance que han tenido las mujeres ind\u00edgenas a lo largo de toda Latinoam\u00e9rica, creo que revitaliza la cultura, es un legado que nos deja nuestras abuelas, nuestras madres, y ese el trabajo que hacemos en los jardines infantiles es entregar todo ese conocimiento que est\u00e1 presente aun y que con los ni\u00f1os se vuelva a revitalizar\u201d coment\u00f3 Cristina.<\/p>\n<p style=\"text-align: justify;\">Por su parte Alejandra Leiva, kimelfe de JI Arco\u00edris de Coyhaique se\u00f1al\u00f3: \u201cEstas instancias son s\u00faper provechosas, poder conversar entorno a la mujer ind\u00edgena, entorno a la mujer mapuche del territorio, que como lo vimos muchas veces se invisibiliz\u00f3 su cultura, sus tradiciones. Entonces hoy d\u00eda no es un \u201cfeliz d\u00eda\u201d, sino una conmemoraci\u00f3n, de nosotras como mujeres mapuches que trabajamos en educaci\u00f3n Intercultural en primera infancia\u201d<\/p>\n<p style=\"text-align: justify;\">\u201cHa sido muy significativo el d\u00eda de hoy, es volvernos a encontrar, darle la importancia de eso a la mujer ind\u00edgena, desde nuestra hero\u00edna Bartolina Sisa. Ha sido un d\u00eda muy importante para reencontrarnos, de valorarnos, de reconocernos, de querernos. Creo que esos valores no se pueden perder dentro de nuestra cultura, presentar el trabajo que como kimelfe hemos hecho con nuestros ni\u00f1os y ni\u00f1as\u201d coment\u00f3 In\u00e9s Hern\u00e1ndez Igor, kimelfe de JI Mart\u00edn Pescador.<\/p>\n<p style=\"text-align: justify;\"><strong>Mesa de g\u00e9nero regional <\/strong><\/p>\n<p style=\"text-align: justify;\">Abordar el enfoque de g\u00e9nero en la educaci\u00f3n parvularia, implica destacar su rol como un instrumento de transformaci\u00f3n social, que ayude a reconocer los prejuicios y discriminaciones injustas, que hist\u00f3ricamente. En este sentido Gustavo Montiel coment\u00f3: \u201cComo mesa de g\u00e9nero tenemos diversas acciones planificadas, y una de ellas es poder conmemorar este d\u00eda ya que las kimelfe dentro de nuestra instituci\u00f3n tienen un rol super importante, transmitir conocimientos, m\u00e1s responsables con la sociedad\u201d<\/p>\n<p style=\"text-align: justify;\"><strong>\u00a0<\/strong><\/p>\n<\/div><\/section><\/div><div  style='height:50px' class='hr hr-invisible   avia-builder-el-6  el_after_av_one_full  el_before_av_social_share '><span class='hr-inner ' ><span class='hr-inner-style'><\/span><\/span><\/div><\/p>\n<div  class='av-social-sharing-box  avia-builder-el-7  el_after_av_hr  el_before_av_hr  '><div class='av-share-box'><h5 class='av-share-link-description av-no-toc '>Compartir esta noticia<\/h5><ul class='av-share-box-list noLightbox'><li class='av-share-link av-social-link-facebook' ><a target=\"_blank\" aria-label=\"Compartir en Facebook\" href='https:\/\/www.facebook.com\/sharer.php?u=https:\/\/radiorevelacionfm.cl\/?p=46311&#038;t=Junji%20Ays%C3%A9n%20conmemora%20el%20d%C3%ADa%20de%20la%20mujer%20ind%C3%ADgena%20destacando%20la%20labor%20de%20las%20Kimelfe%20con%20un%20conversatorio' aria-hidden='false' data-av_icon='\ue8f3' data-av_iconfont='entypo-fontello' title='' data-avia-related-tooltip='Compartir en Facebook' rel=\"noopener\"><span class='avia_hidden_link_text'>Compartir en Facebook<\/span><\/a><\/li><li class='av-share-link av-social-link-twitter' ><a target=\"_blank\" aria-label=\"Compartir en Twitter\" href='https:\/\/twitter.com\/share?text=Junji%20Ays%C3%A9n%20conmemora%20el%20d%C3%ADa%20de%20la%20mujer%20ind%C3%ADgena%20destacando%20la%20labor%20de%20las%20Kimelfe%20con%20un%20conversatorio&#038;url=https:\/\/radiorevelacionfm.cl\/?p=46311' aria-hidden='false' data-av_icon='\ue8f1' data-av_iconfont='entypo-fontello' title='' data-avia-related-tooltip='Compartir en Twitter' rel=\"noopener\"><span class='avia_hidden_link_text'>Compartir en Twitter<\/span><\/a><\/li><li class='av-share-link av-social-link-whatsapp' ><a target=\"_blank\" aria-label=\"Compartir en Whatsapp\" href='https:\/\/api.whatsapp.com\/send?text=https:\/\/radiorevelacionfm.cl\/?p=46311' aria-hidden='false' data-av_icon='\uf232' data-av_iconfont='entypo-fontello' title='' data-avia-related-tooltip='Compartir en Whatsapp' rel=\"noopener\"><span class='avia_hidden_link_text'>Compartir en Whatsapp<\/span><\/a><\/li><li class='av-share-link av-social-link-linkedin' ><a target=\"_blank\" aria-label=\"Compartir en LinkedIn\" href='https:\/\/linkedin.com\/shareArticle?mini=true&#038;title=Junji%20Ays%C3%A9n%20conmemora%20el%20d%C3%ADa%20de%20la%20mujer%20ind%C3%ADgena%20destacando%20la%20labor%20de%20las%20Kimelfe%20con%20un%20conversatorio&#038;url=https:\/\/radiorevelacionfm.cl\/?p=46311' aria-hidden='false' data-av_icon='\ue8fc' data-av_iconfont='entypo-fontello' title='' data-avia-related-tooltip='Compartir en LinkedIn' rel=\"noopener\"><span class='avia_hidden_link_text'>Compartir en LinkedIn<\/span><\/a><\/li><li class='av-share-link av-social-link-mail' ><a  aria-label=\"Compartir por correo\" href='mailto:?subject=Junji%20Ays%C3%A9n%20conmemora%20el%20d%C3%ADa%20de%20la%20mujer%20ind%C3%ADgena%20destacando%20la%20labor%20de%20las%20Kimelfe%20con%20un%20conversatorio&#038;body=https:\/\/radiorevelacionfm.cl\/?p=46311' aria-hidden='false' data-av_icon='\ue805' data-av_iconfont='entypo-fontello' title='' data-avia-related-tooltip='Compartir por correo'><span class='avia_hidden_link_text'>Compartir por correo<\/span><\/a><\/li><\/ul><\/div><\/div>\n<div  style='height:50px' class='hr hr-invisible   avia-builder-el-8  el_after_av_social_share  el_before_av_comments_list '><span class='hr-inner ' ><span class='hr-inner-style'><\/span><\/span><\/div>\n<div  class='av-buildercomment  av-blog-meta-html-info-disabled av-blog-meta-tag-disabled  '><\/div>\n","protected":false},"excerpt":{"rendered":"","protected":false},"author":1,"featured_media":46312,"comment_status":"open","ping_status":"open","sticky":false,"template":"","format":"standard","meta":{"footnotes":""},"categories":[49],"tags":[],"class_list":["post-46311","post","type-post","status-publish","format-standard","has-post-thumbnail","hentry","category-educacion"],"jetpack_featured_media_url":"https:\/\/radiorevelacionfm.cl\/wp-content\/uploads\/2024\/09\/img_9233-1_optimized.jpg","_links":{"self":[{"href":"https:\/\/radiorevelacionfm.cl\/index.php?rest_route=\/wp\/v2\/posts\/46311","targetHints":{"allow":["GET"]}}],"collection":[{"href":"https:\/\/radiorevelacionfm.cl\/index.php?rest_route=\/wp\/v2\/posts"}],"about":[{"href":"https:\/\/radiorevelacionfm.cl\/index.php?rest_route=\/wp\/v2\/types\/post"}],"author":[{"embeddable":true,"href":"https:\/\/radiorevelacionfm.cl\/index.php?rest_route=\/wp\/v2\/users\/1"}],"replies":[{"embeddable":true,"href":"https:\/\/radiorevelacionfm.cl\/index.php?rest_route=%2Fwp%2Fv2%2Fcomments&post=46311"}],"version-history":[{"count":1,"href":"https:\/\/radiorevelacionfm.cl\/index.php?rest_route=\/wp\/v2\/posts\/46311\/revisions"}],"predecessor-version":[{"id":46313,"href":"https:\/\/radiorevelacionfm.cl\/index.php?rest_route=\/wp\/v2\/posts\/46311\/revisions\/46313"}],"wp:featuredmedia":[{"embeddable":true,"href":"https:\/\/radiorevelacionfm.cl\/index.php?rest_route=\/wp\/v2\/media\/46312"}],"wp:attachment":[{"href":"https:\/\/radiorevelacionfm.cl\/index.php?rest_route=%2Fwp%2Fv2%2Fmedia&parent=46311"}],"wp:term":[{"taxonomy":"category","embeddable":true,"href":"https:\/\/radiorevelacionfm.cl\/index.php?rest_route=%2Fwp%2Fv2%2Fcategories&post=46311"},{"taxonomy":"post_tag","embeddable":true,"href":"https:\/\/radiorevelacionfm.cl\/index.php?rest_route=%2Fwp%2Fv2%2Ftags&post=46311"}],"curies":[{"name":"wp","href":"https:\/\/api.w.org\/{rel}","templated":true}]}}