{"id":46308,"date":"2024-09-17T09:58:58","date_gmt":"2024-09-17T12:58:58","guid":{"rendered":"https:\/\/radiorevelacionfm.cl\/?p=46308"},"modified":"2024-09-17T09:58:58","modified_gmt":"2024-09-17T12:58:58","slug":"puerto-aysen-autoridades-constataron-normal-funcionamiento-de-instalaciones-para-fiestas-patrias","status":"publish","type":"post","link":"https:\/\/radiorevelacionfm.cl\/?p=46308","title":{"rendered":"Puerto Ays\u00e9n: Autoridades constataron normal funcionamiento de instalaciones para Fiestas Patrias"},"content":{"rendered":"<div class=\"flex_column av_one_full  flex_column_div av-zero-column-padding first  avia-builder-el-0  el_before_av_one_full  avia-builder-el-first  \" style='border-radius:0px; '><div  class='avia-image-container  av-styling-    avia-builder-el-1  avia-builder-el-no-sibling  avia-align-center '  itemprop=\"image\" itemscope=\"itemscope\" itemtype=\"https:\/\/schema.org\/ImageObject\"  ><div class='avia-image-container-inner'><div class='avia-image-overlay-wrap'><img decoding=\"async\" class='wp-image-46309 avia-img-lazy-loading-not-46309 avia_image' src=\"https:\/\/radiorevelacionfm.cl\/wp-content\/uploads\/2024\/09\/previa-fp-3-1_optimized.jpg\" alt='' title='previa-fp-3-(1)_optimized' height=\"600\" width=\"800\"  itemprop=\"thumbnailUrl\" srcset=\"https:\/\/radiorevelacionfm.cl\/wp-content\/uploads\/2024\/09\/previa-fp-3-1_optimized.jpg 800w, https:\/\/radiorevelacionfm.cl\/wp-content\/uploads\/2024\/09\/previa-fp-3-1_optimized-300x225.jpg 300w, https:\/\/radiorevelacionfm.cl\/wp-content\/uploads\/2024\/09\/previa-fp-3-1_optimized-768x576.jpg 768w, https:\/\/radiorevelacionfm.cl\/wp-content\/uploads\/2024\/09\/previa-fp-3-1_optimized-705x529.jpg 705w, https:\/\/radiorevelacionfm.cl\/wp-content\/uploads\/2024\/09\/previa-fp-3-1_optimized-450x338.jpg 450w, https:\/\/radiorevelacionfm.cl\/wp-content\/uploads\/2024\/09\/previa-fp-3-1_optimized-600x450.jpg 600w\" sizes=\"(max-width: 800px) 100vw, 800px\" \/><\/div><\/div><\/div><\/div><div class=\"flex_column av_one_full  flex_column_div av-zero-column-padding first  avia-builder-el-2  el_after_av_one_full  el_before_av_one_full  column-top-margin\" style='border-radius:0px; '><section class=\"av_textblock_section \"  itemscope=\"itemscope\" itemtype=\"https:\/\/schema.org\/BlogPosting\" itemprop=\"blogPost\" ><div class='avia_textblock  '   itemprop=\"text\" ><p style=\"text-align: center;\"><strong><span style=\"font-size: 18pt;\">Puerto Ays\u00e9n: Autoridades constataron normal funcionamiento de instalaciones para Fiestas Patrias <\/span><\/strong><\/p>\n<div id=\"gtx-trans\" style=\"position: absolute; left: -50px; top: 4.31534px;\">\n<div class=\"gtx-trans-icon\"><\/div>\n<\/div>\n<\/div><\/section><\/div><div class=\"flex_column av_one_full  flex_column_div av-zero-column-padding first  avia-builder-el-4  el_after_av_one_full  el_before_av_hr  column-top-margin\" style='border-radius:0px; '><section class=\"av_textblock_section \"  itemscope=\"itemscope\" itemtype=\"https:\/\/schema.org\/BlogPosting\" itemprop=\"blogPost\" ><div class='avia_textblock  '   itemprop=\"text\" ><p style=\"text-align: justify;\">Durante la jornada de este lunes, autoridades encabezadas por el alcalde de la comuna de Ays\u00e9n, Julio Uribe, el delegado presidencial provincial, Jorge D\u00edaz, el Comisario de Ays\u00e9n, Patricio Parada y el director regional de la Superintendencia de Electricidad y Combustible, Hugo Ardiles, llegaron hasta el parque municipal, principal centro de fondas y ramadas de la porte\u00f1a ciudad, con el objetivo de constatar el normal funcionamiento del recinto y la seguridad del mismo.<\/p>\n<p style=\"text-align: justify;\">El jefe comunal, alcalde Julio Uribe, valor\u00f3 el enorme trabajo de los funcionarios que habilitar el sector, que realizaron una gran labor para que los puestos sean todos uniformes y cuenten con los servicios b\u00e1sicos para atender a la comunidad. Adem\u00e1s, garantizar la seguridad es fundamental para que nuestra comunidad disfrute tranquilamente de estas festividades, indic\u00f3 el edil.<\/p>\n<p style=\"text-align: justify;\">En tanto el delegado presidencial provincial de Ays\u00e9n, Jorge D\u00edaz, remarc\u00f3 que las medidas de seguridad est\u00e1n establecidas, ha existido un trabajo mancomunado con el Municipio y Carabineros, por lo tanto, el llamado a la ciudadan\u00eda es a celebrar con responsabilidad y a privilegiar el autocuidado.<\/p>\n<p style=\"text-align: justify;\">Por su parte, el Comisario de Ays\u00e9n, Mayor Patricio Parada, indic\u00f3 que ya desde hace varios meses se han estado realizado reuniones de coordinaci\u00f3n, tendientes a brindar seguridad a las familias que visitan el recinto ramadas, como as\u00ed tambi\u00e9n, a los propios ramaderos que trabajaran los d\u00edas 18, 19 y 20 de septiembre en Puerto Ays\u00e9n.<\/p>\n<p style=\"text-align: justify;\">El recinto y los puestos instaladas en el parque municipal fueron inspeccionados por el director regional de la Superintendencia de Electricidad y Combustible, Hugo Ardiles, quien verific\u00f3 que aquellas instalaciones que ya est\u00e1n finalizadas se encuentran funcionando sin problemas, existiendo otras que, deben ser verificadas por las autoridades locales, antes de que inicien su atenci\u00f3n a p\u00fablico.<\/p>\n<\/div><\/section><\/div><div  style='height:50px' class='hr hr-invisible   avia-builder-el-6  el_after_av_one_full  el_before_av_social_share '><span class='hr-inner ' ><span class='hr-inner-style'><\/span><\/span><\/div><\/p>\n<div  class='av-social-sharing-box  avia-builder-el-7  el_after_av_hr  el_before_av_hr  '><div class='av-share-box'><h5 class='av-share-link-description av-no-toc '>Compartir esta noticia<\/h5><ul class='av-share-box-list noLightbox'><li class='av-share-link av-social-link-facebook' ><a target=\"_blank\" aria-label=\"Compartir en Facebook\" href='https:\/\/www.facebook.com\/sharer.php?u=https:\/\/radiorevelacionfm.cl\/?p=46308&#038;t=Puerto%20Ays%C3%A9n%3A%20Autoridades%20constataron%20normal%20funcionamiento%20de%20instalaciones%20para%20Fiestas%20Patrias' aria-hidden='false' data-av_icon='\ue8f3' data-av_iconfont='entypo-fontello' title='' data-avia-related-tooltip='Compartir en Facebook' rel=\"noopener\"><span class='avia_hidden_link_text'>Compartir en Facebook<\/span><\/a><\/li><li class='av-share-link av-social-link-twitter' ><a target=\"_blank\" aria-label=\"Compartir en Twitter\" href='https:\/\/twitter.com\/share?text=Puerto%20Ays%C3%A9n%3A%20Autoridades%20constataron%20normal%20funcionamiento%20de%20instalaciones%20para%20Fiestas%20Patrias&#038;url=https:\/\/radiorevelacionfm.cl\/?p=46308' aria-hidden='false' data-av_icon='\ue8f1' data-av_iconfont='entypo-fontello' title='' data-avia-related-tooltip='Compartir en Twitter' rel=\"noopener\"><span class='avia_hidden_link_text'>Compartir en Twitter<\/span><\/a><\/li><li class='av-share-link av-social-link-whatsapp' ><a target=\"_blank\" aria-label=\"Compartir en Whatsapp\" href='https:\/\/api.whatsapp.com\/send?text=https:\/\/radiorevelacionfm.cl\/?p=46308' aria-hidden='false' data-av_icon='\uf232' data-av_iconfont='entypo-fontello' title='' data-avia-related-tooltip='Compartir en Whatsapp' rel=\"noopener\"><span class='avia_hidden_link_text'>Compartir en Whatsapp<\/span><\/a><\/li><li class='av-share-link av-social-link-linkedin' ><a target=\"_blank\" aria-label=\"Compartir en LinkedIn\" href='https:\/\/linkedin.com\/shareArticle?mini=true&#038;title=Puerto%20Ays%C3%A9n%3A%20Autoridades%20constataron%20normal%20funcionamiento%20de%20instalaciones%20para%20Fiestas%20Patrias&#038;url=https:\/\/radiorevelacionfm.cl\/?p=46308' aria-hidden='false' data-av_icon='\ue8fc' data-av_iconfont='entypo-fontello' title='' data-avia-related-tooltip='Compartir en LinkedIn' rel=\"noopener\"><span class='avia_hidden_link_text'>Compartir en LinkedIn<\/span><\/a><\/li><li class='av-share-link av-social-link-mail' ><a  aria-label=\"Compartir por correo\" href='mailto:?subject=Puerto%20Ays%C3%A9n%3A%20Autoridades%20constataron%20normal%20funcionamiento%20de%20instalaciones%20para%20Fiestas%20Patrias&#038;body=https:\/\/radiorevelacionfm.cl\/?p=46308' aria-hidden='false' data-av_icon='\ue805' data-av_iconfont='entypo-fontello' title='' data-avia-related-tooltip='Compartir por correo'><span class='avia_hidden_link_text'>Compartir por correo<\/span><\/a><\/li><\/ul><\/div><\/div>\n<div  style='height:50px' class='hr hr-invisible   avia-builder-el-8  el_after_av_social_share  el_before_av_comments_list '><span class='hr-inner ' ><span class='hr-inner-style'><\/span><\/span><\/div>\n<div  class='av-buildercomment  av-blog-meta-html-info-disabled av-blog-meta-tag-disabled  '><\/div>\n","protected":false},"excerpt":{"rendered":"","protected":false},"author":1,"featured_media":46309,"comment_status":"open","ping_status":"open","sticky":false,"template":"","format":"standard","meta":{"footnotes":""},"categories":[38],"tags":[],"class_list":["post-46308","post","type-post","status-publish","format-standard","has-post-thumbnail","hentry","category-regional"],"jetpack_featured_media_url":"https:\/\/radiorevelacionfm.cl\/wp-content\/uploads\/2024\/09\/previa-fp-3-1_optimized.jpg","_links":{"self":[{"href":"https:\/\/radiorevelacionfm.cl\/index.php?rest_route=\/wp\/v2\/posts\/46308","targetHints":{"allow":["GET"]}}],"collection":[{"href":"https:\/\/radiorevelacionfm.cl\/index.php?rest_route=\/wp\/v2\/posts"}],"about":[{"href":"https:\/\/radiorevelacionfm.cl\/index.php?rest_route=\/wp\/v2\/types\/post"}],"author":[{"embeddable":true,"href":"https:\/\/radiorevelacionfm.cl\/index.php?rest_route=\/wp\/v2\/users\/1"}],"replies":[{"embeddable":true,"href":"https:\/\/radiorevelacionfm.cl\/index.php?rest_route=%2Fwp%2Fv2%2Fcomments&post=46308"}],"version-history":[{"count":1,"href":"https:\/\/radiorevelacionfm.cl\/index.php?rest_route=\/wp\/v2\/posts\/46308\/revisions"}],"predecessor-version":[{"id":46310,"href":"https:\/\/radiorevelacionfm.cl\/index.php?rest_route=\/wp\/v2\/posts\/46308\/revisions\/46310"}],"wp:featuredmedia":[{"embeddable":true,"href":"https:\/\/radiorevelacionfm.cl\/index.php?rest_route=\/wp\/v2\/media\/46309"}],"wp:attachment":[{"href":"https:\/\/radiorevelacionfm.cl\/index.php?rest_route=%2Fwp%2Fv2%2Fmedia&parent=46308"}],"wp:term":[{"taxonomy":"category","embeddable":true,"href":"https:\/\/radiorevelacionfm.cl\/index.php?rest_route=%2Fwp%2Fv2%2Fcategories&post=46308"},{"taxonomy":"post_tag","embeddable":true,"href":"https:\/\/radiorevelacionfm.cl\/index.php?rest_route=%2Fwp%2Fv2%2Ftags&post=46308"}],"curies":[{"name":"wp","href":"https:\/\/api.w.org\/{rel}","templated":true}]}}